{"id":21416,"date":"2024-11-27T09:48:20","date_gmt":"2024-11-27T08:48:20","guid":{"rendered":"https:\/\/wncri.org\/fr\/?p=21416"},"modified":"2024-11-27T13:12:54","modified_gmt":"2024-11-27T12:12:54","slug":"21-prisonnieres-privees-de-visites","status":"publish","type":"post","link":"https:\/\/wncri.org\/fr\/2024\/11\/27\/21-prisonnieres-privees-de-visites\/","title":{"rendered":"Iran\u00a0: 21 prisonni\u00e8res politiques d\u2019Evine priv\u00e9es de visites pour avoir comm\u00e9mor\u00e9 le soul\u00e8vement de novembre 2019 et protest\u00e9 contre les ex\u00e9cutions"},"content":{"rendered":"\n<h2 class=\"wp-block-heading\"><strong>Iran&nbsp;: 21 prisonni\u00e8res politiques d\u2019Evine priv\u00e9es de visites pour avoir comm\u00e9mor\u00e9 le soul\u00e8vement de novembre 2019 et protest\u00e9 contre les ex\u00e9cutions<\/strong><\/h2>\n\n\n\n<p>Le mardi 26 novembre 2024, Farzadi, directeur de <a href=\"https:\/\/wncri.org\/fr\/2021\/12\/10\/les-conditions-des-femmes-prisons\/\" target=\"_blank\" rel=\"noreferrer noopener\">la prison d&#8217;Evine<\/a> \u00e0 T\u00e9h\u00e9ran, a inform\u00e9 21 prisonni\u00e8res politiques qu&#8217;elles seraient priv\u00e9es de visites pendant trois semaines.<\/p>\n\n\n\n<p>La raison de cette d\u00e9cision cruelle du conseil disciplinaire p\u00e9nitentiaire est la \u00ab perturbation de l&#8217;ordre carc\u00e9ral \u00bb parce <a href=\"https:\/\/news.mojahedin.org\/i\/%D8%B2%D9%86%D8%AF%D8%A7%D9%86-%D8%A7%D9%88%DB%8C%D9%86-%D8%AA%D8%AC%D9%85%D8%B9-%D8%B4%D8%B9%D8%A7%D8%B1%D9%87%D8%A7%DB%8C-%D8%B2%D9%86%D8%AF%D8%A7%D9%86%DB%8C-%D8%B3%DB%8C%D8%A7%D8%B3%DB%8C-%D8%AD%DB%8C%D8%A7%D8%B7-%D8%A8%D9%86%D8%AF-%D8%B2%D9%86%D8%A7%D9%86-%D8%B3%D8%A7%D9%84%DA%AF%D8%B1%D8%AF-%D9%82%DB%8C%D8%A7%D9%85-%DA%A9%D8%A8%DB%8C%D8%B1-%D8%A2%D8%A8%D8%A7%D9%86\" target=\"_blank\" rel=\"noreferrer noopener\">qu\u2019elles ont c\u00e9l\u00e9br\u00e9<\/a> l&#8217;anniversaire du <a href=\"https:\/\/wncri.org\/fr\/2024\/11\/14\/novembre-2019-le-soulevement\/\" target=\"_blank\" rel=\"noreferrer noopener\">soul\u00e8vement de novembre 2019<\/a> et lanc\u00e9 des slogans contre les ex\u00e9cutions.<\/p>\n\n\n\n<p>La commission des Femmes du Conseil national de la R\u00e9sistance iranienne condamne fermement les mesures r\u00e9pressives du r\u00e9gime misogyne des mollahs contre les prisonni\u00e8res politiques. Elle appelle <a href=\"https:\/\/www.ohchr.org\/fr\/special-procedures\/sr-violence-against-women\" target=\"_blank\" rel=\"noreferrer noopener\">la rapporteuse sur la violence contre les femmes<\/a> et <a href=\"https:\/\/www.ohchr.org\/fr\/special-procedures\/sr-violence-against-women\" target=\"_blank\" rel=\"noreferrer noopener\">la rapporteuse sp\u00e9ciale sur la situation des droits de l&#8217;homme en Iran<\/a>, ainsi que ainsi que la mission d&#8217;enqu\u00eate des Nations Unies, les autres rapporteurs concern\u00e9s et les organisations de d\u00e9fense des droits humains et des droits des femmes, \u00e0 prendre des mesures imm\u00e9diates pour annuler les restrictions cruelles et les pressions inhumaines visant les prisonniers politiques, en particulier les femmes.<\/p>\n\n\n\n<p class=\"has-text-align-center\"><strong>Commission des Femmes du Conseil national de la R\u00e9sistance iranienne<\/strong><\/p>\n\n\n\n<p class=\"has-text-align-center\"><strong>Le 27 novembre 2024<\/strong><strong><\/strong><\/p>\n\n\n\n<p><\/p>\n","protected":false},"excerpt":{"rendered":"<p>Iran&nbsp;: 21 prisonni\u00e8res politiques d\u2019Evine priv\u00e9es de visites pour avoir comm\u00e9mor\u00e9 le soul\u00e8vement de novembre 2019 et protest\u00e9 contre les ex\u00e9cutions Le mardi 26 novembre 2024, Farzadi, directeur de la prison d&#8217;Evine \u00e0 T\u00e9h\u00e9ran, a inform\u00e9 21 prisonni\u00e8res politiques qu&#8217;elles seraient priv\u00e9es de visites pendant trois semaines. La raison de cette d\u00e9cision cruelle du conseil [&hellip;]<\/p>\n","protected":false},"author":4,"featured_media":11694,"comment_status":"closed","ping_status":"closed","sticky":false,"template":"","format":"standard","meta":{"jnews-multi-image_gallery":[],"jnews_single_post":{"format":"standard"},"jnews_primary_category":[],"jnews_social_meta":[],"jnews_override_counter":[],"footnotes":""},"categories":[5],"tags":[369,370],"class_list":["post-21416","post","type-post","status-publish","format-standard","has-post-thumbnail","hentry","category-communiques","tag-manifestations","tag-prisonnieres"],"_links":{"self":[{"href":"https:\/\/wncri.org\/fr\/wp-json\/wp\/v2\/posts\/21416","targetHints":{"allow":["GET"]}}],"collection":[{"href":"https:\/\/wncri.org\/fr\/wp-json\/wp\/v2\/posts"}],"about":[{"href":"https:\/\/wncri.org\/fr\/wp-json\/wp\/v2\/types\/post"}],"author":[{"embeddable":true,"href":"https:\/\/wncri.org\/fr\/wp-json\/wp\/v2\/users\/4"}],"replies":[{"embeddable":true,"href":"https:\/\/wncri.org\/fr\/wp-json\/wp\/v2\/comments?post=21416"}],"version-history":[{"count":3,"href":"https:\/\/wncri.org\/fr\/wp-json\/wp\/v2\/posts\/21416\/revisions"}],"predecessor-version":[{"id":21419,"href":"https:\/\/wncri.org\/fr\/wp-json\/wp\/v2\/posts\/21416\/revisions\/21419"}],"wp:featuredmedia":[{"embeddable":true,"href":"https:\/\/wncri.org\/fr\/wp-json\/wp\/v2\/media\/11694"}],"wp:attachment":[{"href":"https:\/\/wncri.org\/fr\/wp-json\/wp\/v2\/media?parent=21416"}],"wp:term":[{"taxonomy":"category","embeddable":true,"href":"https:\/\/wncri.org\/fr\/wp-json\/wp\/v2\/categories?post=21416"},{"taxonomy":"post_tag","embeddable":true,"href":"https:\/\/wncri.org\/fr\/wp-json\/wp\/v2\/tags?post=21416"}],"curies":[{"name":"wp","href":"https:\/\/api.w.org\/{rel}","templated":true}]}}