{"id":21362,"date":"2024-11-19T15:30:14","date_gmt":"2024-11-19T14:30:14","guid":{"rendered":"https:\/\/wncri.org\/fr\/?p=21362"},"modified":"2024-11-19T15:30:17","modified_gmt":"2024-11-19T14:30:17","slug":"nasimeh-eslam-zehi-et-son-bebe-de-7-mois","status":"publish","type":"post","link":"https:\/\/wncri.org\/fr\/2024\/11\/19\/nasimeh-eslam-zehi-et-son-bebe-de-7-mois\/","title":{"rendered":"Nasimeh Eslam Zehi et son b\u00e9b\u00e9 de 7 mois d\u00e9tenus \u00e0 la prison d&#8217;Evin en Iran depuis plus de 400 jours"},"content":{"rendered":"\n<h4 class=\"wp-block-heading\">Depuis plus de 400 jours, Nasimeh Eslam Zehi est <a href=\"https:\/\/wncri.org\/fr\/2024\/07\/13\/nasimeh-eslamzehi\/\" target=\"_blank\" rel=\"noreferrer noopener\">d\u00e9tenue sans inculpation officielle<\/a>, partageant un espace exigu dans la tristement c\u00e9l\u00e8bre prison d&#8217;Evin \u00e0 T\u00e9h\u00e9ran avec sa fille de 7 mois, Tasnim. Son cas met en lumi\u00e8re les violations constantes des droits de l&#8217;homme commises par le r\u00e9gime iranien, qui s&#8217;en prend impun\u00e9ment aux femmes, aux enfants et aux minorit\u00e9s religieuses.<\/h4>\n\n\n\n<p>Nasimeh Eslam Zehi, \u00e2g\u00e9e d&#8217;environ 40 ans, est \u00e9galement m\u00e8re d&#8217;une fille de 2 ans, Ayesha, qui a \u00e9t\u00e9 s\u00e9par\u00e9e d&#8217;elle lors de son arrestation en septembre 2023. Les autorit\u00e9s ont affirm\u00e9 que l&#8217;enfant avait \u00e9t\u00e9 confi\u00e9e \u00e0 l&#8217;Organisation iranienne de protection sociale, mais malgr\u00e9 des demandes r\u00e9p\u00e9t\u00e9es, Nasimeh n&#8217;a pas \u00e9t\u00e9 autoris\u00e9e \u00e0 la voir.<\/p>\n\n\n\n<h3 class=\"wp-block-heading\"><strong>Arrestation et d\u00e9tention<\/strong><\/h3>\n\n\n\n<p>Nasimeh Eslam Zehi et son mari, Arsalan Sheikhi, tous deux musulmans sunnites, ont \u00e9t\u00e9 arr\u00eat\u00e9s \u00e0 Malard, une ville de la province de T\u00e9h\u00e9ran, en septembre 2023. Apr\u00e8s leur arrestation, ils ont \u00e9t\u00e9 transf\u00e9r\u00e9s \u00e0 <a href=\"https:\/\/fr.wikipedia.org\/wiki\/Zahedan\" target=\"_blank\" rel=\"noreferrer noopener\">Zaheda<\/a><a href=\"https:\/\/fr.wikipedia.org\/wiki\/Zahedan\" target=\"_blank\" rel=\"noopener\">n<\/a>, une ville du sud-est de l&#8217;Iran et la capitale de la province de Sistan et Baloutchestan, pour y \u00eatre interrog\u00e9s. Zahedan est un foyer d&#8217;activisme sunnite et a souvent \u00e9t\u00e9 la cible de mesures de r\u00e9pression de la part du gouvernement.<\/p>\n\n\n\n<p>Bien qu&#8217;ils soient d\u00e9tenus depuis plus d&#8217;un an, ni Nasimeh ni Arsalan n&#8217;ont \u00e9t\u00e9 officiellement inculp\u00e9s ou jug\u00e9s. Nasimeh Eslam Zehi a ensuite \u00e9t\u00e9 transf\u00e9r\u00e9e dans la section de quarantaine du quartier des femmes de la prison d&#8217;Evin, \u00e0 T\u00e9h\u00e9ran, o\u00f9 elle a donn\u00e9 naissance \u00e0 Tasnim \u00e0 la fin du mois d&#8217;avril 2024.<\/p>\n\n\n\n<h3 class=\"wp-block-heading\"><strong>Conditions de vie<\/strong><\/h3>\n\n\n\n<p>Pendant les 40 premiers jours de la vie de Tasnim, la m\u00e8re et le nouveau-n\u00e9 ont \u00e9t\u00e9 confin\u00e9s dans une petite cellule d&#8217;isolement mal ventil\u00e9e et mal \u00e9clair\u00e9e. Elles ont ensuite \u00e9t\u00e9 transf\u00e9r\u00e9es dans la section de quarantaine du <a href=\"https:\/\/wncri.org\/fr\/2021\/12\/10\/les-conditions-des-femmes-prisons\/\" target=\"_blank\" rel=\"noreferrer noopener\">quartier des femmes d&#8217;Evin<\/a>. Les conditions de d\u00e9tention dans ce quartier &#8211; une pi\u00e8ce de seulement 12 m\u00e8tres carr\u00e9s avec 3 lits &#8211; pr\u00e9sentent de graves risques pour la sant\u00e9 physique et mentale des d\u00e9tenues, en particulier pour celle d&#8217;un enfant vuln\u00e9rable.<\/p>\n\n\n\n<p>La pr\u00e9sence de Tasnim dans un tel environnement, priv\u00e9 de soins et de ressources appropri\u00e9s, souligne le m\u00e9pris du r\u00e9gime iranien pour les droits fondamentaux des enfants. Les experts pr\u00e9viennent que ces conditions pourraient avoir des cons\u00e9quences \u00e0 long terme sur le d\u00e9veloppement du b\u00e9b\u00e9.<\/p>\n\n\n\n<h3 class=\"wp-block-heading\"><strong>Autres d\u00e9tenues dans la quarantaine pour femmes<\/strong><\/h3>\n\n\n\n<p>Nasimeh Eslam Zehi et Tasnim partagent la salle de quarantaine avec 6 autres d\u00e9tenues, toutes \u00e9trang\u00e8res et originaires de pays tels que le Tadjikistan, l&#8217;Inde et la Jordanie. Parmi eux se trouvent deux soeurs de 19 ans, Ayesha Rezai Waow et Khadija Rezai Waow, qui ont \u00e9t\u00e9 arr\u00eat\u00e9es avec leur m\u00e8re, Bornagul Abdullah Waow, et trois autres femmes : Zahra Zafar, Eslam Bani Hassani et Hajar Zaboli.<\/p>\n\n\n\n<p>Ces femmes ont \u00e9t\u00e9 transf\u00e9r\u00e9es \u00e0 la prison d&#8217;Evin le 25 septembre 2024, v\u00eatues de burqas, et sont \u00e9galement d\u00e9tenues sans charges claires. Elles sont soumises \u00e0 de s\u00e9v\u00e8res restrictions, notamment en ce qui concerne les appels t\u00e9l\u00e9phoniques.<\/p>\n\n\n\n<h3 class=\"wp-block-heading\"><strong>Implications plus larges<\/strong><\/h3>\n\n\n\n<p>Le r\u00e9gime iranien a l&#8217;habitude de s&#8217;en prendre aux groupes minoritaires, en particulier aux musulmans sunnites, aux Baloutches et aux ressortissants \u00e9trangers, qu&#8217;il accuse souvent de vagues \u00ab menaces pour la s\u00e9curit\u00e9 \u00bb. Le cas de Nasimeh Eslam Zehi et de sa famille illustre les tactiques brutales du r\u00e9gime : d\u00e9tention ind\u00e9finie, s\u00e9parations forc\u00e9es et conditions de d\u00e9tention \u00e9pouvantables con\u00e7ues pour briser l&#8217;esprit des d\u00e9tenus.<\/p>\n\n\n\n<p>La s\u00e9paration continue de Nasimeh Eslam Zehi avec sa fille de 2 ans et l&#8217;emprisonnement forc\u00e9 de son nouveau-n\u00e9 soulignent l&#8217;\u00e9tendue de l&#8217;inhumanit\u00e9 du r\u00e9gime. La pr\u00e9sence de Tasnim \u00e0 la prison d&#8217;Evin rappelle brutalement la volont\u00e9 du r\u00e9gime iranien d&#8217;exploiter m\u00eame les plus jeunes et les plus vuln\u00e9rables dans sa qu\u00eate de contr\u00f4le.<\/p>\n","protected":false},"excerpt":{"rendered":"<p>Depuis plus de 400 jours, Nasimeh Eslam Zehi est d\u00e9tenue sans inculpation officielle, partageant un espace exigu dans la tristement c\u00e9l\u00e8bre prison d&#8217;Evin \u00e0 T\u00e9h\u00e9ran avec sa fille de 7 mois, Tasnim. Son cas met en lumi\u00e8re les violations constantes des droits de l&#8217;homme commises par le r\u00e9gime iranien, qui s&#8217;en prend impun\u00e9ment aux femmes, [&hellip;]<\/p>\n","protected":false},"author":4,"featured_media":21363,"comment_status":"closed","ping_status":"closed","sticky":false,"template":"","format":"standard","meta":{"jnews-multi-image_gallery":[],"jnews_single_post":{"format":"standard"},"jnews_primary_category":[],"jnews_social_meta":[],"jnews_override_counter":[],"footnotes":""},"categories":[3],"tags":[370],"class_list":["post-21362","post","type-post","status-publish","format-standard","has-post-thumbnail","hentry","category-infos-des-femmes","tag-prisonnieres"],"_links":{"self":[{"href":"https:\/\/wncri.org\/fr\/wp-json\/wp\/v2\/posts\/21362","targetHints":{"allow":["GET"]}}],"collection":[{"href":"https:\/\/wncri.org\/fr\/wp-json\/wp\/v2\/posts"}],"about":[{"href":"https:\/\/wncri.org\/fr\/wp-json\/wp\/v2\/types\/post"}],"author":[{"embeddable":true,"href":"https:\/\/wncri.org\/fr\/wp-json\/wp\/v2\/users\/4"}],"replies":[{"embeddable":true,"href":"https:\/\/wncri.org\/fr\/wp-json\/wp\/v2\/comments?post=21362"}],"version-history":[{"count":1,"href":"https:\/\/wncri.org\/fr\/wp-json\/wp\/v2\/posts\/21362\/revisions"}],"predecessor-version":[{"id":21364,"href":"https:\/\/wncri.org\/fr\/wp-json\/wp\/v2\/posts\/21362\/revisions\/21364"}],"wp:featuredmedia":[{"embeddable":true,"href":"https:\/\/wncri.org\/fr\/wp-json\/wp\/v2\/media\/21363"}],"wp:attachment":[{"href":"https:\/\/wncri.org\/fr\/wp-json\/wp\/v2\/media?parent=21362"}],"wp:term":[{"taxonomy":"category","embeddable":true,"href":"https:\/\/wncri.org\/fr\/wp-json\/wp\/v2\/categories?post=21362"},{"taxonomy":"post_tag","embeddable":true,"href":"https:\/\/wncri.org\/fr\/wp-json\/wp\/v2\/tags?post=21362"}],"curies":[{"name":"wp","href":"https:\/\/api.w.org\/{rel}","templated":true}]}}