{"id":21359,"date":"2024-11-18T23:58:59","date_gmt":"2024-11-18T22:58:59","guid":{"rendered":"https:\/\/wncri.org\/fr\/?p=21359"},"modified":"2024-11-18T23:59:02","modified_gmt":"2024-11-18T22:59:02","slug":"zahra-rezaei","status":"publish","type":"post","link":"https:\/\/wncri.org\/fr\/2024\/11\/18\/zahra-rezaei\/","title":{"rendered":"La militante politique Zahra Rezaei est condamn\u00e9e \u00e0 une peine de prison tr\u00e8s s\u00e9v\u00e8re\u00a0"},"content":{"rendered":"\n<h3 class=\"wp-block-heading\"><strong>D\u00e9tention et transfert \u00e0 la prison de Qarchak&nbsp;<\/strong><\/h3>\n\n\n\n<p>Le samedi 16 novembre 2024, Zahra Rezaei, une militante politique, a \u00e9t\u00e9 arr\u00eat\u00e9e apr\u00e8s s&#8217;\u00eatre pr\u00e9sent\u00e9e \u00e0 la section d&#8217;application des lois du bureau du procureur d&#8217;Evin pour commencer \u00e0 purger sa peine de 14 mois d&#8217;emprisonnement. Apr\u00e8s son arrestation, elle a \u00e9t\u00e9 transf\u00e9r\u00e9e \u00e0 la tristement c\u00e9l\u00e8bre prison de Qarchak \u00e0 <a href=\"https:\/\/fr.wikipedia.org\/wiki\/Varamin\" target=\"_blank\" rel=\"noreferrer noopener\">Varamin<\/a>.\u00a0<\/p>\n\n\n\n<h3 class=\"wp-block-heading\"><strong>Le statut de prisonni\u00e8re politique lui est refus\u00e9&nbsp;<\/strong><\/h3>\n\n\n\n<p>Zahra Rezaei a d&#8217;abord \u00e9t\u00e9 d\u00e9tenue dans la section de quarantaine de la prison d&#8217;Evin. Elle a ensuite \u00e9t\u00e9 transf\u00e9r\u00e9e \u00e0 la <a href=\"https:\/\/wncri.org\/fr\/2020\/04\/20\/regard-sur-la-situation-tragique-a-la-prison-pour-femmes-de-qarchak-en-iran\/\" target=\"_blank\" rel=\"noreferrer noopener\">prison de Qarchak<\/a>, un \u00e9tablissement tristement c\u00e9l\u00e8bre pour ses conditions de d\u00e9tention difficiles et l&#8217;absence de quartier r\u00e9serv\u00e9 aux prisonni\u00e8res politiques. Ce transfert signifie que Mme Rezaei purgera sa peine dans le quartier g\u00e9n\u00e9ral, aux c\u00f4t\u00e9s de personnes condamn\u00e9es pour des crimes de droit commun.\u00a0<\/p>\n\n\n\n<h3 class=\"wp-block-heading\"><strong>Accusations et condamnation<\/strong><\/h3>\n\n\n\n<p>Mme Rezaei a r\u00e9cemment \u00e9t\u00e9 condamn\u00e9e par la branche 26 du tribunal r\u00e9volutionnaire de T\u00e9h\u00e9ran. Elle \u00e9tait accus\u00e9e de \u00ab&nbsp; propagande contre le r\u00e9gime \u201c, d\u201d \u00bb insulte au guide supr\u00eame des mollahs, Khamenei \u00bb, de violation du code vestimentaire obligatoire et de \u201c propagation de l&#8217;anxi\u00e9t\u00e9 publique \u201d. Outre la peine de 14 mois de prison, elle a \u00e9t\u00e9 condamn\u00e9e \u00e0 une amende de 30 millions de tomans.&nbsp;<\/p>\n\n\n\n<h3 class=\"wp-block-heading\"><strong>Arrestation pr\u00e9c\u00e9dente et lib\u00e9ration temporaire<\/strong><\/h3>\n\n\n\n<p>Il y a environ 3 mois, M. Rezaei a \u00e9t\u00e9 convoqu\u00e9 par l&#8217;Organisation des renseignements du Corps des gardiens de la r\u00e9volution. Apr\u00e8s avoir \u00e9t\u00e9 interrog\u00e9e et soumise \u00e0 une proc\u00e9dure judiciaire, elle a \u00e9t\u00e9 temporairement lib\u00e9r\u00e9e contre une caution d&#8217;un montant exorbitant de 19 milliards de tomans.&nbsp;<\/p>\n\n\n\n<p>Cette affaire met en lumi\u00e8re la r\u00e9pression continue de la dissidence politique par le r\u00e9gime iranien, qui s&#8217;en prend aux personnes qui d\u00e9fendent les libert\u00e9s et remettent en cause les normes oppressives.&nbsp;<\/p>\n","protected":false},"excerpt":{"rendered":"<p>D\u00e9tention et transfert \u00e0 la prison de Qarchak&nbsp; Le samedi 16 novembre 2024, Zahra Rezaei, une militante politique, a \u00e9t\u00e9 arr\u00eat\u00e9e apr\u00e8s s&#8217;\u00eatre pr\u00e9sent\u00e9e \u00e0 la section d&#8217;application des lois du bureau du procureur d&#8217;Evin pour commencer \u00e0 purger sa peine de 14 mois d&#8217;emprisonnement. Apr\u00e8s son arrestation, elle a \u00e9t\u00e9 transf\u00e9r\u00e9e \u00e0 la tristement [&hellip;]<\/p>\n","protected":false},"author":4,"featured_media":21360,"comment_status":"closed","ping_status":"closed","sticky":false,"template":"","format":"standard","meta":{"jnews-multi-image_gallery":[],"jnews_single_post":{"format":"standard"},"jnews_primary_category":[],"jnews_social_meta":[],"jnews_override_counter":[],"footnotes":""},"categories":[3],"tags":[370],"class_list":["post-21359","post","type-post","status-publish","format-standard","has-post-thumbnail","hentry","category-infos-des-femmes","tag-prisonnieres"],"_links":{"self":[{"href":"https:\/\/wncri.org\/fr\/wp-json\/wp\/v2\/posts\/21359","targetHints":{"allow":["GET"]}}],"collection":[{"href":"https:\/\/wncri.org\/fr\/wp-json\/wp\/v2\/posts"}],"about":[{"href":"https:\/\/wncri.org\/fr\/wp-json\/wp\/v2\/types\/post"}],"author":[{"embeddable":true,"href":"https:\/\/wncri.org\/fr\/wp-json\/wp\/v2\/users\/4"}],"replies":[{"embeddable":true,"href":"https:\/\/wncri.org\/fr\/wp-json\/wp\/v2\/comments?post=21359"}],"version-history":[{"count":1,"href":"https:\/\/wncri.org\/fr\/wp-json\/wp\/v2\/posts\/21359\/revisions"}],"predecessor-version":[{"id":21361,"href":"https:\/\/wncri.org\/fr\/wp-json\/wp\/v2\/posts\/21359\/revisions\/21361"}],"wp:featuredmedia":[{"embeddable":true,"href":"https:\/\/wncri.org\/fr\/wp-json\/wp\/v2\/media\/21360"}],"wp:attachment":[{"href":"https:\/\/wncri.org\/fr\/wp-json\/wp\/v2\/media?parent=21359"}],"wp:term":[{"taxonomy":"category","embeddable":true,"href":"https:\/\/wncri.org\/fr\/wp-json\/wp\/v2\/categories?post=21359"},{"taxonomy":"post_tag","embeddable":true,"href":"https:\/\/wncri.org\/fr\/wp-json\/wp\/v2\/tags?post=21359"}],"curies":[{"name":"wp","href":"https:\/\/api.w.org\/{rel}","templated":true}]}}