{"id":21264,"date":"2024-11-02T23:43:14","date_gmt":"2024-11-02T22:43:14","guid":{"rendered":"https:\/\/wncri.org\/fr\/?p=21264"},"modified":"2024-11-08T07:59:26","modified_gmt":"2024-11-08T06:59:26","slug":"violations-des-droits-des-femmes","status":"publish","type":"post","link":"https:\/\/wncri.org\/fr\/2024\/11\/02\/violations-des-droits-des-femmes\/","title":{"rendered":"L&#8217;experte de l&#8217;ONU souligne les violations alarmantes des droits des femmes et des libert\u00e9s fondamentales"},"content":{"rendered":"\n<h4 class=\"wp-block-heading\">Mai Sato, rapporteuse sp\u00e9ciale sur les droits de l&#8217;homme en Iran, a dress\u00e9 un bilan s\u00e9v\u00e8re de l&#8217;escalade des violations des droits de l&#8217;homme dans ce pays, en particulier \u00e0 l&#8217;encontre des femmes et des minorit\u00e9s.<\/h4>\n\n\n\n<p>Dans son rapport inaugural, le Dr Mai Sato a soulign\u00e9 les cons\u00e9quences d\u00e9sastreuses de l&#8217;intensification du recours \u00e0 la peine de mort en Iran et des restrictions s\u00e9v\u00e8res impos\u00e9es par le projet de loi controvers\u00e9 sur la <a href=\"https:\/\/wncri.org\/fr\/2024\/10\/20\/nouveau-projet-de-loi-sur-le-hijab\/\" target=\"_blank\" rel=\"noreferrer noopener\">chastet\u00e9 et le hijab<\/a>. Elle a soulign\u00e9 que ces questions, associ\u00e9es au refus persistant de l&#8217;Iran de ratifier la Convention sur l&#8217;\u00e9limination de toutes les formes de discrimination \u00e0 l&#8217;\u00e9gard des femmes, d\u00e9montrent la n\u00e9cessit\u00e9 urgente d&#8217;une r\u00e9forme.<\/p>\n\n\n\n<p>Le rapport de Mme Sato met l&#8217;accent sur le droit \u00e0 la vie en tant que principal sujet de pr\u00e9occupation, en soulignant qu&#8217;un nombre croissant d&#8217;Iraniens risquent d&#8217;\u00eatre ex\u00e9cut\u00e9s pour des chefs d&#8217;accusation interpr\u00e9t\u00e9s de mani\u00e8re large et d\u00e9fiant les normes internationales. Elle a exhort\u00e9 le r\u00e9gime iranien \u00e0 adopter une approche intersectionnelle, ax\u00e9e sur le genre, afin de r\u00e9duire la discrimination et la violence syst\u00e9miques.<\/p>\n\n\n\n<p>Voici le <a href=\"https:\/\/www.ohchr.org\/en\/press-releases\/2024\/11\/iran-must-prioritise-womens-rights-right-life-and-improve-transparency-says\" target=\"_blank\" rel=\"noreferrer noopener\">communiqu\u00e9 de presse<\/a> du Haut-Commissariat aux droits de l&#8217;homme \u00e0 Gen\u00e8ve, publi\u00e9 le 1er novembre 2024.<\/p>\n\n\n\n<h2 class=\"wp-block-heading\"><strong>L&#8217;Iran doit donner la priorit\u00e9 aux droits des femmes et au droit \u00e0 la vie, et am\u00e9liorer la transparence, selon l&#8217;experte de l&#8217;ONU<\/strong><\/h2>\n\n\n\n<p>NEW YORK &#8212; Dans son premier <a href=\"https:\/\/www.ohchr.org\/fr\/documents\/country-reports\/a79371-report-special-rapporteur-situation-human-rights-islamic-republic\" target=\"_blank\" rel=\"noreferrer noopener\">rapport<\/a> \u00e0 l&#8217;Assembl\u00e9e g\u00e9n\u00e9rale, la Rapporteuse sp\u00e9ciale sur la situation des droits de l&#8217;homme en R\u00e9publique islamique d&#8217;Iran, Mai Sato, a exprim\u00e9 des pr\u00e9occupations pressantes concernant le nombre croissant d&#8217;ex\u00e9cutions, la transparence et l&#8217;acc\u00e8s \u00e0 l&#8217;information, inextricablement li\u00e9s au droit \u00e0 la v\u00e9rit\u00e9, ainsi que la d\u00e9t\u00e9rioration de la situation des droits de l&#8217;homme pour les femmes et les jeunes filles.<\/p>\n\n\n\n<p>Elle est particuli\u00e8rement pr\u00e9occup\u00e9e par la r\u00e9ponse de l&#8217;\u00c9tat au mouvement \u00ab Femmes, vie, libert\u00e9 \u00bb et au projet de loi sur la <a href=\"https:\/\/wncri.org\/fr\/2023\/12\/03\/le-hijab-et-la-chastete\/\" target=\"_blank\" rel=\"noreferrer noopener\">chastet\u00e9 et le hijab<\/a>.\u00a0 Elle a indiqu\u00e9 que l&#8217;Iran reste l&#8217;un des rares pays \u00e0 ne pas avoir encore ratifi\u00e9 la Convention sur l&#8217;\u00e9limination de toutes les formes de discrimination \u00e0 l&#8217;\u00e9gard des femmes.<\/p>\n\n\n\n<p>La rapporteuse a insist\u00e9 sur la n\u00e9cessit\u00e9 d&#8217;adopter une perspective sexosp\u00e9cifique dans le cadre d&#8217;une approche intersectionnelle, en soulignant l&#8217;impact disproportionn\u00e9 sur des groupes sp\u00e9cifiques qui ont fait l&#8217;objet de discriminations fond\u00e9es sur le sexe, l&#8217;appartenance ethnique, la religion et l&#8217;orientation sexuelle, entre autres.&nbsp;<\/p>\n\n\n\n<p>\u00ab Le droit \u00e0 la vie est une pr\u00e9occupation fondamentale, notamment en raison de l&#8217;augmentation alarmante du nombre d&#8217;ex\u00e9cutions \u00bb, a d\u00e9clar\u00e9 M. Sato. Pour le seul mois d&#8217;ao\u00fbt 2024, au moins 93 personnes ont \u00e9t\u00e9 ex\u00e9cut\u00e9es, dont pr\u00e8s de la moiti\u00e9 pour des infractions \u00e0 la l\u00e9gislation sur les stup\u00e9fiants.<\/p>\n\n\n\n<p>Nombre d&#8217;entre elles sont condamn\u00e9es \u00e0 mort pour des infractions \u00e0 la s\u00e9curit\u00e9 d\u00e9finies de mani\u00e8re g\u00e9n\u00e9rale, telles que la r\u00e9bellion arm\u00e9e, la propagation de la corruption sur terre et la guerre contre Dieu &#8211; des accusations qui n&#8217;atteignent pas le seuil des \u00ab crimes les plus graves \u00bb en vertu du droit international.<\/p>\n\n\n\n<p>\u00ab Mon examen du droit \u00e0 la vie portera non seulement sur l&#8217;application de la peine de mort, mais aussi sur le recours \u00e0 la force meurtri\u00e8re par les organismes publics, sur les d\u00e9c\u00e8s en d\u00e9tention, sur les lois qui tol\u00e8rent ou excusent les meurtres et sur les pratiques qui ne permettent pas d&#8217;enqu\u00eater correctement sur d&#8217;\u00e9ventuels d\u00e9c\u00e8s ill\u00e9gaux.<\/p>\n\n\n\n<p>Mme Sato a appel\u00e9 la R\u00e9publique islamique d&#8217;Iran \u00e0 coop\u00e9rer de mani\u00e8re significative dans le cadre de son mandat, car elle esp\u00e8re contribuer \u00e0 trouver des moyens de pr\u00e9venir les violations des droits de l&#8217;homme et d&#8217;y rem\u00e9dier.<\/p>\n\n\n\n<p>\u00ab Je suis pr\u00eate \u00e0 m&#8217;engager avec l&#8217;Iran pour \u00e9valuer et traiter les probl\u00e8mes de droits de l&#8217;homme. Je ne consid\u00e8re pas mon r\u00f4le comme celui d&#8217;une adversaire, mais comme celui d&#8217;une experte ind\u00e9pendante dont l&#8217;\u00e9valuation pourrait aider l&#8217;Iran \u00e0 renforcer ses protections en mati\u00e8re de droits de l&#8217;homme. Je suis fermement convaincue que des progr\u00e8s significatifs n\u00e9cessitent la coop\u00e9ration de toutes les parties prenantes &#8211; le gouvernement iranien, son peuple, la soci\u00e9t\u00e9 civile et la communaut\u00e9 internationale \u00bb.<\/p>\n","protected":false},"excerpt":{"rendered":"<p>Mai Sato, rapporteuse sp\u00e9ciale sur les droits de l&#8217;homme en Iran, a dress\u00e9 un bilan s\u00e9v\u00e8re de l&#8217;escalade des violations des droits de l&#8217;homme dans ce pays, en particulier \u00e0 l&#8217;encontre des femmes et des minorit\u00e9s. Dans son rapport inaugural, le Dr Mai Sato a soulign\u00e9 les cons\u00e9quences d\u00e9sastreuses de l&#8217;intensification du recours \u00e0 la [&hellip;]<\/p>\n","protected":false},"author":4,"featured_media":21265,"comment_status":"closed","ping_status":"closed","sticky":false,"template":"","format":"standard","meta":{"jnews-multi-image_gallery":[],"jnews_single_post":{"format":"standard"},"jnews_primary_category":[],"jnews_social_meta":[],"jnews_override_counter":[],"footnotes":""},"categories":[8],"tags":[376],"class_list":["post-21264","post","type-post","status-publish","format-standard","has-post-thumbnail","hentry","category-articles","tag-violence-contre-les-femmes"],"_links":{"self":[{"href":"https:\/\/wncri.org\/fr\/wp-json\/wp\/v2\/posts\/21264","targetHints":{"allow":["GET"]}}],"collection":[{"href":"https:\/\/wncri.org\/fr\/wp-json\/wp\/v2\/posts"}],"about":[{"href":"https:\/\/wncri.org\/fr\/wp-json\/wp\/v2\/types\/post"}],"author":[{"embeddable":true,"href":"https:\/\/wncri.org\/fr\/wp-json\/wp\/v2\/users\/4"}],"replies":[{"embeddable":true,"href":"https:\/\/wncri.org\/fr\/wp-json\/wp\/v2\/comments?post=21264"}],"version-history":[{"count":1,"href":"https:\/\/wncri.org\/fr\/wp-json\/wp\/v2\/posts\/21264\/revisions"}],"predecessor-version":[{"id":21266,"href":"https:\/\/wncri.org\/fr\/wp-json\/wp\/v2\/posts\/21264\/revisions\/21266"}],"wp:featuredmedia":[{"embeddable":true,"href":"https:\/\/wncri.org\/fr\/wp-json\/wp\/v2\/media\/21265"}],"wp:attachment":[{"href":"https:\/\/wncri.org\/fr\/wp-json\/wp\/v2\/media?parent=21264"}],"wp:term":[{"taxonomy":"category","embeddable":true,"href":"https:\/\/wncri.org\/fr\/wp-json\/wp\/v2\/categories?post=21264"},{"taxonomy":"post_tag","embeddable":true,"href":"https:\/\/wncri.org\/fr\/wp-json\/wp\/v2\/tags?post=21264"}],"curies":[{"name":"wp","href":"https:\/\/api.w.org\/{rel}","templated":true}]}}