{"id":21260,"date":"2024-11-01T23:51:42","date_gmt":"2024-11-01T22:51:42","guid":{"rendered":"https:\/\/wncri.org\/fr\/?p=21260"},"modified":"2024-11-28T23:24:48","modified_gmt":"2024-11-28T22:24:48","slug":"rapport-de-octobre-2024-maryam-akbari","status":"publish","type":"post","link":"https:\/\/wncri.org\/fr\/2024\/11\/01\/rapport-de-octobre-2024-maryam-akbari\/","title":{"rendered":"Rapport de octobre 2024 :\u00a0Maryam Akbari transf\u00e9r\u00e9e \u00e0 la prison de Qarchak"},"content":{"rendered":"\n<h2 class=\"wp-block-heading\"><strong>La prisonni\u00e8re politique Maryam Akbari Monfared transf\u00e9r\u00e9e \u00e0 la tristement c\u00e9l\u00e8bre prison de Qarchak apr\u00e8s avoir purg\u00e9 une peine de 15 ans<\/strong><\/h2>\n\n\n\n<div data-wp-interactive=\"core\/file\" class=\"wp-block-file\"><object data-wp-bind--hidden=\"!state.hasPdfPreview\" hidden class=\"wp-block-file__embed\" data=\"https:\/\/wncri.org\/fr\/wp-content\/uploads\/2024\/11\/Monthly-October-2024_FR11.pdf\" type=\"application\/pdf\" style=\"width:100%;height:600px\" aria-label=\"Embed of Monthly October 2024_FR11.\"><\/object><a id=\"wp-block-file--media-5f5d83e1-b6e8-4b0d-950f-ecb4ef25c04a\" href=\"https:\/\/wncri.org\/fr\/wp-content\/uploads\/2024\/11\/Monthly-October-2024_FR11.pdf\">Monthly October 2024_FR11<\/a><a href=\"https:\/\/wncri.org\/fr\/wp-content\/uploads\/2024\/11\/Monthly-October-2024_FR11.pdf\" class=\"wp-block-file__button wp-element-button\" download aria-describedby=\"wp-block-file--media-5f5d83e1-b6e8-4b0d-950f-ecb4ef25c04a\">Download<\/a><\/div>\n\n\n\n<p>Apr\u00e8s avoir prolong\u00e9 de 2 ans la peine de la prisonni\u00e8re politique Maryam Akbari Monfared, le pouvoir judiciaire criminel iranien a commis un autre acte inhumain le 22 octobre 2009, en ordonnant son transfert vers la <a href=\"https:\/\/wncri.org\/fr\/2020\/04\/20\/regard-sur-la-situation-tragique-a-la-prison-pour-femmes-de-qarchak-en-iran\/\" target=\"_blank\" rel=\"noreferrer noopener\">tristement c\u00e9l\u00e8bre prison pour femmes de Qarchak<\/a> \u00e0 Varamin, o\u00f9 elle est d\u00e9tenue \u00e0 l&#8217;isolement \u00e0 l&#8217;heure o\u00f9 nous publions cet article.<\/p>\n\n\n\n<p>Maryam Akbari Monfared a termin\u00e9 ses <a href=\"https:\/\/wncri.org\/fr\/2023\/12\/30\/lodyssee-maryam-akbari-monfared\/\" target=\"_blank\" rel=\"noreferrer noopener\">15 ann\u00e9es d&#8217;emprisonnement sans un seul jour de permission<\/a> le 12 octobre 2024. Elle a pass\u00e9 les 4 derni\u00e8res ann\u00e9es de sa peine en exil \u00e0 la prison de Semnan parmi des prisonni\u00e8res de droit commun, en violation du principe de s\u00e9paration des d\u00e9lits.<\/p>\n\n\n\n<p>La derni\u00e8re mesure prise par le pouvoir judiciaire des mollahs vise \u00e0 accro\u00eetre le harc\u00e8lement et les abus \u00e0 l&#8217;encontre de cette prisonni\u00e8re politique r\u00e9sistante qui est rest\u00e9e inflexible malgr\u00e9 de longues ann\u00e9es d&#8217;incarc\u00e9ration, de torture, de harc\u00e8lement et de pressions qui ont min\u00e9 sa sant\u00e9.<\/p>\n\n\n\n<p>Maryam Akbari Monfared, qui est l&#8217;une des plus anciennes prisonni\u00e8res politiques en Iran, aurait d\u00fb \u00eatre lib\u00e9r\u00e9e en 2019 apr\u00e8s avoir purg\u00e9 10 ans de prison (les deux tiers de sa peine) selon les lois du r\u00e9gime. Cependant, le <a href=\"https:\/\/wncri.org\/fr\/2024\/10\/12\/maryam-akbari-monfared-15-ans\/\" target=\"_blank\" rel=\"noreferrer noopener\">pouvoir judiciaire du r\u00e9gime cl\u00e9rical l&#8217;a maintenue en prison pendant 5 ann\u00e9es suppl\u00e9mentaires<\/a>.<\/p>\n\n\n\n<p>En janvier 2024, ils l&#8217;ont condamn\u00e9e \u00e0 3 ann\u00e9es d&#8217;emprisonnement suppl\u00e9mentaires dans le cadre de 2 affaires distinctes mont\u00e9es de toutes pi\u00e8ces par le minist\u00e8re des renseignements, en organisant 2 proc\u00e8s pour l&#8217;exemple \u00e0 Semnan et \u00e0 Evin. Les nouveaux crimes qui lui sont reproch\u00e9s sont la \u00ab propagande contre l&#8217;\u00c9tat \u201c, \u201d l&#8217;insulte au dirigeant (Ali Khamenei) \u201c, \u201d le rassemblement et la collusion \u201c, \u201d la diffusion de mensonges et la perturbation de l&#8217;opinion publique \u201c, et \u201d l&#8217;incitation \u00e0 la s\u00e9curit\u00e9 nationale \u00bb.<\/p>\n\n\n\n\n\n<p>Dans un nouvel acte de r\u00e9pression inhumaine, en juin 2024, le pouvoir judiciaire du r\u00e9gime iranien a ordonn\u00e9 la <a href=\"https:\/\/wncri.org\/fr\/2024\/06\/24\/maryam-akbari-monfared-5\/\" target=\"_blank\" rel=\"noreferrer noopener\">confiscation des biens de Maryam Akbari Monfared<\/a> et de ses proches pour la punir d&#8217;avoir cherch\u00e9 \u00e0 obtenir justice pour ses fr\u00e8res et s\u0153urs.<\/p>\n\n\n\n<p>Cependant, le principal crime de Maryam Akbari Monfared est d&#8217;avoir demand\u00e9 justice en 2016 pour sa s\u0153ur et ses 3 fr\u00e8res qui ont \u00e9t\u00e9 ex\u00e9cut\u00e9s par le r\u00e9gime dans les ann\u00e9es 1980.<\/p>\n\n\n\n<p>Alireza Akbari a \u00e9t\u00e9 tu\u00e9 sous la torture en septembre 1981, et Gholamreza Akbari a \u00e9t\u00e9 ex\u00e9cut\u00e9 en 1985. Roghiyeh et Abdolreza Akbari ont \u00e9t\u00e9 ex\u00e9cut\u00e9s lors du massacre de 30 000 prisonniers politiques en 1988.<\/p>\n\n\n\n<p>Dans ce num\u00e9ro sp\u00e9cial de ses rapports mensuels, la Commission des femmes du CNRI met en lumi\u00e8re la bravoure, le courage, la force et le caract\u00e8re de Maryam Akbari Monfared, cette femme de petite taille qui terrifie le r\u00e9gime par sa r\u00e9silience et son esprit inflexible.<\/p>\n\n\n\n<h3 class=\"wp-block-heading\"><strong>Peine suppl\u00e9mentaire de 3 ans impos\u00e9e sur la base d&#8217;accusations forg\u00e9es de toutes pi\u00e8ces<\/strong><\/h3>\n\n\n\n<p>Le pouvoir judiciaire du r\u00e9gime cl\u00e9rical a condamn\u00e9 la prisonni\u00e8re politique Maryam Akbari Monfared \u00e0 3 ans de prison suppl\u00e9mentaires dans le cadre de <a href=\"https:\/\/wncri.org\/fr\/2023\/07\/04\/maryam-akbari-monfared-2\/\" target=\"_blank\" rel=\"noreferrer noopener\">deux affaires distinctes fabriqu\u00e9es de toutes pi\u00e8ces<\/a> et d\u00e9pos\u00e9es par le minist\u00e8re des Renseignements. Ces affaires ont \u00e9t\u00e9 entendues dans des tribunaux orchestr\u00e9s \u00e0 <a href=\"https:\/\/fr.wikipedia.org\/wiki\/Semnan\" target=\"_blank\" rel=\"noreferrer noopener\">Semnan<\/a> et Evin, emp\u00eachant sa lib\u00e9ration apr\u00e8s avoir purg\u00e9 une peine de 15 ans.<\/p>\n\n\n\n<p>Dans sa d\u00e9claration du 28 ao\u00fbt 2023, le Secr\u00e9tariat du Conseil national de la R\u00e9sistance iranienne a d\u00e9clar\u00e9 : \u00ab Le minist\u00e8re des Renseignements (MOIS) a ouvert deux nouvelles affaires contre Maryam Akbari Monfared pour emp\u00eacher sa lib\u00e9ration. L&#8217;une d&#8217;entre elles l&#8217;accuse de \u00ab propagande contre l&#8217;\u00c9tat \u201c, tandis que l&#8217;autre l&#8217;accuse \u201d d&#8217;insulte au guide supr\u00eame (Khamenei), d&#8217;incitation \u00e0 l&#8217;\u00e9meute, de diffusion de mensonges, de perturbation de l&#8217;opinion publique et d&#8217;incitation \u00e0 la s\u00e9curit\u00e9 nationale \u00bb.<\/p>\n\n\n\n<p>Dans une autre partie, la d\u00e9claration ajoute que la branche 101 de la Cour p\u00e9nale de Semnan a prononc\u00e9 \u00ab une peine suppl\u00e9mentaire de 2 ans, ainsi qu&#8217;une amende de 150 millions de rials, dans le cadre d&#8217;une nouvelle d\u00e9cision rendue par contumace \u00bb. Par la suite, le tribunal d&#8217;Evin a tenu un simulacre de proc\u00e8s condamnant Maryam Akbari Monfared \u00e0 un an de prison suppl\u00e9mentaire dans le cadre de la deuxi\u00e8me affaire.<\/p>\n\n\n\n<p>Le 17 juillet 2023, le secr\u00e9tariat du CNRI a annonc\u00e9 dans un communiqu\u00e9 que le syst\u00e8me judiciaire iranien avait transf\u00e9r\u00e9 la prisonni\u00e8re politique Maryam Akbari Monfared de son lieu d&#8217;exil, la prison de Semnan, au tribunal d&#8217;Evin le 1er juillet. Apr\u00e8s avoir \u00e9t\u00e9 inculp\u00e9e de 5 nouveaux chefs d&#8217;accusation, elle a \u00e9t\u00e9 renvoy\u00e9e \u00e0 la prison de Semnan.<\/p>\n\n\n\n<p>Le pouvoir judiciaire des mollahs a confirm\u00e9 les 2 d\u00e9cisions et approuv\u00e9 la prolongation de sa peine de 3 ans, dont 2 ans au moins seront mis \u00e0 ex\u00e9cution.<\/p>\n\n\n\n<p><strong>Les autorit\u00e9s s&#8217;appr\u00eatent \u00e0 confisquer les biens de la famille \u00e0 la fin de la peine<\/strong><\/p>\n\n\n\n<p>La prisonni\u00e8re politique Maryam Akbari Monfared a \u00e9t\u00e9 confront\u00e9e \u00e0 un nouveau d\u00e9fi en juin 2024, les autorit\u00e9s ayant d\u00e9cid\u00e9 de saisir les biens de sa famille. Selon l&#8217;agence de presse Sharq, le si\u00e8ge ex\u00e9cutif de Farman-e Imam (l&#8217;ordre de Khomeini) a lanc\u00e9 une proc\u00e9dure de confiscation de ses biens.<\/p>\n\n\n\n<p>Ce d\u00e9veloppement est intervenu alors que Maryam Akbari Monfared approchait de la fin de sa peine de 15 ans de prison, en octobre 2024. Son avocat, M. Hossein Taj, a fait part de ses inqui\u00e9tudes :<\/p>\n\n\n\n<p>\u00ab En octobre de cette ann\u00e9e, <a href=\"https:\/\/wncri.org\/fr\/2024\/03\/19\/prisonnieres-politiques\/\" target=\"_blank\" rel=\"noreferrer noopener\">Mme Akbari Monfared aura purg\u00e9 sa peine de 15 ans d&#8217;emprisonnement sans avoir b\u00e9n\u00e9fici\u00e9 d&#8217;un seul jour de libert\u00e9 temporaire<\/a>. En plus de cette peine, elle risque 2 ans de prison suppl\u00e9mentaires pour une autre affaire. R\u00e9cemment, une nouvelle affaire a \u00e9t\u00e9 d\u00e9pos\u00e9e contre elle \u00e0 la demande du si\u00e8ge ex\u00e9cutif, invoquant l&#8217;article 49 de la Constitution pour un contr\u00f4le continu de l&#8217;affaire \u00bb.<\/p>\n\n\n\n<p>M. Taj a expliqu\u00e9 les graves implications de cette affaire : \u00ab Le si\u00e8ge a formul\u00e9 de graves all\u00e9gations \u00e0 l&#8217;encontre de la famille et des proches de Mme Akbari Monfared, demandant la confiscation de leurs biens au profit du si\u00e8ge charg\u00e9 de la mise en \u0153uvre de l&#8217;ordre de l&#8217;imam. Cette affaire a \u00e9t\u00e9 renvoy\u00e9e devant la 6e branche du tribunal r\u00e9volutionnaire, sp\u00e9cialis\u00e9e dans les affaires relevant de l&#8217;article 49. Le calendrier du proc\u00e8s n&#8217;a pas encore \u00e9t\u00e9 fix\u00e9, la surveillance devant d\u00e9buter en ao\u00fbt \u00bb.<\/p>\n\n\n\n<p>En r\u00e9ponse \u00e0 ces d\u00e9veloppements, son avocat a soulign\u00e9 un principe juridique fondamental : \u00ab Le principe de la \u201cnature personnelle des crimes et des peines\u201d, reconnu dans la jurisprudence, la charia, le droit international et le code p\u00e9nal iranien, stipule que la peine doit \u00eatre strictement individuelle et ne doit pas s&#8217;\u00e9tendre aux proches \u00bb.<\/p>\n\n\n\n\n\n<p><em>Maryam Akbari Monfared et ses quatre fr\u00e8res et s\u0153urs, assassin\u00e9s dans les ann\u00e9es 1980.<\/em><\/p>\n\n\n\n<h3 class=\"wp-block-heading\"><strong>Le rapporteur sp\u00e9cial des Nations unies met en lumi\u00e8re le cas de Maryam Akbari Monfared<\/strong><\/h3>\n\n\n\n<p>Le professeur <a href=\"https:\/\/wncri.org\/fr\/2024\/07\/27\/rapport-de-lonu-massacre-de-1988\/\" target=\"_blank\" rel=\"noreferrer noopener\">Javaid Rehman<\/a>, rapporteur sp\u00e9cial des Nations unies sur l&#8217;Iran, a parl\u00e9 de Maryam Akbari Monfared dans son rapport sur les \u00ab crimes d&#8217;atrocit\u00e9 \u00bb en Iran, publi\u00e9 en juillet 2024. Dans la section C, \u00ab M\u00e9canismes de responsabilit\u00e9 \u00bb, du chapitre VII, le rapporteur sp\u00e9cial \u00e9voque le cas de la prisonni\u00e8re politique Maryam Akbari Monfared :<\/p>\n\n\n\n<p>Comme indiqu\u00e9 ci-dessus, dans l&#8217;environnement actuel, il est impossible de chercher \u00e0 obtenir une quelconque <a href=\"https:\/\/wncri.org\/fr\/2021\/01\/26\/iranien-des-comptes-sur-le-massacre-de-1988\/\">forme de responsabilit\u00e9<\/a> au niveau national pour les crimes commis au cours des ann\u00e9es 1980. Il n&#8217;existe actuellement aucun moyen d&#8217;obtenir la v\u00e9rit\u00e9 et la justice et aucune perspective de demander des r\u00e9parations dans la R\u00e9publique islamique d&#8217;Iran. En effet, ceux qui cherchent \u00e0 obtenir des comptes sont souvent pris pour cible, pers\u00e9cut\u00e9s et punis. Le cas de Maryam Akbari-Monfared, prisonni\u00e8re politique dans le pays, est un exemple poignant illustrant ce mod\u00e8le de harc\u00e8lement et de pers\u00e9cution.<\/p>\n\n\n\n<p>Mme Akbari-Monfared a fait preuve d&#8217;un immense courage en <a href=\"https:\/\/wncri.org\/fr\/2016\/10\/19\/une-prisonniere-politique-depose-une-plainte-officielle-contre-le-regime-en-iran\/\" target=\"_blank\" rel=\"noreferrer noopener\">d\u00e9posant une plainte officielle<\/a> depuis sa prison le 15 octobre 2016, s&#8217;adressant au syst\u00e8me judiciaire iranien au sujet de l&#8217;ex\u00e9cution de ses fr\u00e8res et s\u0153urs lors du massacre de 1988. En r\u00e9ponse \u00e0 sa qu\u00eate de responsabilit\u00e9, elle a subi des pressions accrues pendant son incarc\u00e9ration, y compris le refus de visites et son exil forc\u00e9 dans un endroit \u00e9loign\u00e9, loin de ses enfants. Les autorit\u00e9s ont inform\u00e9 Mme Akbari-Monfared que sa lib\u00e9ration \u00e9tait subordonn\u00e9e \u00e0 la r\u00e9tractation de son appel \u00e0 rendre des comptes sur le meurtre de ses fr\u00e8res et s\u0153urs. Bien qu&#8217;elle ait purg\u00e9 une peine de 15 ans sans b\u00e9n\u00e9ficier d&#8217;un seul jour de permission, y compris pendant la pand\u00e9mie de COVID-19, le calvaire de Mme Akbari-Monfared se poursuit.<\/p>\n\n\n\n<p>Le 1er juillet 2023, elle a \u00e9t\u00e9 convoqu\u00e9e au tribunal de la prison d&#8217;Evin et mise en accusation pour 5 nouveaux chefs d&#8217;accusation, ce qui lui a valu une peine suppl\u00e9mentaire de 2 ans. Des informations provenant de sources internes \u00e0 la prison sugg\u00e8rent que son maintien en d\u00e9tention vise \u00e0 la contraindre \u00e0 renoncer \u00e0 sa qu\u00eate de responsabilit\u00e9.<\/p>\n\n\n\n<p>Le traitement r\u00e9serv\u00e9 \u00e0 Maryam Akbari-Monfared illustre de mani\u00e8re frappante les limites que les autorit\u00e9s iraniennes sont pr\u00eates \u00e0 franchir pour r\u00e9duire au silence ceux qui cherchent \u00e0 obtenir justice pour les <a href=\"https:\/\/wncri.org\/fr\/2019\/10\/24\/maryam-radjavi-presente-a-strasbourg-un-livre-sur-le-massacre-de-1988\/\" target=\"_blank\" rel=\"noreferrer noopener\">victimes<\/a> du massacre de 1988 et pour \u00e9touffer en toute impunit\u00e9 tout appel \u00e0 rendre des comptes.<\/p>\n\n\n\n<p>Compte tenu de l&#8217;impossibilit\u00e9 d&#8217;obtenir justice au niveau national, il existe des possibilit\u00e9s de demander des comptes au niveau international ou dans un \u00c9tat \u00e9tranger ne relevant pas de la juridiction de la R\u00e9publique islamique d&#8217;Iran. Les efforts visant \u00e0 engager la Cour p\u00e9nale internationale ne seront probablement pas couronn\u00e9s de succ\u00e8s.<\/p>\n\n\n\n<h3 class=\"wp-block-heading\"><strong>Une femme courageuse qui se dresse comme une montagne contre vents et mar\u00e9es<\/strong><\/h3>\n\n\n\n<p>Maryam Akbari Monfared est n\u00e9e le 14 d\u00e9cembre 1975 et est m\u00e8re de 3 filles. Elle est l&#8217;une des prisonni\u00e8res politiques les plus r\u00e9sistantes, qui a choisi de vivre libre sans se plier aux mollahs.<\/p>\n\n\n\n<p>Elle a \u00e9t\u00e9 emmen\u00e9e \u00e0 la prison d&#8217;Evin \u00ab pour fournir des explications \u00bb le 29 d\u00e9cembre 2009 \u00e0 minuit, sans pouvoir dire au revoir \u00e0 ses filles. Mais elle n&#8217;est jamais rentr\u00e9e chez elle.<\/p>\n\n\n\n<p>Elle a \u00e9t\u00e9 incarc\u00e9r\u00e9e parce qu&#8217;elle demandait justice pour 4 de ses fr\u00e8res et s\u0153urs ex\u00e9cut\u00e9s de sang-froid par le r\u00e9gime cl\u00e9rical dans les ann\u00e9es 1980. Sa s\u0153ur, Roghiyeh Akbari Monfared, avait une petite fille lorsqu&#8217;elle a \u00e9t\u00e9 envoy\u00e9e \u00e0 la potence parmi <a href=\"https:\/\/www.maryam-rajavi.com\/fr\/justice-pour-les-victimes-du-massacre-de-1988-depuis-le-debut-jusqua-ce-jour\/\" target=\"_blank\" rel=\"noreferrer noopener\">les prisonniers massacr\u00e9s au cours de l&#8217;\u00e9t\u00e9 1988<\/a>.<\/p>\n\n\n\n<p>Tout au long des ann\u00e9es qu&#8217;elle a pass\u00e9es derri\u00e8re les barreaux, Maryam a toujours \u00e9t\u00e9 une source d&#8217;inspiration pour les autres prisonni\u00e8res. Son c\u0153ur est aussi grand qu&#8217;un oc\u00e9an rempli de sentiments pour tous ceux qui l&#8217;entourent. L&#8217;une de ses compagnes de cellule, la prisonni\u00e8re politique Atena Farghadani, la d\u00e9crit comme \u00ab une femme dont la r\u00e9sistance \u00e9tait un <a href=\"https:\/\/wncri.org\/2017\/08\/15\/maryam-akbari-monfared-a-rainbow-of-hope\/\" target=\"_blank\" rel=\"noreferrer noopener\">arc-en-ciel d&#8217;espoir<\/a> pour toutes les prisonni\u00e8res \u00bb.<\/p>\n\n\n\n<p>Les autorit\u00e9s p\u00e9nitentiaires l&#8217;ont donc envoy\u00e9e dans une prison \u00e9loign\u00e9e pour l&#8217;emp\u00eacher d&#8217;inspirer d&#8217;autres personnes. Le 9 mars 2021, elles l&#8217;ont brusquement emmen\u00e9e \u00e0 la prison de Semnan et l&#8217;ont abandonn\u00e9e parmi les prisonni\u00e8res de droit commun, en violation du principe de s\u00e9paration des d\u00e9lits.<\/p>\n\n\n\n<p>Dans la prison de Semnan, elle a \u00e9t\u00e9 priv\u00e9e de visites et d&#8217;appels t\u00e9l\u00e9phoniques ordinaires \u00e0 sa famille comme les autres prisonni\u00e8res. Chaque appel qu&#8217;elle passe doit se faire en pr\u00e9sence des autorit\u00e9s p\u00e9nitentiaires et des agents de s\u00e9curit\u00e9.<\/p>\n\n\n\n\n\n<p><em>Maryam Akbari Monfared avec sa fille Sara, 3 ans, avant d&#8217;\u00eatre emprisonn\u00e9e.<\/em><\/p>\n\n\n\n<p>Apr\u00e8s 15 ans d&#8217;emprisonnement, la prisonni\u00e8re politique Maryam Akbari Monfared souffre de diverses maladies. Le minist\u00e8re des renseignements ne l&#8217;autorise pas \u00e0 consulter un m\u00e9decin en dehors de la prison. Le m\u00e9decin de la prison lui a prescrit des aliments sp\u00e9ciaux, mais ses demandes pour une alimentation correcte et une visite \u00e0 un sp\u00e9cialiste sont rest\u00e9es sans r\u00e9ponse.<\/p>\n\n\n\n<p>Son \u00e9tat physique s&#8217;est gravement d\u00e9t\u00e9rior\u00e9 en raison de l&#8217;absence d&#8217;une alimentation appropri\u00e9e et d&#8217;un acc\u00e8s au traitement, et elle souffre de divers effets secondaires.<\/p>\n\n\n\n<h3 class=\"wp-block-heading\"><strong>Amnesty International exprime son inqui\u00e9tude<\/strong><\/h3>\n\n\n\n<p>Amnesty International a \u00e9galement publi\u00e9 une d\u00e9claration <a href=\"https:\/\/www.amnesty.org\/fr\/documents\/MDE13\/4657\/2021\/fr\/\" target=\"_blank\" rel=\"noreferrer noopener\">d&#8217;action urgente<\/a> le 27 ao\u00fbt 2021, dans laquelle elle s&#8217;inqui\u00e8te de la situation de la prisonni\u00e8re politique Maryam Akbari Monfared. L&#8217;organisation a d\u00e9clar\u00e9 que Maryam Akbari Monfared avait \u00e9t\u00e9 \u00ab maltrait\u00e9e parce qu&#8217;elle cherchait \u00e0 obtenir la v\u00e9rit\u00e9 et la justice \u00bb.<\/p>\n\n\n\n<p>Amnesty International \u00e9crit : \u00ab La prisonni\u00e8re d&#8217;opinion Maryam Akbari Monfared est d\u00e9tenue dans des conditions cruelles et inhumaines dans une prison \u00e9loign\u00e9e de la province de Semnan, loin de sa famille, depuis mars 2021, en repr\u00e9sailles \u00e0 ses lettres ouvertes condamnant les violations des droits de l&#8217;homme commises par les autorit\u00e9s iraniennes et demandant la v\u00e9rit\u00e9 et la justice pour ses fr\u00e8res et s\u0153urs qui ont disparu de force et ont \u00e9t\u00e9 ex\u00e9cut\u00e9s de mani\u00e8re extrajudiciaire en secret en 1988. Elle est injustement emprisonn\u00e9e depuis pr\u00e8s de 12 ans \u00bb.<\/p>\n\n\n\n<p>Le m\u00eame jour, l&#8217;organisation a publi\u00e9 un <a href=\"https:\/\/x.com\/AmnestyIran\/status\/1431269624222474242\" target=\"_blank\" rel=\"noreferrer noopener\">tweet<\/a> sur les conditions de d\u00e9tention des femmes dans la prison de Semnan et sur Maryam Akbari Monfared, qui est maltrait\u00e9e parce qu&#8217;elle cherche \u00e0 obtenir la v\u00e9rit\u00e9 et la justice.<\/p>\n\n\n\n<p>Amnesty International a \u00e9crit : \u00ab Les femmes de la prison de Semnan, en Iran, subissent des conditions cruelles, notamment un acc\u00e8s insuffisant aux toilettes \u00e0 chasse d&#8217;eau, aux douches, aux articles d&#8217;hygi\u00e8ne et aux soins m\u00e9dicaux pour les infections et les infestations de poux. @Mhajmohammadi doit autoriser des inspections par des observateurs internationaux, notamment Javaid Rehman. \u00bb<\/p>\n\n\n\n<h3 class=\"wp-block-heading\"><strong>Un compte \u00e0 rebours \u00e0 couper le souffle<\/strong><\/h3>\n\n\n\n<p>Dans une <a href=\"https:\/\/wncri.org\/fr\/2022\/12\/28\/politique-resistante-maryam\/\" target=\"_blank\" rel=\"noreferrer noopener\">lettre qu&#8217;elle a \u00e9crite depuis sa prison<\/a> en d\u00e9cembre 2022, Maryam Akbari Monfared a d\u00e9crit ses sentiments. \u00ab 13 ans, c&#8217;est une bataille \u00e0 couper le souffle qui s&#8217;\u00e9coule seconde apr\u00e8s seconde. Compter 13 ans jour apr\u00e8s jour (soit 4 mille 745 jours) fatigue une personne, et encore plus si elle veut passer 4 mille 745 jours un par un au milieu d&#8217;une bataille in\u00e9gale. Il ne s&#8217;agit pas d&#8217;une histoire de 4 000 pages, mais de la r\u00e9alit\u00e9 nue de la vie que des fascistes nous ont impos\u00e9e parce que nous n&#8217;avons pas voulu nous rendre.<\/p>\n\n\n\n<p>M\u00eame si je voulais \u00eatre avec mes enfants, quelle m\u00e8re ne le voudrait pas ? Mais je ne le regrette pas et <a href=\"https:\/\/wncri.org\/2019\/02\/20\/maryam-akbari-stronger-than-ever-vows-fight-whats-right\/\" target=\"_blank\" rel=\"noreferrer noopener\">je suis encore plus d\u00e9termin\u00e9e<\/a> \u00e0 poursuivre mon chemin. Je l&#8217;ai dit \u00e0 chaque s\u00e9ance d&#8217;interrogatoire formelle et informelle et je suis heureuse de le r\u00e9p\u00e9ter !<\/p>\n\n\n\n<p>Je suis rest\u00e9e \u00e9loign\u00e9e de mes enfants pendant 13 ans, mais j&#8217;ai vu le crime de mes propres yeux pendant 13 ans, et <a href=\"https:\/\/wncri.org\/fr\/2019\/07\/28\/maryam-akbari-les-criminels-du-massacre-de-1988-sont-au-pouvoir-en-iran\/\" target=\"_blank\" rel=\"noreferrer noopener\">ma d\u00e9termination s&#8217;est renforc\u00e9e<\/a>.<\/p>\n\n\n\n<p>Il s&#8217;agit d&#8217;un documentaire silencieux sur l&#8217;oppression des femmes : on ne peut pas supporter d&#8217;entendre l&#8217;une d&#8217;entre elles, et encore moins de vivre avec des centaines de ces symboles tortur\u00e9s et de ressentir leur douleur avec la peau et la chair.<\/p>\n\n\n\n<p>En 13 ans, j&#8217;ai vu des dizaines d&#8217;enfants et des centaines d&#8217;adolescents et de jeunes du m\u00eame \u00e2ge que mes filles, je les ai touch\u00e9 et je leur ai parl\u00e9.<\/p>\n\n\n\n\n\n<p><em>La famille de Maryam f\u00eate son anniversaire en son absence. La petite Sara est la premi\u00e8re \u00e0 gauche.<\/em><\/p>\n\n\n\n<p><strong>Garder la foi<\/strong><\/p>\n\n\n\n<p>Si vous me demandez comment j&#8217;ai pu survivre dans l&#8217;obscurit\u00e9 de la torture et l&#8217;\u00e9puisement du temps, je vous r\u00e9pondrai que c&#8217;est gr\u00e2ce \u00e0 la flamme ardente de mon c\u0153ur. Je r\u00e9ponds que la flamme ardente de la foi dans mon c\u0153ur m&#8217;a permis de tenir bon. Au milieu de la solitude et des mains vides, cette flamme chaude et rebelle est ce que les interrogateurs veulent voler \u00e0 la prisonni\u00e8re d\u00e8s le premier moment de son arrestation afin que son \u00eatre se fige et s&#8217;abandonne au joug.<\/p>\n\n\n\n<p>Mais je l&#8217;ai gard\u00e9e allum\u00e9e pendant 13 ans avec la sainte fureur des tortures dont j&#8217;ai \u00e9t\u00e9 t\u00e9moin et qui m&#8217;ont transperc\u00e9 le c\u0153ur ! <a href=\"https:\/\/wncri.org\/2017\/08\/15\/maryam-akbari-monfared-a-rainbow-of-hope\/\" target=\"_blank\" rel=\"noreferrer noopener\">J&#8217;ai ri et j&#8217;ai fait rire les autres<\/a> pour pouvoir tenir bon parce que la r\u00e9sistance est notre c\u0153ur.<\/p>\n\n\n\n<p>Foi en la cause pour laquelle mes fr\u00e8res et s\u0153urs sont morts. Foi dans le chemin que j&#8217;ai emprunt\u00e9 et dans les poings serr\u00e9s et les pas fermes des jeunes qui protestent aujourd&#8217;hui dans les rues contre la dictature au prix de leur corps et de leur vie.<\/p>\n\n\n\n<p>Oui, la foi dans l&#8217;innocence et l&#8217;oppression de <a href=\"https:\/\/wncri.org\/fr\/2017\/11\/05\/iran-un-groupe-de-travail-de-l-onu-a-accepte-la-plainte-de-maryam-akbari\/\" target=\"_blank\" rel=\"noreferrer noopener\">mes fr\u00e8res et s\u0153urs<\/a>, que je n&#8217;ai jamais consid\u00e9r\u00e9s comme morts ; ils \u00e9taient et sont toujours les plus vivants pour moi. Ils m&#8217;ont pris par la main \u00e0 chaque instant de ma d\u00e9tention. Et maintenant, je les retrouve dans les rues d&#8217;Iran.<\/p>\n\n\n\n<p>J&#8217;ai vu Alireza (ex\u00e9cut\u00e9 en 1980) dans les poings serr\u00e9s de ce jeune homme \u00e0 Naziabad.<\/p>\n\n\n\n<p>Roghiyeh ( ex\u00e9cut\u00e9e \u00e0 la prison d&#8217;Evin \u00e0 l&#8217;\u00e9t\u00e9 1988) s&#8217;est dress\u00e9e contre les gardes r\u00e9pressifs. J&#8217;ai entendu la voix d&#8217;Abdoul Reza (ex\u00e9cut\u00e9 \u00e0 Gohardacht au cours de l&#8217;\u00e9t\u00e9 1988) dans les cris incessants des jeunes de son \u00e2ge en faveur de la libert\u00e9.<\/p>\n\n\n\n<p>Je trouve Gholamreza (mort sous la torture \u00e0 la prison d&#8217;Evin en 1985) parmi les jeunes tu\u00e9s sous la torture.<\/p>\n\n\n\n<p>Oui, ils voulaient les enterrer et les garder anonymes, mais nous voyons maintenant comment la g\u00e9n\u00e9ration courageuse continue le chemin des m\u00eames jeunes qui ne se sont pas rendus \u00e0 Khomeini.<\/p>\n\n\n\n\n\n<h3 class=\"wp-block-heading\"><strong>Message aux \u00ab filles et fils sans peur dans la rue \u00bb.<\/strong><\/h3>\n\n\n\n<p>Avec les nouvelles de chaque protestation et de chaque soul\u00e8vement, cette flamme rebelle de la foi \u00e9tincelle dans mon c\u0153ur alors que je me trouve parmi des femmes dont le seul espoir de salut est de briser ces portes de fer.<\/p>\n\n\n\n<p>\u00c0 mes filles et fils intr\u00e9pides dans les rues, j&#8217;aspire passionn\u00e9ment \u00e0 chaque instant \u00e0 \u00eatre avec eux ; si vous \u00eates arr\u00eat\u00e9s, ne faites pas confiance aux interrogateurs. Ils ne sont pas comme nous ! L&#8217;ennemi est l&#8217;ennemi \u00e0 tout moment !<\/p>\n\n\n\n<p>Augmentez autant que possible votre foi en votre cause. Cette foi est la seule chose qui puisse vous aider dans la solitude de l&#8217;isolement.<\/p>\n\n\n\n<p>Je dis aux familles des prisonniers d&#8217;ignorer les promesses, les craintes et les menaces. Vous ne pouvez sauver la vie de vos enfants qu&#8217;en faisant crier les gens et en r\u00e9p\u00e9tant leurs noms ! Aucun interrogateur ne se soucie de votre int\u00e9r\u00eat. Ne restez pas silencieux. Criez !<\/p>\n\n\n\n<p>Aux familles endeuill\u00e9es, \u00e0 toutes les m\u00e8res qui ont sacrifi\u00e9 un \u00eatre cher et \u00e0 tous les fr\u00e8res et s\u0153urs qui ont perdu un fr\u00e8re ou une s\u0153ur, je m&#8217;incline devant leurs martyrs et je leur dis que je partage leur peine. Je leur tends la main de derri\u00e8re les barreaux et leur promets de les soutenir plus fermement que jamais dans leur qu\u00eate de justice.<\/p>\n\n\n\n<p>Je parle de 13 ann\u00e9es de lutte ininterrompue, mais pour r\u00e9sumer, \u00ab Enfin, un jour, je chanterai la victoire depuis le sommet de la montagne, comme le soleil \u00bb. Demain nous appartient.<\/p>\n\n\n\n<h3 class=\"wp-block-heading\"><strong>R\u00e9v\u00e9ler la souffrance des familles des victimes du massacre de 1988<\/strong><\/h3>\n\n\n\n<p>En ao\u00fbt 2022, la prisonni\u00e8re politique Maryam Akbari Monfared a courageusement r\u00e9pondu \u00e0 l&#8217;un des anciens responsables du r\u00e9gime qui a fait de fausses d\u00e9clarations au sujet des familles des victimes du massacre de 1988.<\/p>\n\n\n\n<p>Hossein Mousavi Tabrizi, procureur g\u00e9n\u00e9ral du r\u00e9gime dans les ann\u00e9es 1980, a <a href=\"https:\/\/fr.ncr-iran.org\/communiques-cnri\/droits-humains\/nayeri-le-chef-de-la-commission-de-la-mort-en-1988-defend-le-massacre-des-prisonniers\/\" target=\"_blank\" rel=\"noreferrer noopener\">d\u00e9clar\u00e9<\/a> : \u00ab Les familles des personnes ex\u00e9cut\u00e9es (lors du massacre de 1988) auraient pu se plaindre, mais elles ne l&#8217;ont pas fait !<\/p>\n\n\n\n<p>Les remarques de Tabrizi constituent l&#8217;un des rares aveux des responsables du r\u00e9gime cl\u00e9rical concernant le massacre de 1988, qu&#8217;ils avaient dissimul\u00e9 et ni\u00e9 jusqu&#8217;\u00e0 ces derni\u00e8res ann\u00e9es. Mousavi Tabrizi s&#8217;est exprim\u00e9 \u00e0 la suite de la <a href=\"https:\/\/www.maryam-rajavi.com\/fr\/suede-hamid-noury-khamenei-et-raissi-lhumanite-1988-iran\/\" target=\"_blank\" rel=\"noreferrer noopener\">confirmation par la justice su\u00e9doise de la condamnation \u00e0 perp\u00e9tuit\u00e9<\/a> de <a href=\"https:\/\/wncri.org\/fr\/2021\/08\/19\/hamid-noury-auteur-du-massacre-de-1988-juge-pour-crimes-contre\/\" target=\"_blank\" rel=\"noreferrer noopener\">Hamid Noury<\/a>, l&#8217;un des auteurs du massacre de 1988 dans la prison de Gohardacht \u00e0 Karaj.<\/p>\n\n\n\n<p>La prisonni\u00e8re politique Maryam Akbari Monfared, qui avait \u00e9t\u00e9 <a href=\"https:\/\/wncri.org\/fr\/2021\/03\/10\/prisonniere-politique-maryam-akbari\/\" target=\"_blank\" rel=\"noreferrer noopener\">bannie<\/a> de la prison de Semnan en mars 2021, a r\u00e9pondu au mollah criminel dans une <a href=\"https:\/\/wncri.org\/fr\/2022\/08\/08\/lettre-a-mousavi-tabrizi\/\" target=\"_blank\" rel=\"noreferrer noopener\">lettre ouverte depuis ses ge\u00f4les<\/a>. Extraits de sa lettre :<\/p>\n\n\n\n<h3 class=\"wp-block-heading\"><strong>La nostalgie des doux moments de justice<\/strong><\/h3>\n\n\n\n<p>J&#8217;ai entendu aux nouvelles que les enfants de <a href=\"https:\/\/wncri.org\/fr\/2022\/08\/08\/lettre-a-mousavi-tabrizi\/\" target=\"_blank\" rel=\"noreferrer noopener\">Hamid Noury<\/a> se sont plaints que notre p\u00e8re \u00e9tait tortur\u00e9 ! Quelle dr\u00f4le d&#8217;\u00e9poque.<\/p>\n\n\n\n<p>Ces jours-ci, il a align\u00e9 nos proches et les a emmen\u00e9s dans la salle d&#8217;ex\u00e9cution. Il fait partie de ces personnes qui ont peut-\u00eatre assist\u00e9 aux derniers instants d&#8217;Abdi, et bien s\u00fbr, il est peut-\u00eatre devenu fou de sa bravoure et de sa r\u00e9sistance. C&#8217;est peut-\u00eatre lui qui, avec toute sa haine, a retir\u00e9 le tabouret de sous les pieds d&#8217;Abdi. Il est heureux et fier de l&#8217;ex\u00e9cution de milliers de personnes comme Abdi. Il a fait de la prison un enfer pour les prisonniers politiques afin qu&#8217;ils brisent leur r\u00e9sistance.<\/p>\n\n\n\n<p>Aujourd&#8217;hui, il se trouve dans l&#8217;une des meilleures prisons. Ses paroles ont \u00e9t\u00e9 entendues avec justice, mais il pr\u00e9tend \u00eatre tortur\u00e9 ! Si c&#8217;est de la torture, alors qu&#8217;est-ce que nos familles, nos m\u00e8res et ma m\u00e8re, Gorgi, ont endur\u00e9 ?<\/p>\n\n\n\n<p>Dans le coin de ma cellule, sous une chaleur fi\u00e9vreuse, je m&#8217;abandonne aux r\u00eaves des ann\u00e9es lointaines o\u00f9 j&#8217;avais l&#8217;\u00e2ge de mes enfants. Je me souviens de l&#8217;\u00e9poque o\u00f9 j&#8217;accompagnais ma m\u00e8re dans ses d\u00e9placements vers les prisons d&#8217;Evin et de Gohardacht.<\/p>\n\n\n\n<p>Je me souviens de la derni\u00e8re visite \u00e0 Abdi. Apr\u00e8s des mois pass\u00e9s dans l&#8217;obscurit\u00e9, on nous a remis un sac contenant ses v\u00eatements ensanglant\u00e9s par la torture.<\/p>\n\n\n\n<p>Je me souviens que ma m\u00e8re se rendait dans une pi\u00e8ce remplie de photos (de mes fr\u00e8res et s\u0153urs). Elle fermait la porte pour \u00eatre seule avec ses enfants, qui \u00e9taient toujours jeunes dans ces cadres. Elle ne voulait pas que je voie ses larmes.<\/p>\n\n\n\n<p>Je me souviens du jour o\u00f9 ce chagrin l&#8217;a emport\u00e9e pour toujours \u00e0 l&#8217;\u00e2ge de 40 ans.<\/p>\n\n\n\n<p>Y a-t-il des mots pour d\u00e9crire ces tortures ?<\/p>\n\n\n\n<p>Nous avons v\u00e9cu la terrible d\u00e9cennie des ann\u00e9es 1980, c&#8217;est pourquoi nous pensons \u00e0 la justice et cherchons \u00e0 obtenir justice pour que les g\u00e9n\u00e9rations futures d&#8217;Iran ne vivent pas une exp\u00e9rience aussi horrible.<\/p>\n\n\n\n<p>La justice est plus pr\u00e9cieuse que l&#8217;amour, m\u00eame l&#8217;amour maternel pour mes enfants. Je me suis lev\u00e9e pour demander justice parce que j&#8217;aime mes enfants.<\/p>\n\n\n\n<p>L&#8217;incapacit\u00e9 \u00e0 traduire le chah et la SAVAK en justice a ouvert la voie \u00e0 ce r\u00e9gime pour qu&#8217;il r\u00e9p\u00e8te (ce que le chah a fait). Mais nous sommes d\u00e9termin\u00e9s \u00e0 rendre la justice \u00e0 l&#8217;Iran pour toujours, et la condamnation de Hamid Nouri est un pas, certes petit mais qualitatif, dans cette direction.<\/p>\n\n\n\n<p>Nous sommes heureux de sortir de l&#8217;impasse qui nous a \u00e9t\u00e9 refus\u00e9e pendant trois d\u00e9cennies. Tout le monde voulait nous discr\u00e9diter et priver le gouvernement de notre peine au profit d&#8217;autres plaignants ! Mais nous avons support\u00e9 nos souffrances pendant toutes ces ann\u00e9es juste pour ce moment &#8211; les moments doux et prometteurs de la justice.&nbsp;&nbsp;&nbsp;&nbsp;&nbsp;&nbsp;<\/p>\n\n\n\n<h3 class=\"wp-block-heading\"><strong>Pas d&#8217;\u00e9chappatoire \u00e0 la justice<\/strong><\/h3>\n\n\n\n<p>J&#8217;ai entendu Mousavi Tabrizi d\u00e9clarer que \u00ab les familles auraient pu se plaindre, mais elles ne l&#8217;ont pas fait \u00bb.<\/p>\n\n\n\n<p>Peut-\u00eatre l&#8217;avez-vous oubli\u00e9 ; permettez-moi de vous rappeler que les familles n&#8217;avaient m\u00eame pas le droit d&#8217;organiser une c\u00e9r\u00e9monie (fun\u00e9raire). Dans les m\u00eames c\u00e9r\u00e9monies de deuil familial, vous les arr\u00eatiez ainsi que tous les invit\u00e9s et les envoyiez en prison.<\/p>\n\n\n\n<p>Vous n&#8217;avez pas remis les corps de leurs proches aux familles ; vous ne leur avez pas dit o\u00f9 ils \u00e9taient enterr\u00e9s, ni m\u00eame une adresse ! Et maintenant, trois d\u00e9cennies apr\u00e8s le massacre, vous parlez de porter plainte ? J&#8217;ai d\u00e9pos\u00e9 une plainte trois d\u00e9cennies plus tard. Que m&#8217;avez-vous fait, si ce n&#8217;est des menaces, le bannissement et la poursuite de <a href=\"https:\/\/wncri.org\/fr\/2021\/09\/01\/conference-sur-le-massacre-et-le-genocide-de-1988\/\" target=\"_blank\" rel=\"noreferrer noopener\">l&#8217;emprisonnement ill\u00e9gal<\/a> ?<\/p>\n\n\n\n<p>Personne ne peut \u00e9chapper \u00e0 la justice. J&#8217;ai fait le v\u0153u de ne pas abandonner jusqu&#8217;\u00e0 ce que tous les cerveaux et les auteurs du massacre de nos proches soient traduits en justice.<\/p>\n\n\n\n<p>Nos blessures sont encore vives. Il ne s&#8217;est pas \u00e9coul\u00e9 trois d\u00e9cennies, ni m\u00eame trois jours depuis ce qui nous est arriv\u00e9 ! C&#8217;est comme si cela s&#8217;\u00e9tait pass\u00e9 aujourd&#8217;hui.<\/p>\n\n\n\n<p>La chaleur du mois d&#8217;ao\u00fbt br\u00fble encore nos c\u0153urs, et toutes ces ann\u00e9es, nous avons souffert. Mais le jour o\u00f9 nos appels \u00e0 la justice aboutiront, nos blessures se refermeront. Le massacre se poursuit. Les ex\u00e9cutions et les <a href=\"https:\/\/wncri.org\/fr\/2021\/08\/28\/maryam-akbari-monfared-maltraitee-pour-avoir-cherche-la-verite-et\/\" target=\"_blank\" rel=\"noreferrer noopener\">meurtres d&#8217;innocents<\/a> se poursuivent. Le massacre des manifestants en 2009, 2017-2018 et 2019 est la continuation du massacre de 1988.<\/p>\n\n\n\n<p>Notre persistance \u00e0 <a href=\"https:\/\/wncri.org\/2021\/07\/30\/maryam-akbari-expresses-her-solidarity-with-khuzestan-from-behind-bars\/\" target=\"_blank\" rel=\"noreferrer noopener\">demander justice<\/a> pour le massacre de 1988 est identique \u00e0 notre lutte pour la libert\u00e9. Nous persistons \u00e0 demander justice pour qu&#8217;aucune famille ne souffre plus.<\/p>\n\n\n\n<p>Ces jours-ci, je pense \u00e0 mes proches, Roghiyeh, Abdi (Abdolreza), Alireza et Gholam-Reza, qui sont vivants en moi. Et je me souviens toujours d&#8217;eux avec un sourire, comme s&#8217;ils \u00e9taient mes gardiens dans ce donjon.<\/p>\n\n\n\n<p>L&#8217;aube de la justice percera les nuages sombres et orageux. Ce jour-l\u00e0, nous ressentirons l&#8217;amour de tout notre c\u0153ur. La victoire est \u00e0 nous<\/p>\n\n\n\n<h3 class=\"wp-block-heading\"><strong>Appel \u00e0 la lib\u00e9ration de Maryam Akbari Monfared et de tous les prisonniers politiques<\/strong><\/h3>\n\n\n\n<p>La Commission des femmes du Conseil national de la R\u00e9sistance iranienne appelle une nouvelle fois le Haut Commissaire des Nations Unies et le Conseil des droits de l&#8217;homme, le <a href=\"https:\/\/www.ohchr.org\/en\/special-procedures\/sr-iran\" target=\"_blank\" rel=\"noreferrer noopener\">Rapporteur sp\u00e9cial sur les droits de l&#8217;homme en Iran<\/a>, <a href=\"https:\/\/www.ohchr.org\/fr\/special-procedures\/sr-violence-against-women\" target=\"_blank\" rel=\"noreferrer noopener\">le Rapporteur sp\u00e9cial sur la violence contre les femmes<\/a> et les autres d\u00e9fenseurs des droits de l&#8217;homme et des droits des femmes \u00e0 condamner fermement le traitement inhumain des prisonniers politiques, en particulier des femmes, par le r\u00e9gime cl\u00e9rical et \u00e0 prendre des mesures imm\u00e9diates pour la lib\u00e9ration de Maryam Akbari Monfared.<\/p>\n","protected":false},"excerpt":{"rendered":"<p>La prisonni\u00e8re politique Maryam Akbari Monfared transf\u00e9r\u00e9e \u00e0 la tristement c\u00e9l\u00e8bre prison de Qarchak apr\u00e8s avoir purg\u00e9 une peine de 15 ans Apr\u00e8s avoir prolong\u00e9 de 2 ans la peine de la prisonni\u00e8re politique Maryam Akbari Monfared, le pouvoir judiciaire criminel iranien a commis un autre acte inhumain le 22 octobre 2009, en ordonnant son [&hellip;]<\/p>\n","protected":false},"author":4,"featured_media":21432,"comment_status":"closed","ping_status":"closed","sticky":false,"template":"","format":"standard","meta":{"jnews-multi-image_gallery":[],"jnews_single_post":{"format":"standard"},"jnews_primary_category":[],"jnews_social_meta":[],"jnews_override_counter":[],"footnotes":""},"categories":[7],"tags":[382,370,376],"class_list":["post-21260","post","type-post","status-publish","format-standard","has-post-thumbnail","hentry","category-les-regles","tag-generation-egalite","tag-prisonnieres","tag-violence-contre-les-femmes"],"_links":{"self":[{"href":"https:\/\/wncri.org\/fr\/wp-json\/wp\/v2\/posts\/21260","targetHints":{"allow":["GET"]}}],"collection":[{"href":"https:\/\/wncri.org\/fr\/wp-json\/wp\/v2\/posts"}],"about":[{"href":"https:\/\/wncri.org\/fr\/wp-json\/wp\/v2\/types\/post"}],"author":[{"embeddable":true,"href":"https:\/\/wncri.org\/fr\/wp-json\/wp\/v2\/users\/4"}],"replies":[{"embeddable":true,"href":"https:\/\/wncri.org\/fr\/wp-json\/wp\/v2\/comments?post=21260"}],"version-history":[{"count":2,"href":"https:\/\/wncri.org\/fr\/wp-json\/wp\/v2\/posts\/21260\/revisions"}],"predecessor-version":[{"id":21436,"href":"https:\/\/wncri.org\/fr\/wp-json\/wp\/v2\/posts\/21260\/revisions\/21436"}],"wp:featuredmedia":[{"embeddable":true,"href":"https:\/\/wncri.org\/fr\/wp-json\/wp\/v2\/media\/21432"}],"wp:attachment":[{"href":"https:\/\/wncri.org\/fr\/wp-json\/wp\/v2\/media?parent=21260"}],"wp:term":[{"taxonomy":"category","embeddable":true,"href":"https:\/\/wncri.org\/fr\/wp-json\/wp\/v2\/categories?post=21260"},{"taxonomy":"post_tag","embeddable":true,"href":"https:\/\/wncri.org\/fr\/wp-json\/wp\/v2\/tags?post=21260"}],"curies":[{"name":"wp","href":"https:\/\/api.w.org\/{rel}","templated":true}]}}