{"id":21242,"date":"2024-10-30T14:30:20","date_gmt":"2024-10-30T13:30:20","guid":{"rendered":"https:\/\/wncri.org\/fr\/?p=21242"},"modified":"2024-10-31T14:32:34","modified_gmt":"2024-10-31T13:32:34","slug":"parissa-bahmani","status":"publish","type":"post","link":"https:\/\/wncri.org\/fr\/2024\/10\/30\/parissa-bahmani\/","title":{"rendered":"Parissa Bahmani"},"content":{"rendered":"\n<h2 class=\"wp-block-heading\">Une chirurgienne compatissante et une combattante de la libert\u00e9<\/h2>\n\n\n\n<p>Parissa Bahmani, chirurgienne \u00e9minente et \u00e9prise de libert\u00e9, est n\u00e9e le 21 avril 1970 \u00e0 <a href=\"https:\/\/fr.wikipedia.org\/wiki\/Zandjan\" target=\"_blank\" rel=\"noreferrer noopener\">Zandjan<\/a>, une ville du nord-ouest de l&#8217;Iran. Sp\u00e9cialiste de la chirurgie g\u00e9n\u00e9rale et de l&#8217;oncologie, elle a \u00e9tudi\u00e9 \u00e0 l&#8217;universit\u00e9 de Lyon, en France, et bien qu&#8217;elle ait obtenu des permis de s\u00e9jour au Canada et en France, elle a choisi de rester en Iran, au service de son peuple.<\/p>\n\n\n\n<p>Le 26 octobre 2022, lors du soul\u00e8vement national de 2022, Parissa s&#8217;est <a href=\"https:\/\/wncri.org\/fr\/2022\/10\/29\/etudiants-iraniens\/\" target=\"_blank\" rel=\"noreferrer noopener\">jointe \u00e0 un rassemblement<\/a>\u00a0pacifique de m\u00e9decins devant le b\u00e2timent du Conseil m\u00e9dical de T\u00e9h\u00e9ran. Cependant, des dizaines de motards et les forces de s\u00e9curit\u00e9 ont attaqu\u00e9 le rassemblement des m\u00e9decins et ont ouvert le feu sur la foule. Le Dr Parissa Bahmani, touch\u00e9e par une balle, faisait partie des bless\u00e9s<a href=\"https:\/\/wncri.org\/fr\/2022\/11\/06\/arrestations-2\/\" target=\"_blank\" rel=\"noreferrer noopener\">. Elle a succomb\u00e9 \u00e0 ses blessures<\/a> le 28 octobre 2022.<\/p>\n\n\n\n<p>Elle repose au cimeti\u00e8re de Behesht-e Zahra, \u00e0 T\u00e9h\u00e9ran, dans la section 7, rang\u00e9e 8, tombe 15.<\/p>\n\n\n\n<p>Dans les jours qui ont suivi sa mort tragique, les responsables iraniens ont donn\u00e9 des versions contradictoires. Le responsable des relations publiques de l&#8217;Ordre des m\u00e9decins, sous la pression des autorit\u00e9s charg\u00e9es de la s\u00e9curit\u00e9, a affirm\u00e9 que la mort du Dr Parissa Bahmani \u00e9tait due \u00e0 un accident de bus. Le procureur de T\u00e9h\u00e9ran a \u00e9galement affirm\u00e9 que son d\u00e9c\u00e8s n&#8217;\u00e9tait pas li\u00e9 aux manifestations organis\u00e9es devant le b\u00e2timent de l&#8217;Ordre des m\u00e9decins.<\/p>\n\n\n\n<p>Parissa Bahmani a consacr\u00e9 sa vie et son travail \u00e0 aider les autres. Elle a sacrifi\u00e9 une vie confortable \u00e0 l&#8217;\u00e9tranger, choisissant plut\u00f4t de rester en Iran, o\u00f9 elle a apport\u00e9 son expertise de mani\u00e8re d\u00e9sint\u00e9ress\u00e9e.<\/p>\n\n\n<div class=\"wp-block-image\">\n<figure class=\"aligncenter size-large\"><img decoding=\"async\" src=\"data:image\/gif;base64,R0lGODlhAQABAIAAAAAAAP\/\/\/yH5BAEAAAAALAAAAAABAAEAAAIBRAA7\" data-src=\"https:\/\/wncri.org\/fr\/wp-content\/uploads\/2024\/10\/Dr.-Parisa-Bahmani-2-min-1024x576.jpg\" alt=\"Parissa Bahmani\" class=\"wp-image-21246 lazyload\"\/><noscript><img decoding=\"async\" width=\"1024\" height=\"576\" src=\"https:\/\/wncri.org\/fr\/wp-content\/uploads\/2024\/10\/Dr.-Parisa-Bahmani-2-min-1024x576.jpg\" alt=\"Parissa Bahmani\" class=\"wp-image-21246 lazyload\" srcset=\"https:\/\/wncri.org\/fr\/wp-content\/uploads\/2024\/10\/Dr.-Parisa-Bahmani-2-min-1024x576.jpg 1024w, https:\/\/wncri.org\/fr\/wp-content\/uploads\/2024\/10\/Dr.-Parisa-Bahmani-2-min-300x169.jpg 300w, https:\/\/wncri.org\/fr\/wp-content\/uploads\/2024\/10\/Dr.-Parisa-Bahmani-2-min-768x432.jpg 768w, https:\/\/wncri.org\/fr\/wp-content\/uploads\/2024\/10\/Dr.-Parisa-Bahmani-2-min-750x422.jpg 750w, https:\/\/wncri.org\/fr\/wp-content\/uploads\/2024\/10\/Dr.-Parisa-Bahmani-2-min-1140x641.jpg 1140w, https:\/\/wncri.org\/fr\/wp-content\/uploads\/2024\/10\/Dr.-Parisa-Bahmani-2-min.jpg 1200w\" sizes=\"(max-width: 1024px) 100vw, 1024px\" \/><\/noscript><\/figure>\n<\/div>","protected":false},"excerpt":{"rendered":"<p>Une chirurgienne compatissante et une combattante de la libert\u00e9 Parissa Bahmani, chirurgienne \u00e9minente et \u00e9prise de libert\u00e9, est n\u00e9e le 21 avril 1970 \u00e0 Zandjan, une ville du nord-ouest de l&#8217;Iran. Sp\u00e9cialiste de la chirurgie g\u00e9n\u00e9rale et de l&#8217;oncologie, elle a \u00e9tudi\u00e9 \u00e0 l&#8217;universit\u00e9 de Lyon, en France, et bien qu&#8217;elle ait obtenu des permis [&hellip;]<\/p>\n","protected":false},"author":4,"featured_media":21245,"comment_status":"closed","ping_status":"closed","sticky":false,"template":"","format":"standard","meta":{"jnews-multi-image_gallery":[],"jnews_single_post":{"format":"standard"},"jnews_primary_category":[],"jnews_social_meta":[],"jnews_override_counter":[],"footnotes":""},"categories":[25],"tags":[382,376],"class_list":["post-21242","post","type-post","status-publish","format-standard","has-post-thumbnail","hentry","category-tombees-pour-la-liberte","tag-generation-egalite","tag-violence-contre-les-femmes"],"_links":{"self":[{"href":"https:\/\/wncri.org\/fr\/wp-json\/wp\/v2\/posts\/21242","targetHints":{"allow":["GET"]}}],"collection":[{"href":"https:\/\/wncri.org\/fr\/wp-json\/wp\/v2\/posts"}],"about":[{"href":"https:\/\/wncri.org\/fr\/wp-json\/wp\/v2\/types\/post"}],"author":[{"embeddable":true,"href":"https:\/\/wncri.org\/fr\/wp-json\/wp\/v2\/users\/4"}],"replies":[{"embeddable":true,"href":"https:\/\/wncri.org\/fr\/wp-json\/wp\/v2\/comments?post=21242"}],"version-history":[{"count":1,"href":"https:\/\/wncri.org\/fr\/wp-json\/wp\/v2\/posts\/21242\/revisions"}],"predecessor-version":[{"id":21247,"href":"https:\/\/wncri.org\/fr\/wp-json\/wp\/v2\/posts\/21242\/revisions\/21247"}],"wp:featuredmedia":[{"embeddable":true,"href":"https:\/\/wncri.org\/fr\/wp-json\/wp\/v2\/media\/21245"}],"wp:attachment":[{"href":"https:\/\/wncri.org\/fr\/wp-json\/wp\/v2\/media?parent=21242"}],"wp:term":[{"taxonomy":"category","embeddable":true,"href":"https:\/\/wncri.org\/fr\/wp-json\/wp\/v2\/categories?post=21242"},{"taxonomy":"post_tag","embeddable":true,"href":"https:\/\/wncri.org\/fr\/wp-json\/wp\/v2\/tags?post=21242"}],"curies":[{"name":"wp","href":"https:\/\/api.w.org\/{rel}","templated":true}]}}