{"id":21234,"date":"2024-10-30T13:50:14","date_gmt":"2024-10-30T12:50:14","guid":{"rendered":"https:\/\/wncri.org\/fr\/?p=21234"},"modified":"2024-10-30T13:50:15","modified_gmt":"2024-10-30T12:50:15","slug":"les-familles-des-condamnes-a-mort","status":"publish","type":"post","link":"https:\/\/wncri.org\/fr\/2024\/10\/30\/les-familles-des-condamnes-a-mort\/","title":{"rendered":"Les familles des condamn\u00e9s \u00e0 mort protestent contre les ex\u00e9cutions en Iran"},"content":{"rendered":"\n<h2 class=\"wp-block-heading\">Manifestation \u00e0 l&#8217;occasion de la 40e semaine de la campagne \u00ab Les mardis contre l&#8217;ex\u00e9cution \u00bb<\/h2>\n\n\n\n<p>Le mardi 29 octobre 2024, co\u00efncidant avec la 40e semaine de la campagne \u00ab Les mardis contre l&#8217;ex\u00e9cution \u00bb, un grand groupe de familles de condamn\u00e9s \u00e0 mort s&#8217;est rassembl\u00e9 \u00e0 T\u00e9h\u00e9ran pour protester. Elles ont march\u00e9 vers le parlement en scandant \u00ab Pas d&#8217;ex\u00e9cution ! \u00bb.<\/p>\n\n\n\n<p>La semaine derni\u00e8re, \u00e0 l&#8217;occasion de la <a href=\"https:\/\/wncri.org\/fr\/2024\/10\/24\/familles-de-condamnes-a-mort-2\/\" target=\"_blank\" rel=\"noreferrer noopener\">39e semaine<\/a> de la campagne \u00ab Les mardis contre l&#8217;ex\u00e9cution \u00bb, des familles de condamn\u00e9s \u00e0 mort ont \u00e9galement <a href=\"https:\/\/wncri.org\/fr\/2024\/10\/24\/familles-de-condamnes-a-mort-2\/\" target=\"_blank\" rel=\"noreferrer noopener\">manifest\u00e9 devant le Parlement<\/a> \u00e0 T\u00e9h\u00e9ran.<\/p>\n\n\n\n<p>En octobre et novembre 2023, une <a href=\"https:\/\/wncri.org\/fr\/2023\/05\/16\/familles-de-prisonniers\/\" target=\"_blank\" rel=\"noreferrer noopener\">s\u00e9rie de manifestations<\/a> et de rassemblements ont eu lieu \u00e0 T\u00e9h\u00e9ran et \u00e0 Karadj, \u00e0 l&#8217;initiative de familles de condamn\u00e9s \u00e0 mort. Ces manifestations ont finalement \u00e9t\u00e9 r\u00e9prim\u00e9es et r\u00e9prim\u00e9es par les forces de s\u00e9curit\u00e9.<\/p>\n\n\n\n<h3 class=\"wp-block-heading\"><strong>Participation accrue \u00e0 la campagne<\/strong><\/h3>\n\n\n\n<p>Lors de la 40e semaine de la campagne \u00ab Les mardis contre l&#8217;ex\u00e9cution \u00bb, l&#8217;ajout de la prison de <a href=\"https:\/\/en.wikipedia.org\/wiki\/Kahnuj\" target=\"_blank\" rel=\"noreferrer noopener\">Kahnouj<\/a> a port\u00e9 \u00e0 24 le nombre total de prisons participantes. Les prisons participantes sont les suivantes<\/p>\n\n\n\n<p>&#8211; Evin (quartier des femmes, quartiers 4 et 8)<\/p>\n\n\n\n<p>&#8211; Ghezal Hessar (unit\u00e9s 3 et 4)<\/p>\n\n\n\n<p>&#8211; Centre de Karadj<\/p>\n\n\n\n<p>&#8211; Grand T\u00e9h\u00e9ran<\/p>\n\n\n\n<p>&#8211; Khorramabad<\/p>\n\n\n\n<p>&#8211; Arak<\/p>\n\n\n\n<p>&#8211; Asadabad, Ispahan<\/p>\n\n\n\n<p>&#8211; Nezam, Chiraz<\/p>\n\n\n\n<p>&#8211; Bam<\/p>\n\n\n\n<p>&#8211; Machhad<\/p>\n\n\n\n<p>&#8211; Lakan, Racht (quartiers des femmes et des hommes)<\/p>\n\n\n\n<p>&#8211; Qaemchahr<\/p>\n\n\n\n<p>&#8211; Ardabil<\/p>\n\n\n\n<p>&#8211; Tabriz<\/p>\n\n\n\n<p>&#8211; Ourmia<\/p>\n\n\n\n<p>&#8211; Salmas<\/p>\n\n\n\n<p>&#8211; Khoy<\/p>\n\n\n\n<p>&#8211; Naqadeh<\/p>\n\n\n\n<p>&#8211; Saqqez<\/p>\n\n\n\n<p>&#8211; Baneh<\/p>\n\n\n\n<p>&#8211; Marivan<\/p>\n\n\n\n<p>&#8211; Kamyaran<\/p>\n\n\n\n<p>&#8211; Chiban, Ahvaz<\/p>\n\n\n\n<p>&#8211; Kahnouj<\/p>\n\n\n\n<h3 class=\"wp-block-heading\"><strong>Rapports poignants de prisonniers<\/strong><\/h3>\n\n\n\n<p>Dans un communiqu\u00e9, les prisonniers participants ont d\u00e9clar\u00e9 \u00ab Dans le r\u00e9gime m\u00e9di\u00e9val qui gouverne l&#8217;Iran, nous assistons \u00e0 une augmentation quotidienne des ex\u00e9cutions. Depuis le 22 octobre 2024, 27 personnes ont \u00e9t\u00e9 pendues en 3 jours, soit une moyenne de 7 ex\u00e9cutions par jour. Depuis le d\u00e9but de l&#8217;ann\u00e9e, pr\u00e8s de 567 personnes ont \u00e9t\u00e9 ex\u00e9cut\u00e9es, dont seulement 150 entre le 22 septembre et le 21 octobre. \u00bb<\/p>\n\n\n\n<p>Malheureusement, la veille, <a href=\"https:\/\/www.maryam-rajavi.com\/fr\/jamshid-sharmahad-execution-cnri-declaration\/\" target=\"_blank\" rel=\"noreferrer noopener\">Jamshid Sharmahd<\/a> a \u00e9t\u00e9 ex\u00e9cut\u00e9 apr\u00e8s 4 ans d&#8217;emprisonnement. Il avait \u00e9t\u00e9 d\u00e9tenu dans un centre de d\u00e9tention de s\u00e9curit\u00e9 pendant tout ce temps. Les agences de s\u00e9curit\u00e9 n&#8217;ont pas autoris\u00e9 son transfert dans un service g\u00e9n\u00e9ral pendant 4 ans, dans le but de dissimuler les tortures et les violations des droits de l&#8217;homme qu&#8217;il a subies.<\/p>\n\n\n\n<h3 class=\"wp-block-heading\"><strong>R\u00e9silience face \u00e0 la r\u00e9pression<\/strong><\/h3>\n\n\n\n<p>La d\u00e9claration des prisonniers en gr\u00e8ve souligne \u00e9galement : \u00ab Malgr\u00e9 la r\u00e9pression et la peur instill\u00e9e dans la soci\u00e9t\u00e9, la r\u00e9sistance et la t\u00e9nacit\u00e9 se poursuivent. La semaine derni\u00e8re, lors de la campagne \u00ab Les mardis contre les ex\u00e9cutions \u00bb, un groupe de familles de condamn\u00e9s \u00e0 mort s&#8217;est rassembl\u00e9 devant le parlement pour protester contre les ex\u00e9cutions.<\/p>\n","protected":false},"excerpt":{"rendered":"<p>Manifestation \u00e0 l&#8217;occasion de la 40e semaine de la campagne \u00ab Les mardis contre l&#8217;ex\u00e9cution \u00bb Le mardi 29 octobre 2024, co\u00efncidant avec la 40e semaine de la campagne \u00ab Les mardis contre l&#8217;ex\u00e9cution \u00bb, un grand groupe de familles de condamn\u00e9s \u00e0 mort s&#8217;est rassembl\u00e9 \u00e0 T\u00e9h\u00e9ran pour protester. Elles ont march\u00e9 vers le [&hellip;]<\/p>\n","protected":false},"author":4,"featured_media":21235,"comment_status":"closed","ping_status":"closed","sticky":false,"template":"","format":"standard","meta":{"jnews-multi-image_gallery":[],"jnews_single_post":{"format":"standard"},"jnews_primary_category":[],"jnews_social_meta":[],"jnews_override_counter":[],"footnotes":""},"categories":[3],"tags":[367,369],"class_list":["post-21234","post","type-post","status-publish","format-standard","has-post-thumbnail","hentry","category-infos-des-femmes","tag-execution","tag-manifestations"],"_links":{"self":[{"href":"https:\/\/wncri.org\/fr\/wp-json\/wp\/v2\/posts\/21234","targetHints":{"allow":["GET"]}}],"collection":[{"href":"https:\/\/wncri.org\/fr\/wp-json\/wp\/v2\/posts"}],"about":[{"href":"https:\/\/wncri.org\/fr\/wp-json\/wp\/v2\/types\/post"}],"author":[{"embeddable":true,"href":"https:\/\/wncri.org\/fr\/wp-json\/wp\/v2\/users\/4"}],"replies":[{"embeddable":true,"href":"https:\/\/wncri.org\/fr\/wp-json\/wp\/v2\/comments?post=21234"}],"version-history":[{"count":1,"href":"https:\/\/wncri.org\/fr\/wp-json\/wp\/v2\/posts\/21234\/revisions"}],"predecessor-version":[{"id":21236,"href":"https:\/\/wncri.org\/fr\/wp-json\/wp\/v2\/posts\/21234\/revisions\/21236"}],"wp:featuredmedia":[{"embeddable":true,"href":"https:\/\/wncri.org\/fr\/wp-json\/wp\/v2\/media\/21235"}],"wp:attachment":[{"href":"https:\/\/wncri.org\/fr\/wp-json\/wp\/v2\/media?parent=21234"}],"wp:term":[{"taxonomy":"category","embeddable":true,"href":"https:\/\/wncri.org\/fr\/wp-json\/wp\/v2\/categories?post=21234"},{"taxonomy":"post_tag","embeddable":true,"href":"https:\/\/wncri.org\/fr\/wp-json\/wp\/v2\/tags?post=21234"}],"curies":[{"name":"wp","href":"https:\/\/api.w.org\/{rel}","templated":true}]}}