{"id":21206,"date":"2024-10-25T20:59:19","date_gmt":"2024-10-25T18:59:19","guid":{"rendered":"https:\/\/wncri.org\/fr\/?p=21206"},"modified":"2024-10-27T21:04:17","modified_gmt":"2024-10-27T20:04:17","slug":"maedeh-javanfar","status":"publish","type":"post","link":"https:\/\/wncri.org\/fr\/2024\/10\/25\/maedeh-javanfar\/","title":{"rendered":"Maedeh Javanfar"},"content":{"rendered":"\n<h2 class=\"wp-block-heading\">Une infirmi\u00e8re compatissante<\/h2>\n\n\n\n<h4 class=\"wp-block-heading\">Maedeh Javanfar, une infirmi\u00e8re de 28 ans, est n\u00e9e \u00e0 <a href=\"https:\/\/fr.wikipedia.org\/wiki\/Ramsar_(Iran)\" target=\"_blank\" rel=\"noreferrer noopener\">Ramsar<\/a>, une ville c\u00f4ti\u00e8re du nord de l&#8217;Iran. <\/h4>\n\n\n\n<p>En 2012, apr\u00e8s avoir obtenu les meilleures notes aux examens nationaux d&#8217;entr\u00e9e \u00e0 l&#8217;universit\u00e9, elle est entr\u00e9e \u00e0 l&#8217;\u00e9cole d&#8217;infirmi\u00e8res de l&#8217;universit\u00e9 de Gilan. Apr\u00e8s ses \u00e9tudes, elle a travaill\u00e9 dans un h\u00f4pital de Racht, la capitale de la province de Gilan.<\/p>\n\n\n\n<p>Maedeh \u00e9tait profond\u00e9ment d\u00e9vou\u00e9e \u00e0 la profession d&#8217;infirmi\u00e8re, qu&#8217;elle exer\u00e7ait depuis huit ans. Tout au long de la pand\u00e9mie de COVID-19, malgr\u00e9 les bas salaires, elle a pris plusieurs gardes et s&#8217;est occup\u00e9e sans rel\u00e2che des patients avec un engagement in\u00e9branlable.<\/p>\n\n\n\n<p>Dans la soir\u00e9e du mardi 25 octobre 2022, des <a href=\"https:\/\/wncri.org\/fr\/2023\/03\/13\/lutte-pour-la-liberte\/\" target=\"_blank\" rel=\"noreferrer noopener\">manifestations ont \u00e9clat\u00e9<\/a> dans les rues de Racht. Les forces de s\u00e9curit\u00e9 tirent sur la foule. Soudain, un jeune homme qui se trouvait \u00e0 proximit\u00e9 a \u00e9t\u00e9 touch\u00e9 par une balle et s&#8217;est effondr\u00e9 sur le sol. Maedeh, compatissante et courageuse, s&#8217;est pr\u00e9cipit\u00e9e pour l&#8217;aider. Cependant, avant qu&#8217;elle ne puisse atteindre le bless\u00e9, la milice des bassidjis et les gardiens de la r\u00e9volution l&#8217;ont attaqu\u00e9e, la frappant brutalement au visage. Les coups \u00e9taient si violents que Maedeh a <a href=\"https:\/\/wncri.org\/fr\/2022\/10\/29\/etudiants-iraniens\/\" target=\"_blank\" rel=\"noreferrer noopener\">perdu la vie sur le coup<\/a>.<\/p>\n\n\n\n<p>Les forces de s\u00e9curit\u00e9 ont emport\u00e9 le corps sans vie de Maedeh. Le lendemain matin, \u00e0 10 heures, elles ont appel\u00e9 sa famille, pr\u00e9tendant que Maedeh \u00e9tait morte dans un accident de la route sur l&#8217;autoroute T\u00e9h\u00e9ran- Racht. Ils ont demand\u00e9 \u00e0 la famille de r\u00e9cup\u00e9rer son corps dans la ville de Qazvin. \u00c0 leur arriv\u00e9e, les membres de la famille ont constat\u00e9 que la t\u00eate de Maedeh \u00e9tait intacte, mais que ses yeux portaient de profondes ecchymoses dues \u00e0 des coups r\u00e9p\u00e9t\u00e9s.<\/p>\n\n\n\n<p>Le rapport m\u00e9dico-l\u00e9gal a indiqu\u00e9 que Maedeh Javanfar \u00e9tait morte des suites d&#8217;un traumatisme cr\u00e2nien. Les agents de s\u00e9curit\u00e9 n&#8217;ont autoris\u00e9 sa famille \u00e0 prendre son corps qu&#8217;\u00e0 condition qu&#8217;ils d\u00e9clarent qu&#8217;elle \u00e9tait morte dans un accident de voiture.<\/p>\n\n\n\n<p>Le vendredi 28 octobre 2022, lorsque la famille est arriv\u00e9e pour l&#8217;enterrement de Maedeh, les forces de s\u00e9curit\u00e9 \u00e9taient d\u00e9j\u00e0 pr\u00e9sentes. Elles ont emp\u00each\u00e9 la famille de faire les pri\u00e8res fun\u00e9raires en disant : \u00ab Nous l&#8217;avons d\u00e9j\u00e0 fait nous-m\u00eames \u00bb. Rapidement, avant que la foule ne se rassemble, ils l&#8217;ont enterr\u00e9e discr\u00e8tement dans le cimeti\u00e8re de Behecht-e Zeinabiyeh \u00e0 Ramsar, sous haute surveillance.<\/p>\n\n\n<div class=\"wp-block-image\">\n<figure class=\"aligncenter size-large\"><img decoding=\"async\" src=\"data:image\/gif;base64,R0lGODlhAQABAIAAAAAAAP\/\/\/yH5BAEAAAAALAAAAAABAAEAAAIBRAA7\" data-src=\"https:\/\/wncri.org\/fr\/wp-content\/uploads\/2024\/10\/Maedeh-Javanfar-2-min-1024x576.jpg\" alt=\"Maedeh Javanfar\" class=\"wp-image-21207 lazyload\"\/><noscript><img decoding=\"async\" width=\"1024\" height=\"576\" src=\"https:\/\/wncri.org\/fr\/wp-content\/uploads\/2024\/10\/Maedeh-Javanfar-2-min-1024x576.jpg\" alt=\"Maedeh Javanfar\" class=\"wp-image-21207 lazyload\" srcset=\"https:\/\/wncri.org\/fr\/wp-content\/uploads\/2024\/10\/Maedeh-Javanfar-2-min-1024x576.jpg 1024w, https:\/\/wncri.org\/fr\/wp-content\/uploads\/2024\/10\/Maedeh-Javanfar-2-min-300x169.jpg 300w, https:\/\/wncri.org\/fr\/wp-content\/uploads\/2024\/10\/Maedeh-Javanfar-2-min-768x432.jpg 768w, https:\/\/wncri.org\/fr\/wp-content\/uploads\/2024\/10\/Maedeh-Javanfar-2-min-750x422.jpg 750w, https:\/\/wncri.org\/fr\/wp-content\/uploads\/2024\/10\/Maedeh-Javanfar-2-min-1140x641.jpg 1140w, https:\/\/wncri.org\/fr\/wp-content\/uploads\/2024\/10\/Maedeh-Javanfar-2-min.jpg 1200w\" sizes=\"(max-width: 1024px) 100vw, 1024px\" \/><\/noscript><figcaption class=\"wp-element-caption\">Maedeh Javanfar, 28 ans, Une infirmi\u00e8re compatissante\n<\/figcaption><\/figure>\n<\/div>","protected":false},"excerpt":{"rendered":"<p>Une infirmi\u00e8re compatissante Maedeh Javanfar, une infirmi\u00e8re de 28 ans, est n\u00e9e \u00e0 Ramsar, une ville c\u00f4ti\u00e8re du nord de l&#8217;Iran. En 2012, apr\u00e8s avoir obtenu les meilleures notes aux examens nationaux d&#8217;entr\u00e9e \u00e0 l&#8217;universit\u00e9, elle est entr\u00e9e \u00e0 l&#8217;\u00e9cole d&#8217;infirmi\u00e8res de l&#8217;universit\u00e9 de Gilan. Apr\u00e8s ses \u00e9tudes, elle a travaill\u00e9 dans un h\u00f4pital de [&hellip;]<\/p>\n","protected":false},"author":4,"featured_media":21208,"comment_status":"closed","ping_status":"closed","sticky":false,"template":"","format":"standard","meta":{"jnews-multi-image_gallery":[],"jnews_single_post":{"format":"standard"},"jnews_primary_category":[],"jnews_social_meta":[],"jnews_override_counter":[],"footnotes":""},"categories":[25],"tags":[382,378,376],"class_list":["post-21206","post","type-post","status-publish","format-standard","has-post-thumbnail","hentry","category-tombees-pour-la-liberte","tag-generation-egalite","tag-infirmieres","tag-violence-contre-les-femmes"],"_links":{"self":[{"href":"https:\/\/wncri.org\/fr\/wp-json\/wp\/v2\/posts\/21206","targetHints":{"allow":["GET"]}}],"collection":[{"href":"https:\/\/wncri.org\/fr\/wp-json\/wp\/v2\/posts"}],"about":[{"href":"https:\/\/wncri.org\/fr\/wp-json\/wp\/v2\/types\/post"}],"author":[{"embeddable":true,"href":"https:\/\/wncri.org\/fr\/wp-json\/wp\/v2\/users\/4"}],"replies":[{"embeddable":true,"href":"https:\/\/wncri.org\/fr\/wp-json\/wp\/v2\/comments?post=21206"}],"version-history":[{"count":1,"href":"https:\/\/wncri.org\/fr\/wp-json\/wp\/v2\/posts\/21206\/revisions"}],"predecessor-version":[{"id":21209,"href":"https:\/\/wncri.org\/fr\/wp-json\/wp\/v2\/posts\/21206\/revisions\/21209"}],"wp:featuredmedia":[{"embeddable":true,"href":"https:\/\/wncri.org\/fr\/wp-json\/wp\/v2\/media\/21208"}],"wp:attachment":[{"href":"https:\/\/wncri.org\/fr\/wp-json\/wp\/v2\/media?parent=21206"}],"wp:term":[{"taxonomy":"category","embeddable":true,"href":"https:\/\/wncri.org\/fr\/wp-json\/wp\/v2\/categories?post=21206"},{"taxonomy":"post_tag","embeddable":true,"href":"https:\/\/wncri.org\/fr\/wp-json\/wp\/v2\/tags?post=21206"}],"curies":[{"name":"wp","href":"https:\/\/api.w.org\/{rel}","templated":true}]}}