{"id":21200,"date":"2024-10-25T17:50:52","date_gmt":"2024-10-25T15:50:52","guid":{"rendered":"https:\/\/wncri.org\/fr\/?p=21200"},"modified":"2024-10-26T17:56:27","modified_gmt":"2024-10-26T15:56:27","slug":"parmiss-hamnava","status":"publish","type":"post","link":"https:\/\/wncri.org\/fr\/2024\/10\/25\/parmiss-hamnava\/","title":{"rendered":"Parmiss Hamnava"},"content":{"rendered":"\n<h2 class=\"wp-block-heading\">L&#8217;assassinat tragique d&#8217;une jeune fille pour avoir d\u00e9chir\u00e9 une photo<\/h2>\n\n\n\n<h4 class=\"wp-block-heading\">Parmiss Hamnava, une \u00e9l\u00e8ve de 14 ans en troisi\u00e8me ann\u00e9e de coll\u00e8ge \u00e0 l&#8217;\u00e9cole Parvin Etesami \u00e0 <a href=\"https:\/\/fr.wikipedia.org\/wiki\/Iranchahr\" target=\"_blank\" rel=\"noreferrer noopener\">Iranchahr<\/a>, une ville du sud-est de l&#8217;Iran, \u00e9tait une jeune fille innocente dont la vie a \u00e9t\u00e9 tragiquement vol\u00e9e par le r\u00e9gime iranien.<\/h4>\n\n\n\n<p>Le mardi 25 octobre 2022, les forces de s\u00e9curit\u00e9 ont pris d&#8217;assaut l&#8217;\u00e9cole de Parmiss, fouillant les livres de chaque \u00e9l\u00e8ve. Parmiss avait arrach\u00e9 de son manuel une photo de Khomeini, l&#8217;ancien guide supr\u00eame des mollahs, et l&#8217;avait jet\u00e9e &#8211; un acte symbolique et anodin. Mais pour cette \u00ab offense \u00bb, elle a \u00e9t\u00e9 <a href=\"https:\/\/wncri.org\/fr\/2022\/10\/31\/alors-que-le-soulevement-iranien\/\" target=\"_blank\" rel=\"noreferrer noopener\">brutalement battue<\/a> devant ses camarades de classe. <a href=\"https:\/\/wncri.org\/fr\/2022\/11\/06\/arrestations-2\/\" target=\"_blank\" rel=\"noreferrer noopener\">L&#8217;agression a \u00e9t\u00e9 si violente<\/a> qu&#8217;elle a commenc\u00e9 \u00e0 saigner du nez et a \u00e9t\u00e9 transport\u00e9e \u00e0 l&#8217;h\u00f4pital d&#8217;Iranchahr.<\/p>\n\n\n\n<p>Le lendemain, mercredi 26 octobre 2022, <a href=\"https:\/\/wncri.org\/fr\/2023\/10\/10\/les-filles-iraniennes\/\" target=\"_blank\" rel=\"noreferrer noopener\">Parmis est d\u00e9c\u00e9d\u00e9e<\/a>. Son corps a \u00e9t\u00e9 transport\u00e9 \u00e0 Zahedan, la capitale de la province de Sistan et Balouchestan, pour y \u00eatre enterr\u00e9e.<\/p>\n\n\n\n<p>Apr\u00e8s sa mort, les forces de s\u00e9curit\u00e9 ont menac\u00e9 la famille, les enseignants et les camarades de classe de Parmis, exigeant que personne ne parle de son sort. C&#8217;est \u00e0 cette condition que son corps a finalement \u00e9t\u00e9 remis \u00e0 sa famille. Les forces de s\u00e9curit\u00e9 ont m\u00eame r\u00e9cup\u00e9r\u00e9 toutes les photos de Parmiss \u00e0 l&#8217;\u00e9cole afin d&#8217;effacer les traces de sa pr\u00e9sence et de son v\u00e9cu.<\/p>\n\n\n\n<p>6 jours plus tard, le 1er novembre 2022, la t\u00e9l\u00e9vision publique locale a tent\u00e9 de nier la mort de Parmiss. Pour tromper le public, elle a diffus\u00e9 une interview d&#8217;une autre \u00e9l\u00e8ve, une fille nomm\u00e9e Parmiss Bameri, affirmant qu&#8217;elle \u00e9tait la vraie Parmiss Hamnava, vivante et en bonne sant\u00e9. Il s&#8217;agissait d&#8217;une tentative de pr\u00e9senter la nouvelle de la mort de Parmiss comme de la \u00ab propagande anti-r\u00e9gime \u00bb. Cependant, la <a href=\"https:\/\/wncri.org\/fr\/2023\/01\/04\/diffuser-de-faux-recits\/\" target=\"_blank\" rel=\"noreferrer noopener\">supercherie<\/a> \u00e9tait mal con\u00e7ue : Parmiss Hamnava avait particip\u00e9 \u00e0 la classe de l&#8217;apr\u00e8s-midi, alors que Parmiss Bameri \u00e9tait une \u00e9l\u00e8ve de la classe du matin.<\/p>\n\n\n\n<p>La mort pr\u00e9matur\u00e9e de Parmiss est l&#8217;une des nombreuses trag\u00e9dies des manifestations en Iran, o\u00f9 de jeunes vies sont fauch\u00e9es par un r\u00e9gime qui ne tol\u00e8re pas la moindre d\u00e9fiance. C&#8217;\u00e9tait une jeune fille qui, comme tant d&#8217;autres, voulait vivre dans une soci\u00e9t\u00e9 qui respectait son d\u00e9sir de libert\u00e9, mais <a href=\"https:\/\/wncri.org\/fr\/2022\/12\/05\/violence\/\" target=\"_blank\" rel=\"noreferrer noopener\">sa vie a \u00e9t\u00e9 vol\u00e9e<\/a> simplement pour un acte d&#8217;innocence et de courage.<\/p>\n\n\n<div class=\"wp-block-image\">\n<figure class=\"aligncenter size-large\"><img decoding=\"async\" src=\"data:image\/gif;base64,R0lGODlhAQABAIAAAAAAAP\/\/\/yH5BAEAAAAALAAAAAABAAEAAAIBRAA7\" data-src=\"https:\/\/wncri.org\/fr\/wp-content\/uploads\/2024\/10\/Parmis-Hamnava-2-min-1024x576.jpg\" alt=\"Parmiss Hamnava\" class=\"wp-image-21198 lazyload\"\/><noscript><img decoding=\"async\" width=\"1024\" height=\"576\" src=\"https:\/\/wncri.org\/fr\/wp-content\/uploads\/2024\/10\/Parmis-Hamnava-2-min-1024x576.jpg\" alt=\"Parmiss Hamnava\" class=\"wp-image-21198 lazyload\" srcset=\"https:\/\/wncri.org\/fr\/wp-content\/uploads\/2024\/10\/Parmis-Hamnava-2-min-1024x576.jpg 1024w, https:\/\/wncri.org\/fr\/wp-content\/uploads\/2024\/10\/Parmis-Hamnava-2-min-300x169.jpg 300w, https:\/\/wncri.org\/fr\/wp-content\/uploads\/2024\/10\/Parmis-Hamnava-2-min-768x432.jpg 768w, https:\/\/wncri.org\/fr\/wp-content\/uploads\/2024\/10\/Parmis-Hamnava-2-min-750x422.jpg 750w, https:\/\/wncri.org\/fr\/wp-content\/uploads\/2024\/10\/Parmis-Hamnava-2-min-1140x641.jpg 1140w, https:\/\/wncri.org\/fr\/wp-content\/uploads\/2024\/10\/Parmis-Hamnava-2-min.jpg 1200w\" sizes=\"(max-width: 1024px) 100vw, 1024px\" \/><\/noscript><\/figure>\n<\/div>","protected":false},"excerpt":{"rendered":"<p>L&#8217;assassinat tragique d&#8217;une jeune fille pour avoir d\u00e9chir\u00e9 une photo Parmiss Hamnava, une \u00e9l\u00e8ve de 14 ans en troisi\u00e8me ann\u00e9e de coll\u00e8ge \u00e0 l&#8217;\u00e9cole Parvin Etesami \u00e0 Iranchahr, une ville du sud-est de l&#8217;Iran, \u00e9tait une jeune fille innocente dont la vie a \u00e9t\u00e9 tragiquement vol\u00e9e par le r\u00e9gime iranien. Le mardi 25 octobre 2022, [&hellip;]<\/p>\n","protected":false},"author":4,"featured_media":21197,"comment_status":"closed","ping_status":"closed","sticky":false,"template":"","format":"standard","meta":{"jnews-multi-image_gallery":[],"jnews_single_post":{"format":"standard"},"jnews_primary_category":[],"jnews_social_meta":[],"jnews_override_counter":[],"footnotes":""},"categories":[25],"tags":[382,366,376],"class_list":["post-21200","post","type-post","status-publish","format-standard","has-post-thumbnail","hentry","category-tombees-pour-la-liberte","tag-generation-egalite","tag-la-petite-fille","tag-violence-contre-les-femmes"],"_links":{"self":[{"href":"https:\/\/wncri.org\/fr\/wp-json\/wp\/v2\/posts\/21200","targetHints":{"allow":["GET"]}}],"collection":[{"href":"https:\/\/wncri.org\/fr\/wp-json\/wp\/v2\/posts"}],"about":[{"href":"https:\/\/wncri.org\/fr\/wp-json\/wp\/v2\/types\/post"}],"author":[{"embeddable":true,"href":"https:\/\/wncri.org\/fr\/wp-json\/wp\/v2\/users\/4"}],"replies":[{"embeddable":true,"href":"https:\/\/wncri.org\/fr\/wp-json\/wp\/v2\/comments?post=21200"}],"version-history":[{"count":1,"href":"https:\/\/wncri.org\/fr\/wp-json\/wp\/v2\/posts\/21200\/revisions"}],"predecessor-version":[{"id":21201,"href":"https:\/\/wncri.org\/fr\/wp-json\/wp\/v2\/posts\/21200\/revisions\/21201"}],"wp:featuredmedia":[{"embeddable":true,"href":"https:\/\/wncri.org\/fr\/wp-json\/wp\/v2\/media\/21197"}],"wp:attachment":[{"href":"https:\/\/wncri.org\/fr\/wp-json\/wp\/v2\/media?parent=21200"}],"wp:term":[{"taxonomy":"category","embeddable":true,"href":"https:\/\/wncri.org\/fr\/wp-json\/wp\/v2\/categories?post=21200"},{"taxonomy":"post_tag","embeddable":true,"href":"https:\/\/wncri.org\/fr\/wp-json\/wp\/v2\/tags?post=21200"}],"curies":[{"name":"wp","href":"https:\/\/api.w.org\/{rel}","templated":true}]}}