{"id":21185,"date":"2024-10-24T18:00:45","date_gmt":"2024-10-24T16:00:45","guid":{"rendered":"https:\/\/wncri.org\/fr\/?p=21185"},"modified":"2024-10-25T18:06:50","modified_gmt":"2024-10-25T16:06:50","slug":"mona-naghib","status":"publish","type":"post","link":"https:\/\/wncri.org\/fr\/2024\/10\/24\/mona-naghib\/","title":{"rendered":"Mona Naghib"},"content":{"rendered":"\n<h2 class=\"wp-block-heading\">L&#8217;enfant innocente dont la vie a \u00e9t\u00e9 prise dans la lutte pour la libert\u00e9<\/h2>\n\n\n\n<h4 class=\"wp-block-heading\">Mona Naghib, une fillette de 8 ans originaire de <a href=\"https:\/\/en.wikipedia.org\/wiki\/Saravan,_Iran\" target=\"_blank\" rel=\"noreferrer noopener\">Saravan<\/a>, une ville situ\u00e9e dans la province du Sistan-et-Baloutchestan, au sud-est du pays, a \u00e9t\u00e9 l&#8217;une des victimes innocentes des manifestations nationales de 2022. Cet \u00e9v\u00e9nement tragique s&#8217;est d\u00e9roul\u00e9 \u00e0 Aspich, un district proche de Saravan, o\u00f9 <a href=\"https:\/\/wncri.org\/fr\/2022\/10\/25\/fille-baloutche\/\" target=\"_blank\" rel=\"noreferrer noopener\">Mona a \u00e9t\u00e9 tu\u00e9e par balle<\/a>.<\/h4>\n\n\n\n<p>Sa mort est survenue le 23 ou le 24 octobre 2022. Ce jour-l\u00e0, Mona Naghib et sa s\u0153ur a\u00een\u00e9e, Maryam, se rendaient \u00e0 l&#8217;\u00e9cole. Des agents du d\u00e9partement des renseignements de Saravan, \u00e0 la poursuite de 2 jeunes hommes baloutches, auraient ouvert le feu et Mona Naghib aurait \u00e9t\u00e9 prise entre deux feux.<\/p>\n\n\n\n<p>Maryam, la s\u0153ur de Mona, se souvient de ce moment d\u00e9vastateur : \u00ab Soudain, j&#8217;ai senti la main de Mona se d\u00e9tacher de la mienne et elle est tomb\u00e9e. Je lui ai demand\u00e9 pourquoi elle \u00e9tait tomb\u00e9e et elle m&#8217;a r\u00e9pondu : \u00ab Ils m&#8217;ont tir\u00e9 dessus&#8230; \u00bb Je l&#8217;ai port\u00e9e sur mon dos pendant une partie du trajet, mais je me suis fatigu\u00e9e. Je l&#8217;ai repos\u00e9e un moment, puis je l&#8217;ai port\u00e9e \u00e0 nouveau. Un homme est arriv\u00e9 et je lui ai demand\u00e9 s&#8217;il avait un t\u00e9l\u00e9phone, mais il n&#8217;en avait pas. J&#8217;ai demand\u00e9 \u00e0 une autre personne, et il en avait un. J&#8217;ai appel\u00e9 mon p\u00e8re et lui ai dit : \u00ab Viens vite. Ils ont tir\u00e9 sur ma s\u0153ur \u00bb.<\/p>\n\n\n\n<p>D&#8217;apr\u00e8s les m\u00e9dias, apr\u00e8s l&#8217;incident, les agents des services des renseignements de Saravan ont convoqu\u00e9 le p\u00e8re de Mona, Morad, et l&#8217;ont menac\u00e9 pour qu&#8217;il garde le silence.<\/p>\n\n\n<div class=\"wp-block-image\">\n<figure class=\"aligncenter size-large\"><img decoding=\"async\" src=\"data:image\/gif;base64,R0lGODlhAQABAIAAAAAAAP\/\/\/yH5BAEAAAAALAAAAAABAAEAAAIBRAA7\" data-src=\"https:\/\/wncri.org\/fr\/wp-content\/uploads\/2024\/10\/Mona-Naghib-2-min-1024x576.jpg\" alt=\"Mona Naghib\" class=\"wp-image-21186 lazyload\"\/><noscript><img decoding=\"async\" width=\"1024\" height=\"576\" src=\"https:\/\/wncri.org\/fr\/wp-content\/uploads\/2024\/10\/Mona-Naghib-2-min-1024x576.jpg\" alt=\"Mona Naghib\" class=\"wp-image-21186 lazyload\" srcset=\"https:\/\/wncri.org\/fr\/wp-content\/uploads\/2024\/10\/Mona-Naghib-2-min-1024x576.jpg 1024w, https:\/\/wncri.org\/fr\/wp-content\/uploads\/2024\/10\/Mona-Naghib-2-min-300x169.jpg 300w, https:\/\/wncri.org\/fr\/wp-content\/uploads\/2024\/10\/Mona-Naghib-2-min-768x432.jpg 768w, https:\/\/wncri.org\/fr\/wp-content\/uploads\/2024\/10\/Mona-Naghib-2-min-750x422.jpg 750w, https:\/\/wncri.org\/fr\/wp-content\/uploads\/2024\/10\/Mona-Naghib-2-min-1140x641.jpg 1140w, https:\/\/wncri.org\/fr\/wp-content\/uploads\/2024\/10\/Mona-Naghib-2-min.jpg 1200w\" sizes=\"(max-width: 1024px) 100vw, 1024px\" \/><\/noscript><\/figure>\n<\/div>\n\n\n<p><\/p>\n","protected":false},"excerpt":{"rendered":"<p>L&#8217;enfant innocente dont la vie a \u00e9t\u00e9 prise dans la lutte pour la libert\u00e9 Mona Naghib, une fillette de 8 ans originaire de Saravan, une ville situ\u00e9e dans la province du Sistan-et-Baloutchestan, au sud-est du pays, a \u00e9t\u00e9 l&#8217;une des victimes innocentes des manifestations nationales de 2022. Cet \u00e9v\u00e9nement tragique s&#8217;est d\u00e9roul\u00e9 \u00e0 Aspich, un [&hellip;]<\/p>\n","protected":false},"author":4,"featured_media":21187,"comment_status":"closed","ping_status":"closed","sticky":false,"template":"","format":"standard","meta":{"jnews-multi-image_gallery":[],"jnews_single_post":{"format":"standard"},"jnews_primary_category":[],"jnews_social_meta":[],"jnews_override_counter":[],"footnotes":""},"categories":[25],"tags":[366,376],"class_list":["post-21185","post","type-post","status-publish","format-standard","has-post-thumbnail","hentry","category-tombees-pour-la-liberte","tag-la-petite-fille","tag-violence-contre-les-femmes"],"_links":{"self":[{"href":"https:\/\/wncri.org\/fr\/wp-json\/wp\/v2\/posts\/21185","targetHints":{"allow":["GET"]}}],"collection":[{"href":"https:\/\/wncri.org\/fr\/wp-json\/wp\/v2\/posts"}],"about":[{"href":"https:\/\/wncri.org\/fr\/wp-json\/wp\/v2\/types\/post"}],"author":[{"embeddable":true,"href":"https:\/\/wncri.org\/fr\/wp-json\/wp\/v2\/users\/4"}],"replies":[{"embeddable":true,"href":"https:\/\/wncri.org\/fr\/wp-json\/wp\/v2\/comments?post=21185"}],"version-history":[{"count":1,"href":"https:\/\/wncri.org\/fr\/wp-json\/wp\/v2\/posts\/21185\/revisions"}],"predecessor-version":[{"id":21188,"href":"https:\/\/wncri.org\/fr\/wp-json\/wp\/v2\/posts\/21185\/revisions\/21188"}],"wp:featuredmedia":[{"embeddable":true,"href":"https:\/\/wncri.org\/fr\/wp-json\/wp\/v2\/media\/21187"}],"wp:attachment":[{"href":"https:\/\/wncri.org\/fr\/wp-json\/wp\/v2\/media?parent=21185"}],"wp:term":[{"taxonomy":"category","embeddable":true,"href":"https:\/\/wncri.org\/fr\/wp-json\/wp\/v2\/categories?post=21185"},{"taxonomy":"post_tag","embeddable":true,"href":"https:\/\/wncri.org\/fr\/wp-json\/wp\/v2\/tags?post=21185"}],"curies":[{"name":"wp","href":"https:\/\/api.w.org\/{rel}","templated":true}]}}