{"id":21170,"date":"2024-10-23T23:57:05","date_gmt":"2024-10-23T21:57:05","guid":{"rendered":"https:\/\/wncri.org\/fr\/?p=21170"},"modified":"2024-10-23T23:57:08","modified_gmt":"2024-10-23T21:57:08","slug":"journalistes-niloufar-hamedi","status":"publish","type":"post","link":"https:\/\/wncri.org\/fr\/2024\/10\/23\/journalistes-niloufar-hamedi\/","title":{"rendered":"Des journalistes risquent une incarc\u00e9ration imminente malgr\u00e9 les appels \u00e0 l&#8217;annulation de leurs condamnations"},"content":{"rendered":"\n<h4 class=\"wp-block-heading\">Une semaine apr\u00e8s que le porte-parole du pouvoir judiciaire iranien ait annonc\u00e9 l&#8217;application imminente des peines les journalistes Niloufar Hamedi et Elaheh Mohammadi, les notifications officielles de leurs peines de prison leur ont \u00e9t\u00e9 envoy\u00e9es le samedi 19 octobre 2024, les enjoignant de se pr\u00e9senter dans les 5 jours.<\/h4>\n\n\n\n<p>Les 2 journalistes ont \u00e9t\u00e9 <a href=\"https:\/\/wncri.org\/fr\/2024\/01\/15\/niloufar-hamedi-et-elaheh\/\" target=\"_blank\" rel=\"noreferrer noopener\">lib\u00e9r\u00e9es de la prison<\/a> d&#8217;Evin le 14 janvier 2024, chacun avec une caution temporaire de 10 milliards de tomans, apr\u00e8s avoir pass\u00e9 16 mois en prison.<\/p>\n\n\n\n<p>Les avocats de Mme Hamedi soutiennent que son dossier aurait d\u00fb \u00eatre clos apr\u00e8s qu&#8217;elle a \u00e9t\u00e9 acquitt\u00e9e de l&#8217;accusation de <a href=\"https:\/\/wncri.org\/fr\/2023\/08\/01\/niloufar-hamedi-et-elaheh-mohammadi\/\" target=\"_blank\" rel=\"noreferrer noopener\">collaboration avec un gouvernement \u00e9tranger hostile<\/a>. Toutefois, malgr\u00e9 les dispositions l\u00e9gales pr\u00e9voyant sa gr\u00e2ce dans le cadre de la directive d&#8217;amnistie de 2022, Niloufar Hamedi a re\u00e7u l&#8217;ordre de se rendre \u00e0 la prison d&#8217;Evin dans les 5 jours pour y purger une peine de 5 ans pour collusion contre la s\u00e9curit\u00e9 nationale et propagande contre l&#8217;Etat. Elaheh Mohammadi a \u00e9galement re\u00e7u une notification similaire.<\/p>\n\n\n\n<p>Les avocats ont soulign\u00e9 que les charges restantes relevaient de l&#8217;amnistie et ont demand\u00e9 pourquoi Hamedi avait \u00e9t\u00e9 exclue, alors que de nombreux autres participants aux manifestations de 2022, qui faisaient l&#8217;objet d&#8217;accusations plus graves, avaient \u00e9t\u00e9 graci\u00e9s. Ils soutiennent que les principes juridiques et \u00e9thiques dictent que toute incertitude dans l&#8217;interpr\u00e9tation de la loi devrait b\u00e9n\u00e9ficier \u00e0 l&#8217;accus\u00e9, exhortant le pouvoir judiciaire \u00e0 appliquer l&#8217;amnistie et \u00e0 suspendre la condamnation.<\/p>\n\n\n\n<p>Les 2 journalistes risquent aujourd&#8217;hui d&#8217;\u00eatre emprisonn\u00e9es malgr\u00e9 les appels \u00e0 les gracier.<\/p>\n\n\n<div class=\"wp-block-image\">\n<figure class=\"aligncenter size-large\"><img decoding=\"async\" src=\"data:image\/gif;base64,R0lGODlhAQABAIAAAAAAAP\/\/\/yH5BAEAAAAALAAAAAABAAEAAAIBRAA7\" data-src=\"https:\/\/wncri.org\/fr\/wp-content\/uploads\/2024\/01\/Niloufar-Hamedi-and-Elaheh-Mohammadi-1-min-1024x512.jpg\" alt=\"Niloufar Hamedi et Elaheh Mohammadi font l'objet de nouvelles accusations\" class=\"wp-image-19594 lazyload\"\/><noscript><img decoding=\"async\" width=\"1024\" height=\"512\" src=\"https:\/\/wncri.org\/fr\/wp-content\/uploads\/2024\/01\/Niloufar-Hamedi-and-Elaheh-Mohammadi-1-min-1024x512.jpg\" alt=\"Niloufar Hamedi et Elaheh Mohammadi font l'objet de nouvelles accusations\" class=\"wp-image-19594 lazyload\" srcset=\"https:\/\/wncri.org\/fr\/wp-content\/uploads\/2024\/01\/Niloufar-Hamedi-and-Elaheh-Mohammadi-1-min-1024x512.jpg 1024w, https:\/\/wncri.org\/fr\/wp-content\/uploads\/2024\/01\/Niloufar-Hamedi-and-Elaheh-Mohammadi-1-min-300x150.jpg 300w, https:\/\/wncri.org\/fr\/wp-content\/uploads\/2024\/01\/Niloufar-Hamedi-and-Elaheh-Mohammadi-1-min-768x384.jpg 768w, https:\/\/wncri.org\/fr\/wp-content\/uploads\/2024\/01\/Niloufar-Hamedi-and-Elaheh-Mohammadi-1-min-360x180.jpg 360w, https:\/\/wncri.org\/fr\/wp-content\/uploads\/2024\/01\/Niloufar-Hamedi-and-Elaheh-Mohammadi-1-min-750x375.jpg 750w, https:\/\/wncri.org\/fr\/wp-content\/uploads\/2024\/01\/Niloufar-Hamedi-and-Elaheh-Mohammadi-1-min.jpg 1140w\" sizes=\"(max-width: 1024px) 100vw, 1024px\" \/><\/noscript><\/figure>\n<\/div>\n\n\n<p>L&#8217;Association des journalistes de la province de T\u00e9h\u00e9ran a publi\u00e9 une d\u00e9claration le dimanche 20 octobre, demandant au chef du pouvoir judiciaire d&#8217;utiliser ses pouvoirs pour annuler les peines prononc\u00e9es \u00e0 l&#8217;encontre de Niloufar Hamedi et d&#8217;Elaheh Mohammadi. 32 000 autres signataires d&#8217;une p\u00e9tition ont demand\u00e9 \u00e0 Gholam-Hossein Mohseni Ejei d&#8217;emp\u00eacher l&#8217;application des verdicts prononc\u00e9s \u00e0 l&#8217;encontre de ces 2 journalistes.<\/p>\n\n\n\n<p><a href=\"https:\/\/wncri.org\/fr\/2022\/09\/24\/140-femmes-et-jeunes\/\" target=\"_blank\" rel=\"noreferrer noopener\">Niloufar Hamedi<\/a>, photojournaliste au journal Shargh, a pris et publi\u00e9 la premi\u00e8re photo de <a href=\"https:\/\/wncri.org\/fr\/2024\/09\/15\/mahsa-amini\/\" target=\"_blank\" rel=\"noreferrer noopener\">Mahsa<\/a> Amini dans le coma \u00e0 l&#8217;h\u00f4pital. Elaheh Mohammadi, journaliste au journal Ham-Mihan, a publi\u00e9 un reportage sur les fun\u00e9railles de Mahsa et une interview de son p\u00e8re.<\/p>\n\n\n\n<p>Niloufar Hamedi a \u00e9t\u00e9 arr\u00eat\u00e9e le 22 septembre 2022 et Elaheh Mohammadi le 29 septembre.<\/p>\n\n\n\n<p>Niloufar Hamedi et Elaheh Mohammadi ont \u00e9t\u00e9 d\u00e9tenues dans la sinistre <a href=\"https:\/\/wncri.org\/fr\/2020\/04\/20\/regard-sur-la-situation-tragique-a-la-prison-pour-femmes-de-qarchak-en-iran\/\" target=\"_blank\" rel=\"noreferrer noopener\">prison de Qarchak<\/a> et transf\u00e9r\u00e9es \u00e0 la <a href=\"https:\/\/wncri.org\/2021\/12\/09\/the-conditions-of-women-iran-prisons\/\" target=\"_blank\" rel=\"noreferrer noopener\">prison d&#8217;Evin<\/a> le 1er mai 2023.<\/p>\n\n\n\n<p>La <a href=\"https:\/\/wncri.org\/fr\/2023\/04\/28\/journalistes-detenues\/\" target=\"_blank\" rel=\"noreferrer noopener\">15e chambre du tribunal r\u00e9volutionnaire de T\u00e9h\u00e9ran<\/a> a condamn\u00e9 Niloufar Hamedi \u00e0 13 ans de prison et Elaheh Mohammadi \u00e0 12 ans. Le tristement c\u00e9l\u00e8bre <a href=\"https:\/\/fr.wikipedia.org\/wiki\/Abolqasem_Salavati\" target=\"_blank\" rel=\"noreferrer noopener\">juge Salavati<\/a> a prononc\u00e9 les verdicts.<\/p>\n","protected":false},"excerpt":{"rendered":"<p>Une semaine apr\u00e8s que le porte-parole du pouvoir judiciaire iranien ait annonc\u00e9 l&#8217;application imminente des peines les journalistes Niloufar Hamedi et Elaheh Mohammadi, les notifications officielles de leurs peines de prison leur ont \u00e9t\u00e9 envoy\u00e9es le samedi 19 octobre 2024, les enjoignant de se pr\u00e9senter dans les 5 jours. Les 2 journalistes ont \u00e9t\u00e9 lib\u00e9r\u00e9es [&hellip;]<\/p>\n","protected":false},"author":4,"featured_media":18754,"comment_status":"closed","ping_status":"closed","sticky":false,"template":"","format":"standard","meta":{"jnews-multi-image_gallery":[],"jnews_single_post":{"format":"standard"},"jnews_primary_category":[],"jnews_social_meta":[],"jnews_override_counter":[],"footnotes":""},"categories":[3],"tags":[370],"class_list":["post-21170","post","type-post","status-publish","format-standard","has-post-thumbnail","hentry","category-infos-des-femmes","tag-prisonnieres"],"_links":{"self":[{"href":"https:\/\/wncri.org\/fr\/wp-json\/wp\/v2\/posts\/21170","targetHints":{"allow":["GET"]}}],"collection":[{"href":"https:\/\/wncri.org\/fr\/wp-json\/wp\/v2\/posts"}],"about":[{"href":"https:\/\/wncri.org\/fr\/wp-json\/wp\/v2\/types\/post"}],"author":[{"embeddable":true,"href":"https:\/\/wncri.org\/fr\/wp-json\/wp\/v2\/users\/4"}],"replies":[{"embeddable":true,"href":"https:\/\/wncri.org\/fr\/wp-json\/wp\/v2\/comments?post=21170"}],"version-history":[{"count":1,"href":"https:\/\/wncri.org\/fr\/wp-json\/wp\/v2\/posts\/21170\/revisions"}],"predecessor-version":[{"id":21171,"href":"https:\/\/wncri.org\/fr\/wp-json\/wp\/v2\/posts\/21170\/revisions\/21171"}],"wp:featuredmedia":[{"embeddable":true,"href":"https:\/\/wncri.org\/fr\/wp-json\/wp\/v2\/media\/18754"}],"wp:attachment":[{"href":"https:\/\/wncri.org\/fr\/wp-json\/wp\/v2\/media?parent=21170"}],"wp:term":[{"taxonomy":"category","embeddable":true,"href":"https:\/\/wncri.org\/fr\/wp-json\/wp\/v2\/categories?post=21170"},{"taxonomy":"post_tag","embeddable":true,"href":"https:\/\/wncri.org\/fr\/wp-json\/wp\/v2\/tags?post=21170"}],"curies":[{"name":"wp","href":"https:\/\/api.w.org\/{rel}","templated":true}]}}