{"id":21167,"date":"2024-10-22T23:10:00","date_gmt":"2024-10-22T21:10:00","guid":{"rendered":"https:\/\/wncri.org\/fr\/?p=21167"},"modified":"2024-10-25T17:31:32","modified_gmt":"2024-10-25T15:31:32","slug":"maryam-akbari-qarchak","status":"publish","type":"post","link":"https:\/\/wncri.org\/fr\/2024\/10\/22\/maryam-akbari-qarchak\/","title":{"rendered":"Transfert de Maryam Akbari, apr\u00e8s 15 ans de d\u00e9tention, de la prison de Semnan \u00e0 la celle de Qarchak, vers de nouveaux s\u00e9vices"},"content":{"rendered":"\n<h2 class=\"wp-block-heading\">Transfert de Maryam Akbari, apr\u00e8s 15 ans de d\u00e9tention, de la prison de Semnan \u00e0 la celle de Qarchak, vers de nouveaux s\u00e9vices<\/h2>\n\n\n\n<p>Maryam Akbari-Monfared, <a href=\"https:\/\/wncri.org\/fr\/2023\/12\/30\/lodyssee-maryam-akbari-monfared\/\" target=\"_blank\" rel=\"noreferrer noopener\">apr\u00e8s 15 ans de d\u00e9tention<\/a> sans un seul jour de d\u2019autorisation de sortie, a \u00e9t\u00e9 transf\u00e9r\u00e9e de son lieu d\u2019\u00e9loignement, la prison de Semnan, \u00e0 celle de Qarchak, \u00e0 Varamineen banlieue de T\u00e9h\u00e9ran, en vue de toujours plus de pers\u00e9cutions et de s\u00e9vices. Pour emp\u00eacher sa lib\u00e9ration \u00e0 la fin de sa peine de 15 ans, le syst\u00e8me judiciaire cl\u00e9rical l&#8217;a condamn\u00e9e \u00e0 deux ann\u00e9es suppl\u00e9mentaires dans une autre affaire mont\u00e9e de toutes pi\u00e8ces.<\/p>\n\n\n\n<p>Maryam Akbari-Monfared, l&#8217;une des plus anciennes prisonni\u00e8res politiques en Iran, aurait d\u00fb \u00eatre lib\u00e9r\u00e9e en 2019 apr\u00e8s avoir purg\u00e9 une peine de dix ans, conform\u00e9ment aux lois du r\u00e9gime. Cependant, le syst\u00e8me judiciaire l&#8217;a maintenue en prison pendant cinq ann\u00e9es suppl\u00e9mentaires et vient <a href=\"https:\/\/wncri.org\/fr\/2024\/10\/12\/maryam-akbari-monfared-15-ans\/\" target=\"_blank\" rel=\"noreferrer noopener\">d&#8217;ajouter deux ann\u00e9es \u00e0 sa peine<\/a>.<\/p>\n\n\n\n<p>Pour emp\u00eacher la lib\u00e9ration de Maryam, ils l&#8217;ont condamn\u00e9e \u00e0 une peine suppl\u00e9mentaire dans le cadre de deux affaires distinctes mont\u00e9es de toutes pi\u00e8ces par le minist\u00e8re du renseignement, en organisant deux simulacres de proc\u00e8s \u00e0 Semnan et \u00e0 la prison d\u2019Evine.<\/p>\n\n\n\n<p>Les nouveaux d\u00e9lits qui lui sont reproch\u00e9s sont \u00ab&nbsp;propagande contre le syst\u00e8me&nbsp;\u00bb et \u00ab&nbsp;outrage aux dirigeants, rassemblement et collusion, diffusion de mensonges et trouble de l&#8217;opinion publique, et incitation \u00e0 attenter \u00e0 la s\u00e9curit\u00e9 nationale&nbsp;\u00bb. Cependant, le principal crime de Maryam Akbari-Monfared est d&#8217;avoir demand\u00e9 justice en 2016 pour sa s\u0153ur et ses trois fr\u00e8res ex\u00e9cut\u00e9s.<\/p>\n\n\n<div class=\"wp-block-image\">\n<figure class=\"aligncenter size-large\"><img decoding=\"async\" src=\"data:image\/gif;base64,R0lGODlhAQABAIAAAAAAAP\/\/\/yH5BAEAAAAALAAAAAABAAEAAAIBRAA7\" data-src=\"https:\/\/wncri.org\/fr\/wp-content\/uploads\/2023\/12\/Maryam-Akbari-Monfared-and-her-four-siblings-min-1024x512.jpg\" alt=\"L'odyss\u00e9e de Maryam Akbari Monfared, qui dure depuis 15 ans\" class=\"wp-image-19523 lazyload\"\/><noscript><img decoding=\"async\" width=\"1024\" height=\"512\" src=\"https:\/\/wncri.org\/fr\/wp-content\/uploads\/2023\/12\/Maryam-Akbari-Monfared-and-her-four-siblings-min-1024x512.jpg\" alt=\"L'odyss\u00e9e de Maryam Akbari Monfared, qui dure depuis 15 ans\" class=\"wp-image-19523 lazyload\" srcset=\"https:\/\/wncri.org\/fr\/wp-content\/uploads\/2023\/12\/Maryam-Akbari-Monfared-and-her-four-siblings-min-1024x512.jpg 1024w, https:\/\/wncri.org\/fr\/wp-content\/uploads\/2023\/12\/Maryam-Akbari-Monfared-and-her-four-siblings-min-300x150.jpg 300w, https:\/\/wncri.org\/fr\/wp-content\/uploads\/2023\/12\/Maryam-Akbari-Monfared-and-her-four-siblings-min-768x384.jpg 768w, https:\/\/wncri.org\/fr\/wp-content\/uploads\/2023\/12\/Maryam-Akbari-Monfared-and-her-four-siblings-min-360x180.jpg 360w, https:\/\/wncri.org\/fr\/wp-content\/uploads\/2023\/12\/Maryam-Akbari-Monfared-and-her-four-siblings-min-750x375.jpg 750w, https:\/\/wncri.org\/fr\/wp-content\/uploads\/2023\/12\/Maryam-Akbari-Monfared-and-her-four-siblings-min.jpg 1140w\" sizes=\"(max-width: 1024px) 100vw, 1024px\" \/><\/noscript><figcaption class=\"wp-element-caption\">Maryam Akbari Monfared et ses quatre fr\u00e8res et s\u0153urs assassin\u00e9s dans les ann\u00e9es 1980.<\/figcaption><\/figure>\n<\/div>\n\n\n<p>Alireza Akbari a \u00e9t\u00e9 tu\u00e9 sous la torture en septembre 1981, et Gholamreza Akbari a \u00e9t\u00e9 ex\u00e9cut\u00e9 en 1985. Roghiyeh et Abdolreza Akbari ont \u00e9t\u00e9 ex\u00e9cut\u00e9s lors du massacre des prisonniers politiques de 1988.<\/p>\n\n\n\n<p>Dans le cadre d&#8217;une autre action ignoble, en juillet 2024, le pouvoir judiciaire cl\u00e9rical a donn\u00e9 l\u2019ordre de <a href=\"https:\/\/wncri.org\/fr\/2024\/06\/24\/maryam-akbari-monfared-4\/\" target=\"_blank\" rel=\"noreferrer noopener\">confisquer les biens<\/a> de Maryam Akbari et de ses proches pour avoir demand\u00e9 justice pour ses fr\u00e8res et s\u0153ur ex\u00e9cut\u00e9s.<\/p>\n\n\n\n<p>Le Pr. <a href=\"https:\/\/wncri.org\/fr\/2024\/07\/27\/rapport-de-lonu-massacre-de-1988\/\" target=\"_blank\" rel=\"noreferrer noopener\">Javaid Rehman<\/a>, alors rapporteur sp\u00e9cial de l\u2019ONU sur l&#8217;Iran, a parl\u00e9 de Maryam Akbari dans son rapport sur les &#8220;crimes d&#8217;atrocit\u00e9&#8221; en Iran, publi\u00e9 en juillet dernier : <em>\u00ab\u00a0Un exemple poignant illustrant ce mod\u00e8le de harc\u00e8lement et de pers\u00e9cution est le cas de Maryam Akbari-Monfared, une prisonni\u00e8re politique dans le pays. Mme Akbari-Monfared a fait preuve d&#8217;un immense courage en d\u00e9posant une plainte officielle depuis l&#8217;int\u00e9rieur de la prison le 15 octobre 2016, s&#8217;adressant au syst\u00e8me judiciaire iranien au sujet de l&#8217;ex\u00e9cution de ses fr\u00e8res et s\u0153urs lors du massacre de 1988. <\/em><\/p>\n\n\n\n<p><em>\u00ab\u00a0En r\u00e9ponse \u00e0 sa qu\u00eate de responsabilit\u00e9, elle a subi des pressions accrues pendant son incarc\u00e9ration, y compris l\u2019interdiction de visites et son exil forc\u00e9 dans un endroit isol\u00e9, loin de ses enfants (&#8230; ) Bien qu&#8217;elle ait endur\u00e9 une peine de 15 ans sans un seul jour de permission (&#8230;) elle a \u00e9t\u00e9 convoqu\u00e9e au palais de justice de la prison d&#8217;Evin et mise en accusation pour cinq nouveaux chefs d&#8217;accusation, recevant par la suite une peine suppl\u00e9mentaire de deux ans (&#8230;) son maintien en d\u00e9tention vise \u00e0 la contraindre \u00e0 renoncer \u00e0 sa qu\u00eate de responsabilisation.\u00a0\u00bb<\/em><\/p>\n\n\n\n<p>La commission des Femmes du Conseil national de la R\u00e9sistance iranienne (CNRI), comme indiqu\u00e9 dans son communiqu\u00e9 du 12 octobre 2024, appelle une fois de plus le Conseil des droits de l&#8217;homme de l\u2019ONU, son Haut-Commissaire, sa <a href=\"https:\/\/www.ohchr.org\/en\/special-procedures\/sr-iran\" target=\"_blank\" rel=\"noreferrer noopener\">Rapporteuse sp\u00e9ciale sur la situation des droits de l&#8217;homme en Iran<\/a>, sa <a href=\"https:\/\/www.ohchr.org\/en\/special-procedures\/sr-violence-against-women#:~:text=Ms.,and%20consequences%2C%20since%20August%202021.\" target=\"_blank\" rel=\"noreferrer noopener\">Rapporteuse sp\u00e9ciale sur la violence contre les femmes<\/a> et les autres d\u00e9fenseurs des droits humains et des droits des femmes \u00e0 condamner fermement le traitement inhumain des prisonniers politiques, en particulier des femmes, par le r\u00e9gime cl\u00e9rical et \u00e0 prendre des mesures imm\u00e9diates pour la lib\u00e9ration de Maryam Akbari-Monfared.<\/p>\n\n\n\n<p class=\"has-text-align-center\"><strong>Commission des Femmes<\/strong><\/p>\n\n\n\n<p class=\"has-text-align-center\"><strong>du Conseil national de la R\u00e9sistance iranienne<\/strong><\/p>\n\n\n\n<p class=\"has-text-align-center\"><strong>Le 22 octobre 2024<\/strong><\/p>\n","protected":false},"excerpt":{"rendered":"<p>Transfert de Maryam Akbari, apr\u00e8s 15 ans de d\u00e9tention, de la prison de Semnan \u00e0 la celle de Qarchak, vers de nouveaux s\u00e9vices Maryam Akbari-Monfared, apr\u00e8s 15 ans de d\u00e9tention sans un seul jour de d\u2019autorisation de sortie, a \u00e9t\u00e9 transf\u00e9r\u00e9e de son lieu d\u2019\u00e9loignement, la prison de Semnan, \u00e0 celle de Qarchak, \u00e0 Varamineen [&hellip;]<\/p>\n","protected":false},"author":4,"featured_media":11694,"comment_status":"closed","ping_status":"closed","sticky":false,"template":"","format":"standard","meta":{"jnews-multi-image_gallery":[],"jnews_single_post":{"format":"standard"},"jnews_primary_category":[],"jnews_social_meta":[],"jnews_override_counter":[],"footnotes":""},"categories":[5],"tags":[370,376],"class_list":["post-21167","post","type-post","status-publish","format-standard","has-post-thumbnail","hentry","category-communiques","tag-prisonnieres","tag-violence-contre-les-femmes"],"_links":{"self":[{"href":"https:\/\/wncri.org\/fr\/wp-json\/wp\/v2\/posts\/21167","targetHints":{"allow":["GET"]}}],"collection":[{"href":"https:\/\/wncri.org\/fr\/wp-json\/wp\/v2\/posts"}],"about":[{"href":"https:\/\/wncri.org\/fr\/wp-json\/wp\/v2\/types\/post"}],"author":[{"embeddable":true,"href":"https:\/\/wncri.org\/fr\/wp-json\/wp\/v2\/users\/4"}],"replies":[{"embeddable":true,"href":"https:\/\/wncri.org\/fr\/wp-json\/wp\/v2\/comments?post=21167"}],"version-history":[{"count":2,"href":"https:\/\/wncri.org\/fr\/wp-json\/wp\/v2\/posts\/21167\/revisions"}],"predecessor-version":[{"id":21169,"href":"https:\/\/wncri.org\/fr\/wp-json\/wp\/v2\/posts\/21167\/revisions\/21169"}],"wp:featuredmedia":[{"embeddable":true,"href":"https:\/\/wncri.org\/fr\/wp-json\/wp\/v2\/media\/11694"}],"wp:attachment":[{"href":"https:\/\/wncri.org\/fr\/wp-json\/wp\/v2\/media?parent=21167"}],"wp:term":[{"taxonomy":"category","embeddable":true,"href":"https:\/\/wncri.org\/fr\/wp-json\/wp\/v2\/categories?post=21167"},{"taxonomy":"post_tag","embeddable":true,"href":"https:\/\/wncri.org\/fr\/wp-json\/wp\/v2\/tags?post=21167"}],"curies":[{"name":"wp","href":"https:\/\/api.w.org\/{rel}","templated":true}]}}