{"id":21115,"date":"2024-10-16T18:33:57","date_gmt":"2024-10-16T16:33:57","guid":{"rendered":"https:\/\/wncri.org\/fr\/?p=21115"},"modified":"2024-10-16T18:33:59","modified_gmt":"2024-10-16T16:33:59","slug":"mahsa-jalal-badii","status":"publish","type":"post","link":"https:\/\/wncri.org\/fr\/2024\/10\/16\/mahsa-jalal-badii\/","title":{"rendered":"Mahsa Jalal Badii : 3,5 ans d&#8217;emprisonnement pour avoir lu des livres"},"content":{"rendered":"\n<h4 class=\"wp-block-heading\">Mahsa Jalal Badii a \u00e9t\u00e9 transf\u00e9r\u00e9e \u00e0 la <a href=\"https:\/\/wncri.org\/fr\/2024\/07\/14\/prison-de-lakan-a-racht\/\" target=\"_blank\" rel=\"noreferrer noopener\">prison de Lakan \u00e0 Racht<\/a>, une ville du nord de l&#8217;Iran, le dimanche 13 octobre 2024, apr\u00e8s avoir \u00e9t\u00e9 convoqu\u00e9e \u00e0 la chambre d&#8217;ex\u00e9cution du tribunal r\u00e9volutionnaire de Racht pour commencer \u00e0 purger sa peine de 3 ans et 6 mois d&#8217;emprisonnement.<\/h4>\n\n\n\n<p>N\u00e9e en 1985, Mahsa Jalal Badii r\u00e9side \u00e0 <a href=\"https:\/\/fr.wikipedia.org\/wiki\/Racht\" target=\"_blank\" rel=\"noreferrer noopener\">Racht<\/a> et est m\u00e8re d&#8217;un adolescent. Elle a \u00e9t\u00e9 condamn\u00e9e \u00e0 une peine d&#8217;emprisonnement pour avoir lu et partag\u00e9 des contenus scientifiques. Cette m\u00e8re c\u00e9libataire a \u00e9t\u00e9 arr\u00eat\u00e9e le 13 mai 2024 par les forces de s\u00e9curit\u00e9 \u00e0 Racht et lib\u00e9r\u00e9e sous caution apr\u00e8s 6 jours de d\u00e9tention.<\/p>\n\n\n\n<p>Plus tard, la troisi\u00e8me section du tribunal r\u00e9volutionnaire de Racht a condamn\u00e9 Mahsa Jalal Badii pour \u00ab propagande contre le r\u00e9gime \u201c \u00e0 7 mois et 16 jours de prison, ainsi qu&#8217;\u00e0 3 ans et 6 mois de prison pour \u201d activit\u00e9s \u00e9ducatives et promotionnelles jug\u00e9es contraires \u00e0 la loi islamique \u00bb. Sa condamnation est \u00e9galement assortie d&#8217;une interdiction de 10 ans d&#8217;exercer ses droits sociaux.<\/p>\n\n\n\n<p>En vertu de l&#8217;article 134 du code p\u00e9nal du r\u00e9gime cl\u00e9rical, qui pr\u00e9voit l&#8217;application de la peine la plus s\u00e9v\u00e8re en cas de condamnations multiples, la peine d&#8217;emprisonnement de 3 ans et 6 mois de la journaliste sera pleinement appliqu\u00e9e.<\/p>\n\n\n\n<p>Le tribunal a motiv\u00e9 sa condamnation par ses activit\u00e9s en ligne jug\u00e9es \u00ab incompatibles avec les principes islamiques \u00bb, la conversion de livres interdits en fichiers audio en vue de leur diffusion, ainsi que son soutien \u00e0 des personnalit\u00e9s politiques et aux manifestations nationales de 2022.<\/p>\n","protected":false},"excerpt":{"rendered":"<p>Mahsa Jalal Badii a \u00e9t\u00e9 transf\u00e9r\u00e9e \u00e0 la prison de Lakan \u00e0 Racht, une ville du nord de l&#8217;Iran, le dimanche 13 octobre 2024, apr\u00e8s avoir \u00e9t\u00e9 convoqu\u00e9e \u00e0 la chambre d&#8217;ex\u00e9cution du tribunal r\u00e9volutionnaire de Racht pour commencer \u00e0 purger sa peine de 3 ans et 6 mois d&#8217;emprisonnement. N\u00e9e en 1985, Mahsa Jalal [&hellip;]<\/p>\n","protected":false},"author":4,"featured_media":21116,"comment_status":"closed","ping_status":"closed","sticky":false,"template":"","format":"standard","meta":{"jnews-multi-image_gallery":[],"jnews_single_post":{"format":"standard"},"jnews_primary_category":[],"jnews_social_meta":[],"jnews_override_counter":[],"footnotes":""},"categories":[3],"tags":[370],"class_list":["post-21115","post","type-post","status-publish","format-standard","has-post-thumbnail","hentry","category-infos-des-femmes","tag-prisonnieres"],"_links":{"self":[{"href":"https:\/\/wncri.org\/fr\/wp-json\/wp\/v2\/posts\/21115","targetHints":{"allow":["GET"]}}],"collection":[{"href":"https:\/\/wncri.org\/fr\/wp-json\/wp\/v2\/posts"}],"about":[{"href":"https:\/\/wncri.org\/fr\/wp-json\/wp\/v2\/types\/post"}],"author":[{"embeddable":true,"href":"https:\/\/wncri.org\/fr\/wp-json\/wp\/v2\/users\/4"}],"replies":[{"embeddable":true,"href":"https:\/\/wncri.org\/fr\/wp-json\/wp\/v2\/comments?post=21115"}],"version-history":[{"count":1,"href":"https:\/\/wncri.org\/fr\/wp-json\/wp\/v2\/posts\/21115\/revisions"}],"predecessor-version":[{"id":21117,"href":"https:\/\/wncri.org\/fr\/wp-json\/wp\/v2\/posts\/21115\/revisions\/21117"}],"wp:featuredmedia":[{"embeddable":true,"href":"https:\/\/wncri.org\/fr\/wp-json\/wp\/v2\/media\/21116"}],"wp:attachment":[{"href":"https:\/\/wncri.org\/fr\/wp-json\/wp\/v2\/media?parent=21115"}],"wp:term":[{"taxonomy":"category","embeddable":true,"href":"https:\/\/wncri.org\/fr\/wp-json\/wp\/v2\/categories?post=21115"},{"taxonomy":"post_tag","embeddable":true,"href":"https:\/\/wncri.org\/fr\/wp-json\/wp\/v2\/tags?post=21115"}],"curies":[{"name":"wp","href":"https:\/\/api.w.org\/{rel}","templated":true}]}}