{"id":21112,"date":"2024-10-15T20:47:45","date_gmt":"2024-10-15T18:47:45","guid":{"rendered":"https:\/\/wncri.org\/fr\/?p=21112"},"modified":"2024-10-15T20:47:47","modified_gmt":"2024-10-15T18:47:47","slug":"appels-telephoniques-visites","status":"publish","type":"post","link":"https:\/\/wncri.org\/fr\/2024\/10\/15\/appels-telephoniques-visites\/","title":{"rendered":"Restrictions sur les appels t\u00e9l\u00e9phoniques et les visites dans le quartier des femmes de la prison d&#8217;Evin"},"content":{"rendered":"\n<h4 class=\"wp-block-heading\">Les restrictions sur les appels t\u00e9l\u00e9phoniques et les visites en personne se poursuivent dans le quartier des femmes de la prison d&#8217;Evin.<\/h4>\n\n\n\n<p>Les responsables de la prison d&#8217;Evin, dans le but d&#8217;intensifier la pression sur les d\u00e9tenues, ont proc\u00e9d\u00e9 \u00e0 des fouilles corporelles inhabituelles. En cons\u00e9quence, certaines prisonni\u00e8res du quartier des femmes se sont vues refuser des visites en personne et en cabine au cours des derniers jours.<\/p>\n\n\n\n<p>La prisonni\u00e8re politique <a href=\"https:\/\/wncri.org\/fr\/2024\/07\/19\/prisonniere-politique-elaheh\/\" target=\"_blank\" rel=\"noreferrer noopener\">Elaheh Fouladi<\/a> est priv\u00e9e de contacts et de visites avec sa famille depuis le 6 juillet 2024.<\/p>\n\n\n\n<p>La prisonni\u00e8re politique <a href=\"https:\/\/wncri.org\/fr\/2024\/09\/28\/maryam-sadat-yahyavi\/\" target=\"_blank\" rel=\"noreferrer noopener\">Maryam Yahyavi<\/a> est priv\u00e9e de contact t\u00e9l\u00e9phonique avec sa famille depuis le 6 ao\u00fbt.<\/p>\n\n\n\n<p>Le 3 ao\u00fbt, les autorit\u00e9s de la prison d&#8217;Evin ont annonc\u00e9 que des dizaines de ces prisonni\u00e8res seraient <a href=\"https:\/\/wncri.org\/fr\/2024\/08\/05\/prison-devin\/\" target=\"_blank\" rel=\"noreferrer noopener\">priv\u00e9es de visites en personne<\/a> avec leur famille pour une dur\u00e9e ind\u00e9termin\u00e9e. Cette sanction fait suite \u00e0 la manifestation et au sit-in des prisonni\u00e8res politiques de la prison d&#8217;Evin contre la condamnation \u00e0 mort de Pakhshan Azizi, les 25 et 27 juillet 2024, o\u00f9 elles ont scand\u00e9 des slogans tels que \u00ab A bas le gouvernement d&#8217;ex\u00e9cution \u201c, \u201d A bas le dictateur \u201c, \u201d Toi dictateur, moi Arash, le feu r\u00e9pond au feu \u201c, et \u201d Le quartier des femmes d&#8217;Evin est uni et d\u00e9termin\u00e9 jusqu&#8217;au bout \u00bb.<\/p>\n\n\n\n<p>Priver une prisonni\u00e8re de contacts t\u00e9l\u00e9phoniques et de visites en personne avec les membres de sa famille constitue une violation de plusieurs dispositions de la <a href=\"https:\/\/www.un.org\/fr\/about-us\/universal-declaration-of-human-rights\" target=\"_blank\" rel=\"noreferrer noopener\">D\u00e9claration universelle des droits de l&#8217;homme.<\/a><\/p>\n","protected":false},"excerpt":{"rendered":"<p>Les restrictions sur les appels t\u00e9l\u00e9phoniques et les visites en personne se poursuivent dans le quartier des femmes de la prison d&#8217;Evin. Les responsables de la prison d&#8217;Evin, dans le but d&#8217;intensifier la pression sur les d\u00e9tenues, ont proc\u00e9d\u00e9 \u00e0 des fouilles corporelles inhabituelles. En cons\u00e9quence, certaines prisonni\u00e8res du quartier des femmes se sont vues [&hellip;]<\/p>\n","protected":false},"author":4,"featured_media":19548,"comment_status":"closed","ping_status":"closed","sticky":false,"template":"","format":"standard","meta":{"jnews-multi-image_gallery":[],"jnews_single_post":{"format":"standard"},"jnews_primary_category":[],"jnews_social_meta":[],"jnews_override_counter":[],"footnotes":""},"categories":[3],"tags":[370],"class_list":["post-21112","post","type-post","status-publish","format-standard","has-post-thumbnail","hentry","category-infos-des-femmes","tag-prisonnieres"],"_links":{"self":[{"href":"https:\/\/wncri.org\/fr\/wp-json\/wp\/v2\/posts\/21112","targetHints":{"allow":["GET"]}}],"collection":[{"href":"https:\/\/wncri.org\/fr\/wp-json\/wp\/v2\/posts"}],"about":[{"href":"https:\/\/wncri.org\/fr\/wp-json\/wp\/v2\/types\/post"}],"author":[{"embeddable":true,"href":"https:\/\/wncri.org\/fr\/wp-json\/wp\/v2\/users\/4"}],"replies":[{"embeddable":true,"href":"https:\/\/wncri.org\/fr\/wp-json\/wp\/v2\/comments?post=21112"}],"version-history":[{"count":1,"href":"https:\/\/wncri.org\/fr\/wp-json\/wp\/v2\/posts\/21112\/revisions"}],"predecessor-version":[{"id":21113,"href":"https:\/\/wncri.org\/fr\/wp-json\/wp\/v2\/posts\/21112\/revisions\/21113"}],"wp:featuredmedia":[{"embeddable":true,"href":"https:\/\/wncri.org\/fr\/wp-json\/wp\/v2\/media\/19548"}],"wp:attachment":[{"href":"https:\/\/wncri.org\/fr\/wp-json\/wp\/v2\/media?parent=21112"}],"wp:term":[{"taxonomy":"category","embeddable":true,"href":"https:\/\/wncri.org\/fr\/wp-json\/wp\/v2\/categories?post=21112"},{"taxonomy":"post_tag","embeddable":true,"href":"https:\/\/wncri.org\/fr\/wp-json\/wp\/v2\/tags?post=21112"}],"curies":[{"name":"wp","href":"https:\/\/api.w.org\/{rel}","templated":true}]}}