{"id":21106,"date":"2024-10-13T20:41:22","date_gmt":"2024-10-13T18:41:22","guid":{"rendered":"https:\/\/wncri.org\/fr\/?p=21106"},"modified":"2024-10-14T20:44:34","modified_gmt":"2024-10-14T18:44:34","slug":"asra-panahi","status":"publish","type":"post","link":"https:\/\/wncri.org\/fr\/2024\/10\/13\/asra-panahi\/","title":{"rendered":"Asra Panahi"},"content":{"rendered":"\n<h2 class=\"wp-block-heading\">Une jeune voix de la g\u00e9n\u00e9ration provocatrice de l&#8217;Iran<\/h2>\n\n\n\n<h4 class=\"wp-block-heading\">Asra Panahi, n\u00e9e le 5 mars 2007, \u00e9tait une jeune fille pleine d&#8217;entrain qui n&#8217;avait pas encore 16 ans au moment de sa mort. Elle \u00e9tait connue pour \u00eatre une nageuse saine et talentueuse qui participait \u00e0 des comp\u00e9titions. <\/h4>\n\n\n\n<p>Asra \u00e9tait \u00e9galement \u00e9tudiante au lyc\u00e9e Shahed d&#8217;Ardabil, une ville du nord-ouest de l&#8217;Iran situ\u00e9e pr\u00e8s de la fronti\u00e8re azerba\u00efdjanaise.<\/p>\n\n\n\n<p>Le jeudi 13 octobre 2022, des agents en civil du r\u00e9gime ont pris d&#8217;assaut le lyc\u00e9e de filles Shahed \u00e0 Ardabil. Ils ont pris pour cible les \u00e9l\u00e8ves qui refusaient de participer \u00e0 une c\u00e9r\u00e9monie orchestr\u00e9e par l&#8217;\u00c9tat pour chanter un hymne en faveur du guide supr\u00eame des mollahs. Au lieu de cela, ils ont scand\u00e9 \u00ab <a href=\"https:\/\/x.com\/AidaFekrian\/status\/1581021550337486850\" target=\"_blank\" rel=\"noreferrer noopener\">\u00e0 bas le dictateur<\/a> \u00bb, un cri de ralliement contre l&#8217;oppression. En r\u00e9ponse, les forces de s\u00e9curit\u00e9 ont brutalement battu les \u00e9tudiants.<\/p>\n\n\n\n<p>19 jeunes filles ont \u00e9t\u00e9 arr\u00eat\u00e9es et au moins 10, dont Asra Panahi, ont \u00e9t\u00e9 gravement bless\u00e9es et transport\u00e9es \u00e0 l&#8217;h\u00f4pital Fatemi d&#8217;Ardabil. <a href=\"https:\/\/wncri.org\/fr\/2022\/10\/18\/asra-panahi-15-ans\/\" target=\"_blank\" rel=\"noreferrer noopener\">Asra a tragiquement succomb\u00e9<\/a> \u00e0 ses blessures \u00e0 la suite d&#8217;une h\u00e9morragie interne.<\/p>\n\n\n\n<p>Les autorit\u00e9s ont menac\u00e9 les familles des \u00e9tudiants et le personnel de l&#8217;h\u00f4pital, les avertissant que si des d\u00e9tails de l&#8217;incident venaient \u00e0 \u00eatre divulgu\u00e9s, la vie de leurs enfants serait en danger. Le r\u00e9gime a contraint les oncles et le fr\u00e8re d&#8217;Asra \u00e0 appara\u00eetre \u00e0 la t\u00e9l\u00e9vision d&#8217;\u00c9tat pour <a href=\"https:\/\/wncri.org\/fr\/2023\/01\/04\/diffuser-de-faux-recits\/\" target=\"_blank\" rel=\"noreferrer noopener\">pr\u00e9tendre \u00e0 tort<\/a> qu&#8217;elle \u00e9tait morte d&#8217;une maladie cardiaque. Selon certaines informations, le fr\u00e8re d&#8217;Asra a ensuite tent\u00e9 de se suicider, d\u00e9vast\u00e9 d&#8217;avoir \u00e9t\u00e9 contraint de mentir sur la mort de sa s\u0153ur \u00e0 la t\u00e9l\u00e9vision nationale.<\/p>\n\n\n\n<p>Le samedi 19 novembre 2022, en l&#8217;honneur du 40e jour de comm\u00e9moration d&#8217;Asra (une p\u00e9riode de deuil importante dans la culture iranienne), les <a href=\"https:\/\/www.youtube.com\/watch?v=REP4-nA5-Yk\" target=\"_blank\" rel=\"noreferrer noopener\">jeunes d&#8217;Ardabil<\/a> sont descendus dans la rue au 65e jour du soul\u00e8vement iranien. Ils se sont rassembl\u00e9s en sa m\u00e9moire, symbolisant ainsi le fait que la vie et le sacrifice d&#8217;Asra Panahi ont allum\u00e9 un feu de d\u00e9fi durable dans le c\u0153ur de ceux qui luttent pour la libert\u00e9.<\/p>\n\n\n<div class=\"wp-block-image\">\n<figure class=\"aligncenter size-full\"><img decoding=\"async\" src=\"data:image\/gif;base64,R0lGODlhAQABAIAAAAAAAP\/\/\/yH5BAEAAAAALAAAAAABAAEAAAIBRAA7\" data-src=\"https:\/\/wncri.org\/fr\/wp-content\/uploads\/2022\/10\/FfX9Z1lXEBEGkFz-Asra-Panahi-grave-min.jpg\" alt=\"Asra Panahi, 15 ans, a perdu la vie apr\u00e8s avoir \u00e9t\u00e9 battue par des agents en civil\" class=\"wp-image-16801 lazyload\"\/><noscript><img decoding=\"async\" width=\"520\" height=\"680\" src=\"https:\/\/wncri.org\/fr\/wp-content\/uploads\/2022\/10\/FfX9Z1lXEBEGkFz-Asra-Panahi-grave-min.jpg\" alt=\"Asra Panahi, 15 ans, a perdu la vie apr\u00e8s avoir \u00e9t\u00e9 battue par des agents en civil\" class=\"wp-image-16801 lazyload\" srcset=\"https:\/\/wncri.org\/fr\/wp-content\/uploads\/2022\/10\/FfX9Z1lXEBEGkFz-Asra-Panahi-grave-min.jpg 520w, https:\/\/wncri.org\/fr\/wp-content\/uploads\/2022\/10\/FfX9Z1lXEBEGkFz-Asra-Panahi-grave-min-229x300.jpg 229w\" sizes=\"(max-width: 520px) 100vw, 520px\" \/><\/noscript><\/figure>\n<\/div>","protected":false},"excerpt":{"rendered":"<p>Une jeune voix de la g\u00e9n\u00e9ration provocatrice de l&#8217;Iran Asra Panahi, n\u00e9e le 5 mars 2007, \u00e9tait une jeune fille pleine d&#8217;entrain qui n&#8217;avait pas encore 16 ans au moment de sa mort. Elle \u00e9tait connue pour \u00eatre une nageuse saine et talentueuse qui participait \u00e0 des comp\u00e9titions. Asra \u00e9tait \u00e9galement \u00e9tudiante au lyc\u00e9e Shahed [&hellip;]<\/p>\n","protected":false},"author":4,"featured_media":21107,"comment_status":"closed","ping_status":"closed","sticky":false,"template":"","format":"standard","meta":{"jnews-multi-image_gallery":[],"jnews_single_post":{"format":"standard"},"jnews_primary_category":[],"jnews_social_meta":[],"jnews_override_counter":[],"footnotes":""},"categories":[25],"tags":[382,376],"class_list":["post-21106","post","type-post","status-publish","format-standard","has-post-thumbnail","hentry","category-tombees-pour-la-liberte","tag-generation-egalite","tag-violence-contre-les-femmes"],"_links":{"self":[{"href":"https:\/\/wncri.org\/fr\/wp-json\/wp\/v2\/posts\/21106","targetHints":{"allow":["GET"]}}],"collection":[{"href":"https:\/\/wncri.org\/fr\/wp-json\/wp\/v2\/posts"}],"about":[{"href":"https:\/\/wncri.org\/fr\/wp-json\/wp\/v2\/types\/post"}],"author":[{"embeddable":true,"href":"https:\/\/wncri.org\/fr\/wp-json\/wp\/v2\/users\/4"}],"replies":[{"embeddable":true,"href":"https:\/\/wncri.org\/fr\/wp-json\/wp\/v2\/comments?post=21106"}],"version-history":[{"count":1,"href":"https:\/\/wncri.org\/fr\/wp-json\/wp\/v2\/posts\/21106\/revisions"}],"predecessor-version":[{"id":21108,"href":"https:\/\/wncri.org\/fr\/wp-json\/wp\/v2\/posts\/21106\/revisions\/21108"}],"wp:featuredmedia":[{"embeddable":true,"href":"https:\/\/wncri.org\/fr\/wp-json\/wp\/v2\/media\/21107"}],"wp:attachment":[{"href":"https:\/\/wncri.org\/fr\/wp-json\/wp\/v2\/media?parent=21106"}],"wp:term":[{"taxonomy":"category","embeddable":true,"href":"https:\/\/wncri.org\/fr\/wp-json\/wp\/v2\/categories?post=21106"},{"taxonomy":"post_tag","embeddable":true,"href":"https:\/\/wncri.org\/fr\/wp-json\/wp\/v2\/tags?post=21106"}],"curies":[{"name":"wp","href":"https:\/\/api.w.org\/{rel}","templated":true}]}}