{"id":2099,"date":"2017-03-09T11:09:42","date_gmt":"2017-03-09T11:09:42","guid":{"rendered":"https:\/\/wncri.org\/frdev\/2017\/03\/09\/iran-une-jeune-demande-la-liberation-des-prisonnieres-politiques-pour-le-8-mars\/"},"modified":"2017-03-09T11:09:42","modified_gmt":"2017-03-09T11:09:42","slug":"iran-une-jeune-demande-la-liberation-des-prisonnieres-politiques-pour-le-8-mars","status":"publish","type":"post","link":"https:\/\/wncri.org\/fr\/2017\/03\/09\/iran-une-jeune-demande-la-liberation-des-prisonnieres-politiques-pour-le-8-mars\/","title":{"rendered":"Iran: Une jeune demande la lib\u00e9ration des prisonni\u00e8res politiques pour le 8 mars"},"content":{"rendered":"<p>CNRI Femmes &#8211; \u00c0 l&#8217;occasion de la Journ\u00e9e internationale des femmes, une jeune fille en Iran apporte son soutien aux prisonni\u00e8res politiques et appelle \u00e0 leur lib\u00e9ration.Elle a \u00e9crit sur un tract :<\/p>\n<p>  <!--more-->  <\/p>\n<p>\u00ab Le 8 mars, il s&#8217;agit d&#8217;un appel \u00e0 la libert\u00e9, \u00e0 l&#8217;\u00e9galit\u00e9 et \u00e0 l&#8217;abolition des ex\u00e9cutions silencieuses de militantes politiques. Nous sommes la voix des femmes combattantes Zeinab Jalalian, Golrokh Ebrahimi et Roya Saberi-Nejad.\u00a0\u00bb<\/p>\n","protected":false},"excerpt":{"rendered":"<p>CNRI Femmes &#8211; \u00c0 l&#8217;occasion de la Journ\u00e9e internationale des femmes, une jeune fille en Iran apporte son soutien aux prisonni\u00e8res politiques et appelle \u00e0 leur lib\u00e9ration.Elle a \u00e9crit sur un tract :<\/p>\n","protected":false},"author":1,"featured_media":4675,"comment_status":"open","ping_status":"open","sticky":false,"template":"","format":"standard","meta":{"jnews-multi-image_gallery":[],"jnews_single_post":[],"jnews_primary_category":[],"jnews_social_meta":[],"jnews_override_counter":[],"footnotes":""},"categories":[3],"tags":[],"class_list":["post-2099","post","type-post","status-publish","format-standard","has-post-thumbnail","hentry","category-infos-des-femmes"],"_links":{"self":[{"href":"https:\/\/wncri.org\/fr\/wp-json\/wp\/v2\/posts\/2099","targetHints":{"allow":["GET"]}}],"collection":[{"href":"https:\/\/wncri.org\/fr\/wp-json\/wp\/v2\/posts"}],"about":[{"href":"https:\/\/wncri.org\/fr\/wp-json\/wp\/v2\/types\/post"}],"author":[{"embeddable":true,"href":"https:\/\/wncri.org\/fr\/wp-json\/wp\/v2\/users\/1"}],"replies":[{"embeddable":true,"href":"https:\/\/wncri.org\/fr\/wp-json\/wp\/v2\/comments?post=2099"}],"version-history":[{"count":0,"href":"https:\/\/wncri.org\/fr\/wp-json\/wp\/v2\/posts\/2099\/revisions"}],"wp:featuredmedia":[{"embeddable":true,"href":"https:\/\/wncri.org\/fr\/wp-json\/wp\/v2\/media\/4675"}],"wp:attachment":[{"href":"https:\/\/wncri.org\/fr\/wp-json\/wp\/v2\/media?parent=2099"}],"wp:term":[{"taxonomy":"category","embeddable":true,"href":"https:\/\/wncri.org\/fr\/wp-json\/wp\/v2\/categories?post=2099"},{"taxonomy":"post_tag","embeddable":true,"href":"https:\/\/wncri.org\/fr\/wp-json\/wp\/v2\/tags?post=2099"}],"curies":[{"name":"wp","href":"https:\/\/api.w.org\/{rel}","templated":true}]}}