{"id":20981,"date":"2024-10-04T09:55:38","date_gmt":"2024-10-04T07:55:38","guid":{"rendered":"https:\/\/wncri.org\/fr\/?p=20981"},"modified":"2024-10-08T20:50:51","modified_gmt":"2024-10-08T18:50:51","slug":"expulsion-detudiants-professeurs","status":"publish","type":"post","link":"https:\/\/wncri.org\/fr\/2024\/10\/04\/expulsion-detudiants-professeurs\/","title":{"rendered":"Rapport de septembre 2024 : expulsion d&#8217;\u00e9tudiants et de professeurs"},"content":{"rendered":"\n<h2 class=\"wp-block-heading\"><strong>L&#8217;\u00e9ducation en \u00e9tat de si\u00e8ge : expulsion d&#8217;\u00e9tudiants et de professeurs des universit\u00e9s iraniennes<\/strong><\/h2>\n\n\n\n<div data-wp-interactive=\"core\/file\" class=\"wp-block-file\"><object data-wp-bind--hidden=\"!state.hasPdfPreview\" hidden class=\"wp-block-file__embed\" data=\"https:\/\/wncri.org\/fr\/wp-content\/uploads\/2024\/10\/Monthly-September-2024_FR.pdf\" type=\"application\/pdf\" style=\"width:100%;height:600px\" aria-label=\"Embed of Monthly September 2024_FR.\"><\/object><a id=\"wp-block-file--media-eb94a9fb-918b-4ad7-8a89-db802af5263c\" href=\"https:\/\/wncri.org\/fr\/wp-content\/uploads\/2024\/10\/Monthly-September-2024_FR.pdf\">Monthly September 2024_FR<\/a><a href=\"https:\/\/wncri.org\/fr\/wp-content\/uploads\/2024\/10\/Monthly-September-2024_FR.pdf\" class=\"wp-block-file__button wp-element-button\" download aria-describedby=\"wp-block-file--media-eb94a9fb-918b-4ad7-8a89-db802af5263c\">Download<\/a><\/div>\n\n\n\n<h3 class=\"wp-block-heading\"><strong>Expulsion d&#8217;\u00e9tudiants et de professeurs au d\u00e9but de la nouvelle ann\u00e9e universitaire<\/strong><\/h3>\n\n\n\n<p>Les universit\u00e9s iraniennes ont toujours \u00e9t\u00e9 des bastions de la libert\u00e9 et de la justice, jouant un r\u00f4le central dans les mouvements sociaux et politiques et servant de centres de protestation. Les \u00e9tudiants iraniens ont \u00e9t\u00e9 \u00e0 l&#8217;avant-garde de ces mouvements, lan\u00e7ant des appels au changement.<\/p>\n\n\n\n<p>Ce r\u00f4le a \u00e9t\u00e9 crucial tout au long de l&#8217;histoire de l&#8217;Iran en d\u00e9clenchant des transformations significatives, telles que la r\u00e9volution de 1979 et les protestations qui ont suivi. Lors du soul\u00e8vement national de 2022, les universit\u00e9s ont jou\u00e9 un r\u00f4le central dans les manifestations.<\/p>\n\n\n\n<p>La participation active et g\u00e9n\u00e9ralis\u00e9e des \u00e9tudiants a conduit le r\u00e9gime iranien \u00e0 \u00e9laborer de nouvelles r\u00e8gles visant \u00e0 \u00e9touffer tout esprit de dissidence ou de pens\u00e9e critique. Ces nouvelles r\u00e8gles ont impos\u00e9 de s\u00e9v\u00e8res restrictions aux libert\u00e9s individuelles et sociales au sein des universit\u00e9s.<\/p>\n\n\n\n<p>Les institutions de s\u00e9curit\u00e9 se sont vu confier un pouvoir sans contr\u00f4le dans les universit\u00e9s, utilisant des mesures disciplinaires, politiques et juridiques pour r\u00e9primer les \u00e9tudiants en qu\u00eate de libert\u00e9.<\/p>\n\n\n\n<p>Au cours des deux derni\u00e8res ann\u00e9es, des <a href=\"https:\/\/wncri.org\/fr\/2024\/03\/04\/le-rapport-annuel-2024\/\" target=\"_blank\" rel=\"noreferrer noopener\">milliers d&#8217;\u00e9tudiants<\/a> se sont vu interdire de poursuivre leurs \u00e9tudes. Nombre d&#8217;entre eux, cibl\u00e9s pour leur activisme politique et leur participation \u00e0 des manifestations, ont \u00e9t\u00e9 expuls\u00e9s, suspendus ou se sont vu refuser l&#8217;acc\u00e8s \u00e0 un logement universitaire.<\/p>\n\n\n\n<p>\u00c0 l&#8217;approche de la nouvelle ann\u00e9e universitaire 2024-25, le r\u00e9gime a de nouveau intensifi\u00e9 la pression sur les universit\u00e9s et les \u00e9tudiants iraniens, craignant la r\u00e9ouverture des campus et les rassemblements d&#8217;\u00e9tudiants. Pr\u00e8s de 200 \u00e9tudiants ont \u00e9t\u00e9 interdits de cours ou de poursuivre leurs \u00e9tudes, accus\u00e9s d&#8217;infractions vagues telles que l&#8217;activisme en ligne ou le refus de se conformer aux r\u00e8gles du hijab obligatoire, dans le cadre de la r\u00e9pression en cours depuis les manifestations de 2022. Certains de ces \u00e9tudiants font \u00e9galement l&#8217;objet de poursuites judiciaires et sont actuellement emprisonn\u00e9s.<\/p>\n\n\n\n<p>\u2003<\/p>\n\n\n<div class=\"wp-block-image\">\n<figure class=\"aligncenter size-large\"><img decoding=\"async\" src=\"data:image\/gif;base64,R0lGODlhAQABAIAAAAAAAP\/\/\/yH5BAEAAAAALAAAAAABAAEAAAIBRAA7\" data-src=\"https:\/\/wncri.org\/fr\/wp-content\/uploads\/2024\/04\/Banning-students-from-entering-the-campus-improper-hijab-min-1024x512.jpg\" alt=\"Le r\u00e9gime iranien r\u00e9prime les \u00e9tudiantes qui ne portent pas le &quot;hijab&quot;\" class=\"wp-image-20076 lazyload\"\/><noscript><img decoding=\"async\" width=\"1024\" height=\"512\" src=\"https:\/\/wncri.org\/fr\/wp-content\/uploads\/2024\/04\/Banning-students-from-entering-the-campus-improper-hijab-min-1024x512.jpg\" alt=\"Le r\u00e9gime iranien r\u00e9prime les \u00e9tudiantes qui ne portent pas le &quot;hijab&quot;\" class=\"wp-image-20076 lazyload\" srcset=\"https:\/\/wncri.org\/fr\/wp-content\/uploads\/2024\/04\/Banning-students-from-entering-the-campus-improper-hijab-min-1024x512.jpg 1024w, https:\/\/wncri.org\/fr\/wp-content\/uploads\/2024\/04\/Banning-students-from-entering-the-campus-improper-hijab-min-300x150.jpg 300w, https:\/\/wncri.org\/fr\/wp-content\/uploads\/2024\/04\/Banning-students-from-entering-the-campus-improper-hijab-min-768x384.jpg 768w, https:\/\/wncri.org\/fr\/wp-content\/uploads\/2024\/04\/Banning-students-from-entering-the-campus-improper-hijab-min-360x180.jpg 360w, https:\/\/wncri.org\/fr\/wp-content\/uploads\/2024\/04\/Banning-students-from-entering-the-campus-improper-hijab-min-750x375.jpg 750w, https:\/\/wncri.org\/fr\/wp-content\/uploads\/2024\/04\/Banning-students-from-entering-the-campus-improper-hijab-min.jpg 1140w\" sizes=\"(max-width: 1024px) 100vw, 1024px\" \/><\/noscript><\/figure>\n<\/div>\n\n\n<h3 class=\"wp-block-heading\"><strong>Des \u00e9tudiantes priv\u00e9es de leur droit \u00e0 l&#8217;\u00e9ducation<\/strong><\/h3>\n\n\n\n<p><a href=\"https:\/\/wncri.org\/fr\/2024\/09\/13\/sadaf-heydari-shaqayeq-akbari\/\" target=\"_blank\" rel=\"noreferrer noopener\">Sadaf Heydari<\/a>, \u00e9tudiante \u00e0 l&#8217;universit\u00e9 de Tabriz, fait partie des \u00e9tudiants \u00e0 qui l&#8217;on a interdit de poursuivre leurs \u00e9tudes. Elle a \u00e9t\u00e9 suspendue pour deux semestres et interdite de logement universitaire apr\u00e8s avoir post\u00e9 sur Instagram au sujet de l&#8217;accident d&#8217;h\u00e9licopt\u00e8re impliquant <a href=\"https:\/\/wncri.org\/fr\/2024\/06\/02\/le-bilan-debrahim-raissi\/\" target=\"_blank\" rel=\"noreferrer noopener\">Ebrahim Ra\u00efssi<\/a>. Le comit\u00e9 disciplinaire de l&#8217;universit\u00e9 a prononc\u00e9 ces sanctions en r\u00e9ponse \u00e0 son activit\u00e9 sur les m\u00e9dias sociaux.<\/p>\n\n\n\n<p><a href=\"https:\/\/wncri.org\/fr\/2024\/09\/13\/sadaf-heydari-shaqayeq-akbari\/\" target=\"_blank\" rel=\"noreferrer noopener\">Shaghayegh Akbari<\/a>, doctorante en sociologie politique \u00e0 l&#8217;universit\u00e9 Tarbiat Modares de T\u00e9h\u00e9ran, a \u00e9galement \u00e9t\u00e9 suspendue pour quatre semestres par le comit\u00e9 disciplinaire central du minist\u00e8re des sciences. Sa sanction a \u00e9t\u00e9 motiv\u00e9e par ses posts et stories Instagram, ainsi que par une interview qu&#8217;elle a accord\u00e9e au journal Ham-Mihan, dans laquelle elle critiquait les mesures de s\u00e9curit\u00e9 renforc\u00e9es de l&#8217;universit\u00e9 et le traitement r\u00e9serv\u00e9 aux \u00e9tudiantes et \u00e9tudiants par les forces de s\u00e9curit\u00e9 du campus.<\/p>\n\n\n\n<p>Ce n&#8217;est pas la premi\u00e8re fois que Shaghayegh fait l&#8217;objet de mesures disciplinaires ; elle a d\u00e9j\u00e0 \u00e9t\u00e9 suspendue pendant 12 mois, et la nouvelle suspension met s\u00e9rieusement en p\u00e9ril son avenir universitaire.<\/p>\n\n\n\n<p><a href=\"https:\/\/wncri.org\/fr\/2023\/09\/25\/sahar-salehian\/\" target=\"_blank\" rel=\"noreferrer noopener\">Sahra Rezaei<\/a>, \u00e9tudiante \u00e0 l&#8217;universit\u00e9 Allameh Tabataba&#8217;i, a \u00e9t\u00e9 expuls\u00e9e \u00e0 la suite d&#8217;une d\u00e9cision de la Cour de justice administrative. Sahra Rezaei, ressortissante afghane \u00e2g\u00e9e de 22 ans, \u00e9tudiait le journalisme et en \u00e9tait \u00e0 son septi\u00e8me semestre lorsque le tribunal a confirm\u00e9 son expulsion. Elle avait \u00e9t\u00e9 arr\u00eat\u00e9e lors des manifestations nationales d&#8217;octobre 2022 et lib\u00e9r\u00e9e en d\u00e9cembre de la m\u00eame ann\u00e9e.<\/p>\n\n\n\n<p>\u00c0 l&#8217;universit\u00e9 de T\u00e9h\u00e9ran, le comit\u00e9 disciplinaire a suspendu Sheida Aghahmidi, \u00e9tudiante en anthropologie, pour 2 semestres. La suspension de Sheida \u00e9tait fond\u00e9e sur des accusations de perturbation des activit\u00e9s universitaires, de non-respect des normes de conduite des \u00e9tudiants et de non-respect des r\u00e8gles relatives au hijab obligatoire.<\/p>\n\n\n<div class=\"wp-block-image\">\n<figure class=\"aligncenter size-large\"><img decoding=\"async\" src=\"data:image\/gif;base64,R0lGODlhAQABAIAAAAAAAP\/\/\/yH5BAEAAAAALAAAAAABAAEAAAIBRAA7\" data-src=\"https:\/\/wncri.org\/fr\/wp-content\/uploads\/2024\/10\/Iranian-students-expelled-or-suspended-min-1024x576.jpg\" alt=\"\" class=\"wp-image-20983 lazyload\"\/><noscript><img decoding=\"async\" width=\"1024\" height=\"576\" src=\"https:\/\/wncri.org\/fr\/wp-content\/uploads\/2024\/10\/Iranian-students-expelled-or-suspended-min-1024x576.jpg\" alt=\"\" class=\"wp-image-20983 lazyload\" srcset=\"https:\/\/wncri.org\/fr\/wp-content\/uploads\/2024\/10\/Iranian-students-expelled-or-suspended-min-1024x576.jpg 1024w, https:\/\/wncri.org\/fr\/wp-content\/uploads\/2024\/10\/Iranian-students-expelled-or-suspended-min-300x169.jpg 300w, https:\/\/wncri.org\/fr\/wp-content\/uploads\/2024\/10\/Iranian-students-expelled-or-suspended-min-768x432.jpg 768w, https:\/\/wncri.org\/fr\/wp-content\/uploads\/2024\/10\/Iranian-students-expelled-or-suspended-min-750x422.jpg 750w, https:\/\/wncri.org\/fr\/wp-content\/uploads\/2024\/10\/Iranian-students-expelled-or-suspended-min-1140x641.jpg 1140w, https:\/\/wncri.org\/fr\/wp-content\/uploads\/2024\/10\/Iranian-students-expelled-or-suspended-min.jpg 1200w\" sizes=\"(max-width: 1024px) 100vw, 1024px\" \/><\/noscript><figcaption class=\"wp-element-caption\">Dans le sens des aiguilles d&#8217;une montre, en partant du haut \u00e0 gauche, Yekta Mirzaei, Sahra Rezaei, Shaqayeq Akbari, Sadaf Heydari, Reyhaneh Ebrahim-Vandi, et Sheida Aghahamidi.<\/figcaption><\/figure>\n<\/div>\n\n\n<p><a href=\"https:\/\/wncri.org\/fr\/2024\/08\/29\/yekta-mirzaei-reyhaneh-ebrahim-vandi\/\" target=\"_blank\" rel=\"noreferrer noopener\">Yekta Mirzaei<\/a>, \u00e9tudiante en sociologie \u00e0 l&#8217;universit\u00e9 de T\u00e9h\u00e9ran, a \u00e9t\u00e9 suspendue pour deux semestres par le comit\u00e9 disciplinaire de l&#8217;universit\u00e9. La d\u00e9cision se fonde sur des accusations de non-respect des <a href=\"https:\/\/wncri.org\/fr\/2023\/09\/26\/la-nouvelle-annee-universitaire\/\" target=\"_blank\" rel=\"noreferrer noopener\">r\u00e8gles relatives au hijab obligatoire<\/a>, de non-respect des r\u00e8gles de conduite des \u00e9tudiants et d&#8217;insulte aux valeurs nationales ou islamiques.<\/p>\n\n\n\n<p><a href=\"https:\/\/wncri.org\/fr\/2024\/08\/29\/yekta-mirzaei-reyhaneh-ebrahim-vandi\/\" target=\"_blank\" rel=\"noreferrer noopener\">Reyhaneh Ebrahim-Vandi<\/a>, \u00e9tudiante en conseil qui a commenc\u00e9 ses \u00e9tudes \u00e0 l&#8217;universit\u00e9 Al-Zahra en 2021, a \u00e9galement \u00e9t\u00e9 suspendue pour 2 semestres, qui seront comptabilis\u00e9s dans ses ann\u00e9es universitaires. La d\u00e9cision du comit\u00e9 disciplinaire fait \u00e9tat d&#8217;accusations telles que \u00ab cr\u00e9er le chaos et l&#8217;agitation \u00e0 l&#8217;universit\u00e9 et diffuser de fausses informations \u00bb.<\/p>\n\n\n\n<p>En plus de cette suspension, Reyhaneh avait d\u00e9j\u00e0 \u00e9t\u00e9 verbalement interdite d&#8217;entr\u00e9e \u00e0 l&#8217;universit\u00e9 au cours du semestre pr\u00e9c\u00e9dent, sans aucun ordre \u00e9crit formel. Malgr\u00e9 les tentatives r\u00e9p\u00e9t\u00e9es de Reyhaneh pour obtenir des \u00e9claircissements, les responsables de l&#8217;universit\u00e9 n&#8217;ont pas encore fourni d&#8217;explications claires sur leurs actions.<\/p>\n\n\n\n<p><a href=\"https:\/\/wncri.org\/fr\/2024\/05\/05\/afarin-najafizadeh\/\" target=\"_blank\" rel=\"noreferrer noopener\">Motahareh Gouneii<\/a>, une \u00e9tudiante suspendue de l&#8217;universit\u00e9 des sciences m\u00e9dicales de T\u00e9h\u00e9ran, ainsi que son mari, ont \u00e9t\u00e9 interdits de poursuivre leurs \u00e9tudes et forc\u00e9s de passer \u00e0 l&#8217;universit\u00e9 d&#8217;Ardabil. <a href=\"https:\/\/wncri.org\/fr\/2024\/07\/07\/motahareh-gouneii\/\" target=\"_blank\" rel=\"noreferrer noopener\">Motahareh Gouneii<\/a>, \u00e9tudiante en m\u00e9decine dentaire et ancienne secr\u00e9taire politique de l&#8217;association des \u00e9tudiants islamiques de l&#8217;universit\u00e9 de T\u00e9h\u00e9ran et de l&#8217;universit\u00e9 des sciences m\u00e9dicales de T\u00e9h\u00e9ran, a \u00e9t\u00e9 arr\u00eat\u00e9e par les forces de s\u00e9curit\u00e9 en 2022 dans le cadre des manifestations nationales.\u00a0<\/p>\n\n\n\n<p>Elle a \u00e9t\u00e9 arr\u00eat\u00e9e par le Corps des gardiens de la r\u00e9volution (IRGC) le 2 mai 2023 et transf\u00e9r\u00e9e \u00e0 la prison d&#8217;Evin, avant d&#8217;\u00eatre lib\u00e9r\u00e9e sous caution quelques jours plus tard. En juillet 2024, elle a \u00e9t\u00e9 condamn\u00e9e \u00e0 un an de prison par la branche 29 du tribunal r\u00e9volutionnaire de T\u00e9h\u00e9ran.<\/p>\n\n\n<div class=\"wp-block-image\">\n<figure class=\"aligncenter size-large\"><img decoding=\"async\" src=\"data:image\/gif;base64,R0lGODlhAQABAIAAAAAAAP\/\/\/yH5BAEAAAAALAAAAAABAAEAAAIBRAA7\" data-src=\"https:\/\/wncri.org\/fr\/wp-content\/uploads\/2024\/07\/Motahareh-Gouneii-min-1024x512.jpg\" alt=\"Motahareh Gouneii\" class=\"wp-image-20422 lazyload\"\/><noscript><img decoding=\"async\" width=\"1024\" height=\"512\" src=\"https:\/\/wncri.org\/fr\/wp-content\/uploads\/2024\/07\/Motahareh-Gouneii-min-1024x512.jpg\" alt=\"Motahareh Gouneii\" class=\"wp-image-20422 lazyload\" srcset=\"https:\/\/wncri.org\/fr\/wp-content\/uploads\/2024\/07\/Motahareh-Gouneii-min-1024x512.jpg 1024w, https:\/\/wncri.org\/fr\/wp-content\/uploads\/2024\/07\/Motahareh-Gouneii-min-300x150.jpg 300w, https:\/\/wncri.org\/fr\/wp-content\/uploads\/2024\/07\/Motahareh-Gouneii-min-768x384.jpg 768w, https:\/\/wncri.org\/fr\/wp-content\/uploads\/2024\/07\/Motahareh-Gouneii-min-360x180.jpg 360w, https:\/\/wncri.org\/fr\/wp-content\/uploads\/2024\/07\/Motahareh-Gouneii-min-750x375.jpg 750w, https:\/\/wncri.org\/fr\/wp-content\/uploads\/2024\/07\/Motahareh-Gouneii-min.jpg 1140w\" sizes=\"(max-width: 1024px) 100vw, 1024px\" \/><\/noscript><figcaption class=\"wp-element-caption\">Motahareh Gouneii<\/figcaption><\/figure>\n<\/div>\n\n\n<h3 class=\"wp-block-heading\"><strong>Suspension de l&#8217;enseignement : Une punition cruelle pour les \u00e9tudiants<\/strong><\/h3>\n\n\n\n<p>Le droit \u00e0 l&#8217;\u00e9ducation est un droit humain fondamental reconnu par de nombreux accords internationaux. La D\u00e9claration universelle des droits de l&#8217;homme, dont l&#8217;Iran est signataire, souligne dans son article 26(1) que \u00ab l&#8217;\u00e9ducation doit \u00eatre gratuite et accessible \u00e0 tous, et l&#8217;acc\u00e8s \u00e0 l&#8217;enseignement sup\u00e9rieur doit \u00eatre ouvert en pleine \u00e9galit\u00e9 \u00e0 tous en fonction de leur m\u00e9rite \u00bb. Ce droit garantit l&#8217;acc\u00e8s \u00e0 l&#8217;\u00e9ducation pour tous, ind\u00e9pendamment de la race, de la religion, du sexe ou des convictions politiques.<\/p>\n\n\n\n<p>Cependant, en Iran, sous le r\u00e9gime cl\u00e9rical, ce droit est largement viol\u00e9. De nombreux \u00e9tudiants ont \u00e9t\u00e9 suspendus pour diverses raisons, notamment pour avoir particip\u00e9 \u00e0 des manifestations ou pour avoir publi\u00e9 des commentaires critiques sur les m\u00e9dias sociaux. Comme nous l&#8217;avons vu dans les exemples pr\u00e9c\u00e9dents, pour les \u00e9tudiantes, le fait de ne pas respecter le hijab obligatoire ajoute une couche suppl\u00e9mentaire de justification \u00e0 ces actions punitives.<\/p>\n\n\n\n<p>La suspension de l&#8217;enseignement est devenue l&#8217;un des principaux outils de r\u00e9pression des \u00e9tudiants critiques et dissidents en Iran. Ces \u00e9tudiants, qui sont souvent \u00e0 la t\u00eate de manifestations populaires, sont expuls\u00e9s et emp\u00each\u00e9s de poursuivre leurs \u00e9tudes en raison de leur activisme.<\/p>\n\n\n\n<p>Ces sanctions sont non seulement en contradiction avec les principes constitutionnels du r\u00e9gime, mais elles violent \u00e9galement ses obligations internationales. Pourtant, le r\u00e9gime continue de mener cette politique oppressive afin de contr\u00f4ler la dissidence.<\/p>\n\n\n\n<h3 class=\"wp-block-heading\"><strong>Renvoi de professeurs<\/strong><\/h3>\n\n\n\n<p>L&#8217;expulsion d&#8217;\u00e9tudiants et de professeurs en Iran remonte aux lendemains de la r\u00e9volution de 1979 et de la soi-disant \u00ab r\u00e9volution culturelle \u00bb du r\u00e9gime. \u00c0 cette \u00e9poque, le r\u00e9gime cl\u00e9rical a ferm\u00e9 les universit\u00e9s pendant 30 mois dans le cadre d&#8217;une vaste \u00ab purge \u00bb visant \u00e0 supprimer les opposants politiques et id\u00e9ologiques. De nombreux professeurs \u00e9minents et \u00e9tudiants d&#8217;\u00e9lite ont \u00e9t\u00e9 expuls\u00e9s pour s&#8217;\u00eatre oppos\u00e9s \u00e0 l&#8217;id\u00e9ologie du r\u00e9gime. Un grand nombre d&#8217;entre eux ont \u00e9t\u00e9 emprisonn\u00e9s et certains ont \u00e9t\u00e9 ex\u00e9cut\u00e9s lors des massacres des ann\u00e9es 1980, notamment celui de 1988.<\/p>\n\n\n\n<p>Cette tendance s&#8217;est poursuivie au cours des ann\u00e9es suivantes. La vague la plus r\u00e9cente de licenciements de professeurs a commenc\u00e9 avec l&#8217;\u00e9lection d&#8217;Ebrahim Ra\u00efssi en 2021. En 2023, <a href=\"https:\/\/wncri.org\/fr\/2024\/09\/02\/non-a-la-peine-de-mort\/\" target=\"_blank\" rel=\"noreferrer noopener\">158 professeurs qui avaient critiqu\u00e9<\/a> ou protest\u00e9 avaient \u00e9t\u00e9 renvoy\u00e9s, et 60 autres avaient \u00e9t\u00e9 contraints de prendre une retraite anticip\u00e9e. Les tentatives de r\u00e9int\u00e9gration de ces professeurs ont \u00e9t\u00e9 ignor\u00e9es, ce qui a conduit certains d&#8217;entre eux \u00e0 \u00e9migrer \u00e0 l&#8217;\u00e9tranger, tandis que d&#8217;autres sont rest\u00e9s au ch\u00f4mage ou ont trouv\u00e9 une nouvelle carri\u00e8re. (Setareh Sobh &#8211; 16 septembre 2024).<\/p>\n\n\n\n<p>Selon le journal \u00ab Etemad \u00bb du 13 septembre 2023, ces professeurs \u00e9taient soit des opposants \u00e0 l&#8217;\u00e9lection du Ra\u00efssi, soit des partisans des manifestations de 2022 en Iran.<\/p>\n\n\n\n<p>Le licenciement, la suspension, la r\u00e9duction des salaires, la retraite forc\u00e9e, les convocations par la s\u00e9curit\u00e9 universitaire et les interrogatoires par les services de renseignement ne sont que quelques-unes des pressions exerc\u00e9es sur les professeurs. Leur renvoi est souvent li\u00e9 au fait qu&#8217;ils soutiennent les \u00e9tudiants ou qu&#8217;ils ont des points de vue critiques. En outre, ils risquent d&#8217;\u00eatre exclus des opportunit\u00e9s professionnelles, des financements de recherche et des projets universitaires.<\/p>\n\n\n<div class=\"wp-block-image\">\n<figure class=\"aligncenter size-full\"><img decoding=\"async\" src=\"data:image\/gif;base64,R0lGODlhAQABAIAAAAAAAP\/\/\/yH5BAEAAAAALAAAAAABAAEAAAIBRAA7\" data-src=\"https:\/\/wncri.org\/fr\/wp-content\/uploads\/2023\/09\/Dismissal-of-Professors-8-min.jpg\" alt=\"Licenciement de professeurs dans 150 universit\u00e9s iraniennes\" class=\"wp-image-18933 lazyload\"\/><noscript><img decoding=\"async\" width=\"750\" height=\"375\" src=\"https:\/\/wncri.org\/fr\/wp-content\/uploads\/2023\/09\/Dismissal-of-Professors-8-min.jpg\" alt=\"Licenciement de professeurs dans 150 universit\u00e9s iraniennes\" class=\"wp-image-18933 lazyload\" srcset=\"https:\/\/wncri.org\/fr\/wp-content\/uploads\/2023\/09\/Dismissal-of-Professors-8-min.jpg 750w, https:\/\/wncri.org\/fr\/wp-content\/uploads\/2023\/09\/Dismissal-of-Professors-8-min-300x150.jpg 300w, https:\/\/wncri.org\/fr\/wp-content\/uploads\/2023\/09\/Dismissal-of-Professors-8-min-360x180.jpg 360w\" sizes=\"(max-width: 750px) 100vw, 750px\" \/><\/noscript><\/figure>\n<\/div>\n\n\n<h3 class=\"wp-block-heading\"><strong>Des promesses creuses pour le retour des \u00e9tudiants et des professeurs suspendus et expuls\u00e9s<\/strong><\/h3>\n\n\n\n<p>Les suspensions et expulsions g\u00e9n\u00e9ralis\u00e9es d&#8217;\u00e9tudiants et de professeurs ont fait de cette question une demande sociale urgente. Masoud Pezechkian, le nouveau pr\u00e9sident nomm\u00e9 par le guide supr\u00eame des mollahs Ali Khamenei, qui a pris ses fonctions apr\u00e8s des \u00e9lections largement boycott\u00e9es, a promis le 29 ao\u00fbt 2024 de r\u00e9examiner les cas des \u00e9tudiants et des professeurs expuls\u00e9s et de les r\u00e9int\u00e9grer dans les universit\u00e9s.<\/p>\n\n\n\n<p>Cependant, de nombreux \u00e9tudiants et professeurs pensent que ces promesses visent simplement \u00e0 \u00e9touffer les protestations et \u00e0 gagner la faveur du public, sans r\u00e9elle intention de changer la situation.<\/p>\n\n\n\n<p>Le 14 septembre 2024, le ministre des sciences de Pezechkian, Hossein Simaei Sarraf, a d\u00e9clar\u00e9 dans une interview aux m\u00e9dias que la r\u00e9int\u00e9gration des \u00e9tudiants et des professeurs expuls\u00e9s d\u00e9pendait du pouvoir judiciaire, ajoutant : \u00ab Je ne suis pas s\u00fbr que le pouvoir judiciaire r\u00e9examinera ces affaires \u00bb. Ses remarques sugg\u00e8rent que m\u00eame au plus haut niveau de l&#8217;administration de Pezechkian, il n&#8217;y a pas d&#8217;engagement s\u00e9rieux pour r\u00e9soudre les probl\u00e8mes des personnes suspendues et expuls\u00e9es.<\/p>\n\n\n\n<p>Dans ce contexte, Saeed Habiba, vice-ministre des sciences et directeur de l&#8217;Organisation des affaires \u00e9tudiantes, a d\u00e9clar\u00e9 qu&#8217;il n&#8217;existait pas de donn\u00e9es pr\u00e9cises sur le nombre d&#8217;\u00e9tudiants ayant fait l&#8217;objet de mesures disciplinaires. Il a ajout\u00e9 : \u00ab Les universit\u00e9s prennent des d\u00e9cisions ind\u00e9pendantes sur ces questions, mais jusqu&#8217;\u00e0 pr\u00e9sent, une cinquantaine de cas de suspension ou d&#8217;expulsion ont \u00e9t\u00e9 envoy\u00e9s au minist\u00e8re des sciences, et moins de 5 impliquent une expulsion. \u00bb (ISNA, 18 septembre 2024)<\/p>\n\n\n\n<p>Dans une lettre ouverte adress\u00e9e \u00e0 Pezechkian le 22 septembre 2024, les professeurs expuls\u00e9s ont d\u00e9clar\u00e9 qu&#8217;aucune mesure pratique n&#8217;avait \u00e9t\u00e9 prise jusqu&#8217;\u00e0 pr\u00e9sent. La lettre demandait : \u00ab Nous, un groupe de professeurs licenci\u00e9s, demandons une d\u00e9claration claire et une action d\u00e9cisive sur cette question afin de d\u00e9terminer s&#8217;il y a une v\u00e9ritable intention ou si la r\u00e9int\u00e9gration d&#8217;une petite poign\u00e9e est simplement \u00e0 des fins de propagande politique ! \u00bb<\/p>\n\n\n<div class=\"wp-block-image\">\n<figure class=\"aligncenter size-full\"><img decoding=\"async\" src=\"data:image\/gif;base64,R0lGODlhAQABAIAAAAAAAP\/\/\/yH5BAEAAAAALAAAAAABAAEAAAIBRAA7\" data-src=\"https:\/\/wncri.org\/fr\/wp-content\/uploads\/2023\/09\/Dismissal-of-Professors-4-min.jpg\" alt=\"Licenciement de professeurs dans 150 universit\u00e9s iraniennes\" class=\"wp-image-18929 lazyload\"\/><noscript><img decoding=\"async\" width=\"750\" height=\"375\" src=\"https:\/\/wncri.org\/fr\/wp-content\/uploads\/2023\/09\/Dismissal-of-Professors-4-min.jpg\" alt=\"Licenciement de professeurs dans 150 universit\u00e9s iraniennes\" class=\"wp-image-18929 lazyload\" srcset=\"https:\/\/wncri.org\/fr\/wp-content\/uploads\/2023\/09\/Dismissal-of-Professors-4-min.jpg 750w, https:\/\/wncri.org\/fr\/wp-content\/uploads\/2023\/09\/Dismissal-of-Professors-4-min-300x150.jpg 300w, https:\/\/wncri.org\/fr\/wp-content\/uploads\/2023\/09\/Dismissal-of-Professors-4-min-360x180.jpg 360w\" sizes=\"(max-width: 750px) 100vw, 750px\" \/><\/noscript><\/figure>\n<\/div>\n\n\n<h3 class=\"wp-block-heading\"><strong>Quelles solutions pour le retour des \u00e9tudiants et des professeurs ?<\/strong><\/h3>\n\n\n\n<p>Les professeurs licenci\u00e9s ont expos\u00e9 les raisons de leur expulsion dans une lettre ouverte :<\/p>\n\n\n\n<p>\u00ab Ce qui nous est arriv\u00e9 injustement est le r\u00e9sultat de m\u00e9canismes non scientifiques et non transparents de d\u00e9termination des qualifications g\u00e9n\u00e9rales et du statut professionnel, de la police de la pens\u00e9e, de la suppression de la libre pens\u00e9e et de l&#8217;intol\u00e9rance \u00e0 l&#8217;\u00e9gard de la pens\u00e9e critique. Une grande partie du probl\u00e8me r\u00e9side dans les lois et les r\u00e8glements qui violent la \u00ab libert\u00e9 acad\u00e9mique \u00bb et qui ont \u00e9t\u00e9 promulgu\u00e9s ces derni\u00e8res ann\u00e9es. Ces lois ont permis \u00e0 des institutions autoritaires non universitaires de supprimer des professeurs.<\/p>\n\n\n\n<p>\u00ab Le processus d&#8217;enqu\u00eate et d&#8217;\u00e9valuation des qualifications g\u00e9n\u00e9rales dans les universit\u00e9s est devenu un terrain de jeu pour les pratiques autoritaires des entit\u00e9s id\u00e9ologiques, politiques et s\u00e9curitaires. L&#8217;universit\u00e9, avec ses organes acad\u00e9miques et administratifs, s&#8217;est effectivement transform\u00e9e en un op\u00e9rateur pour ces institutions dans la s\u00e9lection et la qualification des membres du corps professoral !<\/p>\n\n\n\n<p>\u00ab Ce qui est pr\u00e9sent\u00e9 comme la &#8216;l\u00e9galit\u00e9&#8217; du licenciement des professeurs est le produit de ce m\u00e9canisme quasi-juridique malsain et irresponsable. Il est \u00e9vident que les lois ne sont respectables que lorsqu&#8217;elles prot\u00e8gent les droits de l&#8217;homme de tous les citoyens et qu&#8217;elles n&#8217;entrent pas en conflit avec les principes de neutralit\u00e9 et de justice en tant qu&#8217;\u00e9quit\u00e9. Une telle &#8216;l\u00e9gislation&#8217; autoritaire et injuste est \u00e0 l&#8217;origine de la corruption et de l&#8217;inefficacit\u00e9 des universit\u00e9s \u00bb.<\/p>\n\n\n\n<p>Ils concluent : \u00ab Il est \u00e9vident que le retour des professeurs dissidents et critiques n&#8217;est possible et souhaitable que si nous assistons \u00e0 un changement dans ce syst\u00e8me malsain. \u00bb<\/p>\n\n\n\n<p>Un tel changement ne se produira pas tant que ce r\u00e9gime dictatorial, qui ne peut tol\u00e9rer aucune opinion dissidente ou oppos\u00e9e, ne sera pas remplac\u00e9 par une r\u00e9publique <a href=\"https:\/\/www.maryam-rajavi.com\/fr\/points-de-vue\/plan-pour-liran-de-demain\/\" target=\"_blank\" rel=\"noopener\">d\u00e9mocratique et pl<\/a><a href=\"https:\/\/www.maryam-rajavi.com\/fr\/points-de-vue\/plan-pour-liran-de-demain\/\" target=\"_blank\" rel=\"noreferrer noopener\">u<\/a><a href=\"https:\/\/www.maryam-rajavi.com\/fr\/points-de-vue\/plan-pour-liran-de-demain\/\" target=\"_blank\" rel=\"noopener\">raliste<\/a> qui respecte les droits fondamentaux du peuple et gouverne sur la base de l&#8217;\u00c9tat de droit en Iran. Et en effet, ce jour n&#8217;est pas loin, \u00e0 r\u00e9aliser par le peuple et la r\u00e9sistance de l&#8217;Iran.<\/p>\n","protected":false},"excerpt":{"rendered":"<p>L&#8217;\u00e9ducation en \u00e9tat de si\u00e8ge : expulsion d&#8217;\u00e9tudiants et de professeurs des universit\u00e9s iraniennes Expulsion d&#8217;\u00e9tudiants et de professeurs au d\u00e9but de la nouvelle ann\u00e9e universitaire Les universit\u00e9s iraniennes ont toujours \u00e9t\u00e9 des bastions de la libert\u00e9 et de la justice, jouant un r\u00f4le central dans les mouvements sociaux et politiques et servant de centres [&hellip;]<\/p>\n","protected":false},"author":4,"featured_media":20984,"comment_status":"closed","ping_status":"closed","sticky":false,"template":"","format":"standard","meta":{"jnews-multi-image_gallery":[],"jnews_single_post":{"format":"standard"},"jnews_primary_category":[],"jnews_social_meta":[],"jnews_override_counter":[],"footnotes":""},"categories":[7],"tags":[377],"class_list":["post-20981","post","type-post","status-publish","format-standard","has-post-thumbnail","hentry","category-les-regles","tag-education"],"_links":{"self":[{"href":"https:\/\/wncri.org\/fr\/wp-json\/wp\/v2\/posts\/20981","targetHints":{"allow":["GET"]}}],"collection":[{"href":"https:\/\/wncri.org\/fr\/wp-json\/wp\/v2\/posts"}],"about":[{"href":"https:\/\/wncri.org\/fr\/wp-json\/wp\/v2\/types\/post"}],"author":[{"embeddable":true,"href":"https:\/\/wncri.org\/fr\/wp-json\/wp\/v2\/users\/4"}],"replies":[{"embeddable":true,"href":"https:\/\/wncri.org\/fr\/wp-json\/wp\/v2\/comments?post=20981"}],"version-history":[{"count":1,"href":"https:\/\/wncri.org\/fr\/wp-json\/wp\/v2\/posts\/20981\/revisions"}],"predecessor-version":[{"id":20985,"href":"https:\/\/wncri.org\/fr\/wp-json\/wp\/v2\/posts\/20981\/revisions\/20985"}],"wp:featuredmedia":[{"embeddable":true,"href":"https:\/\/wncri.org\/fr\/wp-json\/wp\/v2\/media\/20984"}],"wp:attachment":[{"href":"https:\/\/wncri.org\/fr\/wp-json\/wp\/v2\/media?parent=20981"}],"wp:term":[{"taxonomy":"category","embeddable":true,"href":"https:\/\/wncri.org\/fr\/wp-json\/wp\/v2\/categories?post=20981"},{"taxonomy":"post_tag","embeddable":true,"href":"https:\/\/wncri.org\/fr\/wp-json\/wp\/v2\/tags?post=20981"}],"curies":[{"name":"wp","href":"https:\/\/api.w.org\/{rel}","templated":true}]}}