{"id":20868,"date":"2024-09-19T07:50:00","date_gmt":"2024-09-19T05:50:00","guid":{"rendered":"https:\/\/wncri.org\/fr\/?p=20868"},"modified":"2024-09-19T20:02:07","modified_gmt":"2024-09-19T18:02:07","slug":"yalda-rahimi","status":"publish","type":"post","link":"https:\/\/wncri.org\/fr\/2024\/09\/19\/yalda-rahimi\/","title":{"rendered":"Yalda Rahimi, 17 ans, se donne la mort, une trag\u00e9die d\u00e9chirante"},"content":{"rendered":"\n<h2 class=\"wp-block-heading\"><strong>La mort malheureuse d&#8217;une jeune fille<\/strong><\/h2>\n\n\n\n<p>Le 16 septembre 2024, Yalda Rahimi, une jeune fille de 17 ans originaire de <a href=\"https:\/\/fr.wikipedia.org\/wiki\/Baghmalek\" target=\"_blank\" rel=\"noreferrer noopener\">Baghmalek<\/a>, une ville de la province du Khouzestan, en Iran, a mis fin \u00e0 ses jours en raison d&#8217;une grande pauvret\u00e9 et de l&#8217;absence de protection sociale. Ses derniers instants se sont d\u00e9roul\u00e9s dans les toilettes du bureau decComit\u00e9 de secours de l&#8217;imam Khomeini de sa ville.<\/p>\n\n\n\n<h3 class=\"wp-block-heading\"><strong>Le d\u00e9sespoir au milieu des ouvertures d&#8217;\u00e9coles<\/strong><\/h3>\n\n\n\n<p>Le jour de sa mort, Yalda Rahimi s&#8217;\u00e9tait rendue au comit\u00e9 de secours de l&#8217;imam Khomeini pour demander de l&#8217;aide juste avant le d\u00e9but de l&#8217;ann\u00e9e scolaire. Sa demande ayant \u00e9t\u00e9 rejet\u00e9e, elle a choisi de mettre fin \u00e0 ses jours dans les toilettes du bureau d&#8217;aide.<\/p>\n\n\n\n<p>Son p\u00e8re s&#8217;\u00e9tait pendu plusieurs ann\u00e9es auparavant, laissant Yalda vivre avec son grand-p\u00e8re dans le village de Dam Ab.<\/p>\n\n\n\n<h3 class=\"wp-block-heading\"><strong>Un contraste saisissant avec les d\u00e9penses publiques<\/strong><\/h3>\n\n\n\n<p>Cet incident d\u00e9chirant met en \u00e9vidence un grave d\u00e9calage entre les d\u00e9penses somptuaires du gouvernement iranien pour ses projets et la situation d\u00e9sastreuse de ses citoyens les plus vuln\u00e9rables. La priorit\u00e9 accord\u00e9e par le r\u00e9gime \u00e0 l&#8217;application des lois sur le hijab et \u00e0 d&#8217;autres mesures spectaculaires contraste fortement avec sa n\u00e9gligence \u00e0 l&#8217;\u00e9gard des besoins fondamentaux en mati\u00e8re de protection sociale.<\/p>\n\n\n\n<p>&nbsp;Alors que le r\u00e9gime investit des milliards dans ses projets th\u00e9\u00e2traux, des enfants comme Yalda Rahimi, qui ont d\u00e9sesp\u00e9r\u00e9ment besoin de soutien, sont laiss\u00e9s sans aide.<\/p>\n\n\n\n<h3 class=\"wp-block-heading\"><strong>Inqui\u00e9tude croissante face aux suicides de jeunes<\/strong><\/h3>\n\n\n\n<p>Les informations officielles font \u00e9tat d&#8217;une augmentation inqui\u00e9tante du <a href=\"https:\/\/wncri.org\/fr\/2024\/09\/09\/le-suicide-en-iran\/\" target=\"_blank\" rel=\"noreferrer noopener\">nombre de suicides<\/a> chez les jeunes Iraniens au cours des derni\u00e8res ann\u00e9es. Cette tendance alarmante est souvent le reflet d&#8217;un d\u00e9sespoir social croissant et d&#8217;un manque de perspectives, alors que le r\u00e9gime cl\u00e9rical a d\u00e9truit les infrastructures du pays et fait passer au moins 60 % de la population sous le seuil de <a href=\"https:\/\/wncri.org\/fr\/2021\/10\/16\/leffet-de-la-pauvrete-sur-le-corps-et-lame-des-femmes-en-iran\/\" target=\"_blank\" rel=\"noreferrer noopener\">pauvret\u00e9<\/a>. (Baharnews.ir, 13 septembre 2024)<\/p>\n\n\n\n<p><\/p>\n","protected":false},"excerpt":{"rendered":"<p>La mort malheureuse d&#8217;une jeune fille Le 16 septembre 2024, Yalda Rahimi, une jeune fille de 17 ans originaire de Baghmalek, une ville de la province du Khouzestan, en Iran, a mis fin \u00e0 ses jours en raison d&#8217;une grande pauvret\u00e9 et de l&#8217;absence de protection sociale. Ses derniers instants se sont d\u00e9roul\u00e9s dans les [&hellip;]<\/p>\n","protected":false},"author":4,"featured_media":20869,"comment_status":"closed","ping_status":"closed","sticky":false,"template":"","format":"standard","meta":{"jnews-multi-image_gallery":[],"jnews_single_post":{"format":"standard"},"jnews_primary_category":[],"jnews_social_meta":[],"jnews_override_counter":[],"footnotes":""},"categories":[3],"tags":[366,371],"class_list":["post-20868","post","type-post","status-publish","format-standard","has-post-thumbnail","hentry","category-infos-des-femmes","tag-la-petite-fille","tag-pauvrete"],"_links":{"self":[{"href":"https:\/\/wncri.org\/fr\/wp-json\/wp\/v2\/posts\/20868","targetHints":{"allow":["GET"]}}],"collection":[{"href":"https:\/\/wncri.org\/fr\/wp-json\/wp\/v2\/posts"}],"about":[{"href":"https:\/\/wncri.org\/fr\/wp-json\/wp\/v2\/types\/post"}],"author":[{"embeddable":true,"href":"https:\/\/wncri.org\/fr\/wp-json\/wp\/v2\/users\/4"}],"replies":[{"embeddable":true,"href":"https:\/\/wncri.org\/fr\/wp-json\/wp\/v2\/comments?post=20868"}],"version-history":[{"count":1,"href":"https:\/\/wncri.org\/fr\/wp-json\/wp\/v2\/posts\/20868\/revisions"}],"predecessor-version":[{"id":20870,"href":"https:\/\/wncri.org\/fr\/wp-json\/wp\/v2\/posts\/20868\/revisions\/20870"}],"wp:featuredmedia":[{"embeddable":true,"href":"https:\/\/wncri.org\/fr\/wp-json\/wp\/v2\/media\/20869"}],"wp:attachment":[{"href":"https:\/\/wncri.org\/fr\/wp-json\/wp\/v2\/media?parent=20868"}],"wp:term":[{"taxonomy":"category","embeddable":true,"href":"https:\/\/wncri.org\/fr\/wp-json\/wp\/v2\/categories?post=20868"},{"taxonomy":"post_tag","embeddable":true,"href":"https:\/\/wncri.org\/fr\/wp-json\/wp\/v2\/tags?post=20868"}],"curies":[{"name":"wp","href":"https:\/\/api.w.org\/{rel}","templated":true}]}}