{"id":20844,"date":"2024-09-17T00:20:19","date_gmt":"2024-09-16T22:20:19","guid":{"rendered":"https:\/\/wncri.org\/fr\/?p=20844"},"modified":"2024-09-17T00:20:21","modified_gmt":"2024-09-16T22:20:21","slug":"les-partisans-de-lompi","status":"publish","type":"post","link":"https:\/\/wncri.org\/fr\/2024\/09\/17\/les-partisans-de-lompi\/","title":{"rendered":"Les partisans de l&#8217;OMPI comm\u00e9morent l&#8217;anniversaire des manifestations de 2022 en Iran dans le quartier des femmes de la prison d&#8217;Evin"},"content":{"rendered":"\n<h4 class=\"wp-block-heading\">Les partisans de l&#8217;OMPI ont comm\u00e9mor\u00e9 l&#8217;anniversaire des manifestations de 2022 en Iran dans le quartier des femmes de la prison d&#8217;Evin, malgr\u00e9 leur d\u00e9tention aux mains du r\u00e9gime cl\u00e9rical.<\/h4>\n\n\n\n<p>Les partisans de <a href=\"https:\/\/english.mojahedin.org\/a-primer-on-the-history-of-the-peoples-mojahedin-organization-of-iran\/\" target=\"_blank\" rel=\"noreferrer noopener\">l&#8217;Organisation des moudjahidines du peuple iranien<\/a> (OMPI) ont organis\u00e9 une c\u00e9r\u00e9monie dans le quartier des femmes de la prison d&#8217;Evin, marquant le 2e anniversaire des manifestations de 2022 en Iran, d\u00e9clench\u00e9es par la mort tragique de Mahsa Zhina Amini. Les participants ont rendu hommage \u00e0 tous les martyrs du soul\u00e8vement. Certaines prisonni\u00e8res ont prononc\u00e9 des discours sur l&#8217;importance des manifestations de 2022 en Iran.<\/p>\n\n\n\n<p>Les prisonni\u00e8res politiques du <a href=\"https:\/\/wncri.org\/fr\/2021\/12\/10\/les-conditions-des-femmes-prisons\/\" target=\"_blank\" rel=\"noreferrer noopener\">quartier des femmes de la prison d&#8217;Evin<\/a> ont rendu hommage au r\u00f4le essentiel jou\u00e9 par les pionni\u00e8res de la libert\u00e9 dans la diffusion des cris \u00ab \u00e0 bas l&#8217;oppresseur, qu&#8217;il s&#8217;agisse du chah ou du guide supr\u00eame des mollahs \u00bb dans tout le pays. Certains participants, qui avaient personnellement assist\u00e9 \u00e0 des sc\u00e8nes du soul\u00e8vement de 2022, ont partag\u00e9 leurs souvenirs de ces moments intenses.<\/p>\n\n\n\n<h3 class=\"wp-block-heading\"><strong>Comm\u00e9moration des manifestations de 2022 \u00e0 la prison de Ghezel Hessar<\/strong><\/h3>\n\n\n\n<p>Les prisonni\u00e8res politiques de la prison de Ghezel Hessar, \u00e0 Karadj, ont \u00e9galement comm\u00e9mor\u00e9 le 2e anniversaire du soul\u00e8vement de 2022. La c\u00e9r\u00e9monie a commenc\u00e9 par un hommage \u00e0 <a href=\"https:\/\/wncri.org\/fr\/2024\/09\/15\/mahsa-amini\/\" target=\"_blank\" rel=\"noreferrer noopener\">Mahsa Zhina Amini<\/a> et \u00e0 d&#8217;autres manifestants d\u00e9c\u00e9d\u00e9s, suivi de r\u00e9citations de po\u00e8mes et de chansons.<\/p>\n\n\n\n<p>Les prisonni\u00e8res ont scand\u00e9 des slogans tels que \u00ab La torture et l&#8217;emprisonnement, les d\u00e9crets de Bagh-ye et l&#8217;ex\u00e9cution ne font qu&#8217;alimenter le soul\u00e8vement \u00bb, \u00ab Les pionniers de l&#8217;Iran et les martyrs de septembre d\u00e9racineront tous les tyrans \u00bb, \u00ab Notre message depuis la prison est la r\u00e9sistance et la poursuite du combat \u00bb, \u00ab A bas Khamenei, mal\u00e9diction \u00e0 Khomeini \u00bb et \u00ab Khamenei, tyran, nous t&#8217;abattrons \u00bb.<\/p>\n\n\n\n<h3 class=\"wp-block-heading\"><strong>L&#8217;assignation \u00e0 r\u00e9sidence de la famille Amini et la loi martiale \u00e0 Saqqez<\/strong><\/h3>\n\n\n\n<p>Alors que les prisonni\u00e8res politiques incarc\u00e9r\u00e9es dans deux des prisons les plus sinistres de Khamenei ont marqu\u00e9 le <a href=\"https:\/\/wncri.org\/fr\/2024\/09\/15\/soulevement-iranien-de-2022\/\" target=\"_blank\" rel=\"noreferrer noopener\">deuxi\u00e8me anniversaire du soul\u00e8vement de 2022<\/a>, \u00e0 l&#8217;ext\u00e9rieur des murs de la prison, les forces de s\u00e9curit\u00e9 ont bloqu\u00e9 tout \u00e9v\u00e9nement comm\u00e9moratif pour Mahsa Amini. Elles ont emp\u00each\u00e9 la famille Amini de se rendre sur sa tombe. Les autorit\u00e9s ont ordonn\u00e9 \u00e0 la famille de rester \u00e0 l&#8217;int\u00e9rieur, en r\u00e9sidence surveill\u00e9e.<\/p>\n\n\n\n<p>En outre, les forces de s\u00e9curit\u00e9 ont ferm\u00e9 toutes les routes menant au cimeti\u00e8re d&#8217;Aichi \u00e0 Saqqez. Le corps des gardiens de la r\u00e9volution a post\u00e9 des troupes le long de la route, tandis que 5 h\u00e9licopt\u00e8res militaires patrouillaient dans le ciel de la ville.<\/p>\n\n\n\n<h3 class=\"wp-block-heading\"><strong>Les marchands du bazar menac\u00e9s de rompre les gr\u00e8ves<\/strong><\/h3>\n\n\n\n<p>Les commer\u00e7ants de plusieurs villes du Kurdistan, dont Sanandadj, Saqqez, Divandarreh, Marivan, Mahabad, Boukan, Ochnaviyeh, Qorveh et Piranchahr, se sont mis en gr\u00e8ve et ont ferm\u00e9 leurs magasins pour marquer le 2e anniversaire de l&#8217;insurrection de 2022. Les forces de s\u00e9curit\u00e9 ont fait pression sur les commer\u00e7ants et les ont menac\u00e9s pour qu&#8217;ils rouvrent leurs magasins, allant m\u00eame jusqu&#8217;\u00e0 forcer les serrures de certains magasins.<\/p>\n\n\n\n<p>En outre, dans les jours pr\u00e9c\u00e9dant l&#8217;anniversaire du soul\u00e8vement de 2022, un grand nombre d&#8217;unit\u00e9s des forces sp\u00e9ciales ont \u00e9t\u00e9 d\u00e9ploy\u00e9es depuis des villes comme Hamedan, Zandjan, Tabriz, Miandoab et Ourmia vers des villes comme Divandarreh, Sanandadj, Bidjar, Mahabad et Boukan, afin de r\u00e9primer tout rassemblement ou toute protestation.<\/p>\n","protected":false},"excerpt":{"rendered":"<p>Les partisans de l&#8217;OMPI ont comm\u00e9mor\u00e9 l&#8217;anniversaire des manifestations de 2022 en Iran dans le quartier des femmes de la prison d&#8217;Evin, malgr\u00e9 leur d\u00e9tention aux mains du r\u00e9gime cl\u00e9rical. Les partisans de l&#8217;Organisation des moudjahidines du peuple iranien (OMPI) ont organis\u00e9 une c\u00e9r\u00e9monie dans le quartier des femmes de la prison d&#8217;Evin, marquant le [&hellip;]<\/p>\n","protected":false},"author":4,"featured_media":20845,"comment_status":"closed","ping_status":"closed","sticky":false,"template":"","format":"standard","meta":{"jnews-multi-image_gallery":[],"jnews_single_post":{"format":"standard"},"jnews_primary_category":[],"jnews_social_meta":[],"jnews_override_counter":[],"footnotes":""},"categories":[3],"tags":[369,370],"class_list":["post-20844","post","type-post","status-publish","format-standard","has-post-thumbnail","hentry","category-infos-des-femmes","tag-manifestations","tag-prisonnieres"],"_links":{"self":[{"href":"https:\/\/wncri.org\/fr\/wp-json\/wp\/v2\/posts\/20844","targetHints":{"allow":["GET"]}}],"collection":[{"href":"https:\/\/wncri.org\/fr\/wp-json\/wp\/v2\/posts"}],"about":[{"href":"https:\/\/wncri.org\/fr\/wp-json\/wp\/v2\/types\/post"}],"author":[{"embeddable":true,"href":"https:\/\/wncri.org\/fr\/wp-json\/wp\/v2\/users\/4"}],"replies":[{"embeddable":true,"href":"https:\/\/wncri.org\/fr\/wp-json\/wp\/v2\/comments?post=20844"}],"version-history":[{"count":1,"href":"https:\/\/wncri.org\/fr\/wp-json\/wp\/v2\/posts\/20844\/revisions"}],"predecessor-version":[{"id":20846,"href":"https:\/\/wncri.org\/fr\/wp-json\/wp\/v2\/posts\/20844\/revisions\/20846"}],"wp:featuredmedia":[{"embeddable":true,"href":"https:\/\/wncri.org\/fr\/wp-json\/wp\/v2\/media\/20845"}],"wp:attachment":[{"href":"https:\/\/wncri.org\/fr\/wp-json\/wp\/v2\/media?parent=20844"}],"wp:term":[{"taxonomy":"category","embeddable":true,"href":"https:\/\/wncri.org\/fr\/wp-json\/wp\/v2\/categories?post=20844"},{"taxonomy":"post_tag","embeddable":true,"href":"https:\/\/wncri.org\/fr\/wp-json\/wp\/v2\/tags?post=20844"}],"curies":[{"name":"wp","href":"https:\/\/api.w.org\/{rel}","templated":true}]}}