{"id":20801,"date":"2024-09-11T20:09:35","date_gmt":"2024-09-11T18:09:35","guid":{"rendered":"https:\/\/wncri.org\/fr\/?p=20801"},"modified":"2024-09-11T20:09:36","modified_gmt":"2024-09-11T18:09:36","slug":"sara-deldar","status":"publish","type":"post","link":"https:\/\/wncri.org\/fr\/2024\/09\/11\/sara-deldar\/","title":{"rendered":"Sara Deldar, 28 ans, est d\u00e9c\u00e9d\u00e9e des suites d&#8217;une infection caus\u00e9e par des fragments de plombs."},"content":{"rendered":"\n<h4 class=\"wp-block-heading\">Le samedi 7 septembre 2024, Sara Deldar, l&#8217;une des d\u00e9tenues des <a href=\"https:\/\/wncri.org\/fr\/2023\/03\/13\/lutte-pour-la-liberte\/\" target=\"_blank\" rel=\"noreferrer noopener\">manifestations nationales de 2022<\/a>, a succomb\u00e9 \u00e0 une infection provenant de plombs incrust\u00e9s dans sa t\u00eate et son corps alors qu&#8217;elle \u00e9tait soign\u00e9e dans un h\u00f4pital de Racht.<\/h4>\n\n\n\n<p>Pendant le soul\u00e8vement de 2022, Sara Deldar a \u00e9t\u00e9 attaqu\u00e9e par les gardiens de la r\u00e9volution et les forces de s\u00e9curit\u00e9 alors qu&#8217;elle portait secours aux bless\u00e9s. Elle a ensuite \u00e9t\u00e9 emprisonn\u00e9e \u00e0 la <a href=\"https:\/\/wncri.org\/fr\/2024\/07\/14\/prison-de-lakan-a-racht\/\" target=\"_blank\" rel=\"noreferrer noopener\">prison de Lakan \u00e0 Racht<\/a>, en ao\u00fbt 2023, o\u00f9 elle a endur\u00e9 des tortures.<\/p>\n\n\n\n<p>Selon des informations circulant sur les m\u00e9dias sociaux, elle a beaucoup souffert pendant son incarc\u00e9ration, mais le personnel de la prison a toujours refus\u00e9 de lui fournir des soins m\u00e9dicaux suffisants. Un jour qu&#8217;elle \u00e9tait gravement malade et qu&#8217;elle suppliait qu&#8217;on lui donne des m\u00e9dicaments en frappant \u00e0 la porte de sa cellule, un gardien de prison a froidement rejet\u00e9 ses supplications en disant \u00ab Arr\u00eate de faire semblant \u00bb et a refus\u00e9 de l&#8217;emmener dans le service m\u00e9dical.<\/p>\n\n\n\n<p>En janvier 2024, apr\u00e8s des mois de souffrance, Sara Deldar a \u00e9t\u00e9 lib\u00e9r\u00e9e sous conditions pour recevoir un traitement m\u00e9dical. Cependant, 9 mois apr\u00e8s sa lib\u00e9ration, elle est d\u00e9c\u00e9d\u00e9e des suites de complications caus\u00e9es par l&#8217;infection non trait\u00e9e. Pendant les 6 mois qui ont pr\u00e9c\u00e9d\u00e9 sa mort, Sara a \u00e9t\u00e9 dans un \u00e9tat v\u00e9g\u00e9tatif. Elle n&#8217;avait que 28 ans.<\/p>\n\n\n\n<p>\u00c0 l&#8217;approche de l&#8217;anniversaire du soul\u00e8vement de 2022, les services des renseignements du r\u00e9gime ont fait pression sur la famille de Sara pour qu&#8217;elle garde le silence sur sa mort. En cons\u00e9quence, ses fun\u00e9railles ont eu lieu en pr\u00e9sence d&#8217;un petit nombre de membres de sa famille.<\/p>\n\n\n<div class=\"wp-block-image\">\n<figure class=\"aligncenter size-large\"><img decoding=\"async\" src=\"data:image\/gif;base64,R0lGODlhAQABAIAAAAAAAP\/\/\/yH5BAEAAAAALAAAAAABAAEAAAIBRAA7\" data-src=\"https:\/\/wncri.org\/fr\/wp-content\/uploads\/2024\/09\/Sara-Deldar-3-min-1024x512.jpg\" alt=\"Sara Deldar\" class=\"wp-image-20804 lazyload\"\/><noscript><img decoding=\"async\" width=\"1024\" height=\"512\" src=\"https:\/\/wncri.org\/fr\/wp-content\/uploads\/2024\/09\/Sara-Deldar-3-min-1024x512.jpg\" alt=\"Sara Deldar\" class=\"wp-image-20804 lazyload\" srcset=\"https:\/\/wncri.org\/fr\/wp-content\/uploads\/2024\/09\/Sara-Deldar-3-min-1024x512.jpg 1024w, https:\/\/wncri.org\/fr\/wp-content\/uploads\/2024\/09\/Sara-Deldar-3-min-300x150.jpg 300w, https:\/\/wncri.org\/fr\/wp-content\/uploads\/2024\/09\/Sara-Deldar-3-min-768x384.jpg 768w, https:\/\/wncri.org\/fr\/wp-content\/uploads\/2024\/09\/Sara-Deldar-3-min-360x180.jpg 360w, https:\/\/wncri.org\/fr\/wp-content\/uploads\/2024\/09\/Sara-Deldar-3-min-750x375.jpg 750w, https:\/\/wncri.org\/fr\/wp-content\/uploads\/2024\/09\/Sara-Deldar-3-min.jpg 1140w\" sizes=\"(max-width: 1024px) 100vw, 1024px\" \/><\/noscript><figcaption class=\"wp-element-caption\">Sara Deldar repose sous d&#8217;importantes mesures de s\u00e9curit\u00e9<\/figcaption><\/figure>\n<\/div>\n\n\n<h3 class=\"wp-block-heading\"><strong>R\u00e9flexions d&#8217;un corps bris\u00e9, mais d&#8217;un esprit intact<\/strong><\/h3>\n\n\n\n<p>Sara Deldar avait d\u00e9j\u00e0 \u00e9crit sur sa page :<\/p>\n\n\n\n<p>\u00ab Le jour o\u00f9 j&#8217;ai \u00e9t\u00e9 emmen\u00e9e directement du tribunal \u00e0 la prison de Lakan \u00e0 <a href=\"https:\/\/fr.wikipedia.org\/wiki\/Racht\" target=\"_blank\" rel=\"noreferrer noopener\">Racht<\/a>, il y a un an, je n&#8217;ai rien ressenti &#8211; ni douleur, ni peur. Je n&#8217;ai m\u00eame pas pens\u00e9 : \u00ab Je regrette de ne pas l&#8217;avoir fait \u00bb, car je n&#8217;avais rien fait de mal. Tout ce que j&#8217;ai fait, c&#8217;est sauver les bless\u00e9s, pratiquer des op\u00e9rations et rester fid\u00e8le \u00e0 ma conscience. Je n&#8217;ai \u00e9crit que la v\u00e9rit\u00e9.<\/p>\n\n\n\n<p>Les jours ont pass\u00e9 en prison, et lorsque ma peine a \u00e9t\u00e9 prononc\u00e9e, j&#8217;avais deux chefs d&#8217;accusation &#8211; un an, 3 mois et 10 jours, plus environ 6 mois suppl\u00e9mentaires. Ensuite, j&#8217;ai \u00e9t\u00e9 lib\u00e9r\u00e9 sous condition. J&#8217;ai beau essayer d&#8217;expliquer ce que j&#8217;ai v\u00e9cu \u00e0 chaque seconde de ces journ\u00e9es, que ce soit le manque d&#8217;hygi\u00e8ne, les bagarres incessantes, le froid glacial ou la chaleur suffocante, cela ne suffira pas. On se met \u00e0 r\u00eaver de revoir le ciel et la lune. Mais tout cela, et cent fois plus, ce ne serait pas trop donner pour ma patrie.<\/p>\n\n\n\n<p>Lorsque je suis sorti, je ne l&#8217;ai dit \u00e0 personne. Je ne voulais pas qu&#8217;on m&#8217;accueille avec des fleurs, car la libert\u00e9 ne signifiait plus rien pour moi.<\/p>\n\n\n\n<p>Les jours passaient, mais mon esprit restait bloqu\u00e9 en prison, pensant aux filles que j&#8217;avais aid\u00e9es, \u00e0 celles qui avaient arr\u00eat\u00e9 la drogue. Je n&#8217;arr\u00eatais pas de m&#8217;inqui\u00e9ter : et si elles se battaient \u00e0 nouveau, et s&#8217;il neigeait et qu&#8217;elles gelaient ? M\u00eame lorsqu&#8217;elles cuisinaient les aliments dont j&#8217;avais envie pour moi, je n&#8217;arrivais pas \u00e0 manger.<\/p>\n\n\n\n<p>Finalement, j&#8217;ai r\u00e9alis\u00e9 que je ne pouvais pas continuer comme \u00e7a, alors je me suis relev\u00e9e, je suis retourn\u00e9e au travail et je me suis jet\u00e9e \u00e0 corps perdu dedans, travaillant du matin au soir, juste pour pouvoir rentrer chez moi, m&#8217;effondrer et ne plus penser \u00e0 rien. Je faisais rire tout le monde au travail et je leur donnais de l&#8217;\u00e9nergie, mais petit \u00e0 petit, je suis tomb\u00e9e malade.<\/p>\n\n\n\n<p>Je suis all\u00e9e chez le m\u00e9decin et j&#8217;ai fait des examens, mais mon \u00e9tat s&#8217;est aggrav\u00e9 de jour en jour. Je me suis dit que c&#8217;\u00e9tait parce que j&#8217;avais des probl\u00e8mes de foie.<\/p>\n\n\n<div class=\"wp-block-image\">\n<figure class=\"aligncenter size-large\"><img decoding=\"async\" src=\"data:image\/gif;base64,R0lGODlhAQABAIAAAAAAAP\/\/\/yH5BAEAAAAALAAAAAABAAEAAAIBRAA7\" data-src=\"https:\/\/wncri.org\/fr\/wp-content\/uploads\/2024\/09\/Sara-Deldar-2-min-1024x512.jpg\" alt=\"Sara Deldar\" class=\"wp-image-20803 lazyload\"\/><noscript><img decoding=\"async\" width=\"1024\" height=\"512\" src=\"https:\/\/wncri.org\/fr\/wp-content\/uploads\/2024\/09\/Sara-Deldar-2-min-1024x512.jpg\" alt=\"Sara Deldar\" class=\"wp-image-20803 lazyload\" srcset=\"https:\/\/wncri.org\/fr\/wp-content\/uploads\/2024\/09\/Sara-Deldar-2-min-1024x512.jpg 1024w, https:\/\/wncri.org\/fr\/wp-content\/uploads\/2024\/09\/Sara-Deldar-2-min-300x150.jpg 300w, https:\/\/wncri.org\/fr\/wp-content\/uploads\/2024\/09\/Sara-Deldar-2-min-768x384.jpg 768w, https:\/\/wncri.org\/fr\/wp-content\/uploads\/2024\/09\/Sara-Deldar-2-min-360x180.jpg 360w, https:\/\/wncri.org\/fr\/wp-content\/uploads\/2024\/09\/Sara-Deldar-2-min-750x375.jpg 750w, https:\/\/wncri.org\/fr\/wp-content\/uploads\/2024\/09\/Sara-Deldar-2-min.jpg 1140w\" sizes=\"(max-width: 1024px) 100vw, 1024px\" \/><\/noscript><figcaption class=\"wp-element-caption\">Infection visible sur la jambe de Sara Deldar<\/figcaption><\/figure>\n<\/div>\n\n\n<p>J&#8217;ai attrap\u00e9 des infections et j&#8217;ai pass\u00e9 une semaine \u00e0 l&#8217;h\u00f4pital, mais je n&#8217;\u00e9tais plus la m\u00eame personne. Je suis devenue si faible &#8211; an\u00e9mie s\u00e9v\u00e8re, rate hypertrophi\u00e9e, reins et ovaires \u00e9galement. J&#8217;ai alors r\u00e9alis\u00e9 que beaucoup de filles qui \u00e9taient sorties de prison avaient \u00e9galement d\u00e9velopp\u00e9 des probl\u00e8mes de sant\u00e9 sous-jacents.<\/p>\n\n\n\n<p>Mais malgr\u00e9 toute cette douleur &#8211; les infections, les balles dans mon corps et dans ma t\u00eate &#8211; je revois encore \u00e0 chaque instant les rues pleines de coups de feu et de sang, d\u00e9filant dans mon esprit comme une parade. Et la seule chose qui me soulage est de serrer les poings jusqu&#8217;\u00e0 ce que mes ongles s&#8217;enfoncent dans ma peau.<\/p>\n\n\n\n<p>Pourtant, de tout mon c\u0153ur, je suis fi\u00e8re de toutes les femmes courageuses de mon pays, et mon \u00e2me reste avec mes s\u0153urs derri\u00e8re les barreaux, avec qui j&#8217;ai v\u00e9cu et partag\u00e9 chaque parcelle de leur souffrance. \u00bb<\/p>\n","protected":false},"excerpt":{"rendered":"<p>Le samedi 7 septembre 2024, Sara Deldar, l&#8217;une des d\u00e9tenues des manifestations nationales de 2022, a succomb\u00e9 \u00e0 une infection provenant de plombs incrust\u00e9s dans sa t\u00eate et son corps alors qu&#8217;elle \u00e9tait soign\u00e9e dans un h\u00f4pital de Racht. Pendant le soul\u00e8vement de 2022, Sara Deldar a \u00e9t\u00e9 attaqu\u00e9e par les gardiens de la r\u00e9volution [&hellip;]<\/p>\n","protected":false},"author":4,"featured_media":20802,"comment_status":"closed","ping_status":"closed","sticky":false,"template":"","format":"standard","meta":{"jnews-multi-image_gallery":[],"jnews_single_post":{"format":"standard"},"jnews_primary_category":[],"jnews_social_meta":[],"jnews_override_counter":[],"footnotes":""},"categories":[3],"tags":[369,370,376],"class_list":["post-20801","post","type-post","status-publish","format-standard","has-post-thumbnail","hentry","category-infos-des-femmes","tag-manifestations","tag-prisonnieres","tag-violence-contre-les-femmes"],"_links":{"self":[{"href":"https:\/\/wncri.org\/fr\/wp-json\/wp\/v2\/posts\/20801","targetHints":{"allow":["GET"]}}],"collection":[{"href":"https:\/\/wncri.org\/fr\/wp-json\/wp\/v2\/posts"}],"about":[{"href":"https:\/\/wncri.org\/fr\/wp-json\/wp\/v2\/types\/post"}],"author":[{"embeddable":true,"href":"https:\/\/wncri.org\/fr\/wp-json\/wp\/v2\/users\/4"}],"replies":[{"embeddable":true,"href":"https:\/\/wncri.org\/fr\/wp-json\/wp\/v2\/comments?post=20801"}],"version-history":[{"count":1,"href":"https:\/\/wncri.org\/fr\/wp-json\/wp\/v2\/posts\/20801\/revisions"}],"predecessor-version":[{"id":20805,"href":"https:\/\/wncri.org\/fr\/wp-json\/wp\/v2\/posts\/20801\/revisions\/20805"}],"wp:featuredmedia":[{"embeddable":true,"href":"https:\/\/wncri.org\/fr\/wp-json\/wp\/v2\/media\/20802"}],"wp:attachment":[{"href":"https:\/\/wncri.org\/fr\/wp-json\/wp\/v2\/media?parent=20801"}],"wp:term":[{"taxonomy":"category","embeddable":true,"href":"https:\/\/wncri.org\/fr\/wp-json\/wp\/v2\/categories?post=20801"},{"taxonomy":"post_tag","embeddable":true,"href":"https:\/\/wncri.org\/fr\/wp-json\/wp\/v2\/tags?post=20801"}],"curies":[{"name":"wp","href":"https:\/\/api.w.org\/{rel}","templated":true}]}}