{"id":20688,"date":"2024-08-20T11:58:00","date_gmt":"2024-08-20T09:58:00","guid":{"rendered":"https:\/\/wncri.org\/fr\/?p=20688"},"modified":"2024-08-22T00:04:12","modified_gmt":"2024-08-21T22:04:12","slug":"contre-la-peine-de-mort","status":"publish","type":"post","link":"https:\/\/wncri.org\/fr\/2024\/08\/20\/contre-la-peine-de-mort\/","title":{"rendered":"30 semaines de campagne des prisonniers iraniens contre la peine de mort"},"content":{"rendered":"\n<p>La 30e semaine de la campagne \u00ab <a href=\"https:\/\/wncri.org\/2024\/08\/07\/political-prisoners-death-penalty\/\" target=\"_blank\" rel=\"noreferrer noopener\">Les mardis contre les ex\u00e9cutions<\/a> \u00bb a \u00e9t\u00e9 observ\u00e9e le 20 ao\u00fbt 2024 dans 18 prisons iraniennes. Cette initiative a vu la participation des <a href=\"https:\/\/wncri.org\/fr\/2024\/08\/14\/greve-de-la-faim-29e-semaine\/\" target=\"_blank\" rel=\"noreferrer noopener\">quartiers des femmes de la prison d&#8217;Evin<\/a> et de la <a href=\"https:\/\/wncri.org\/fr\/2024\/08\/16\/la-prison-de-lakan\/\" target=\"_blank\" rel=\"noreferrer noopener\">prison de Lakan<\/a> \u00e0 Racht, ainsi que des prisonni\u00e8res de divers autres \u00e9tablissements, toutes plaidant pour la fin des ex\u00e9cutions en Iran.<\/p>\n\n\n\n<p>La campagne se poursuit alors que le r\u00e9gime cl\u00e9rical a ex\u00e9cut\u00e9 118 prisonniers au cours du seul mois dernier, ce qui porte \u00e0 310 le nombre total d&#8217;ex\u00e9cutions depuis le 20 mars 2024, y compris les d\u00e9tenus politiques. Parmi les personnes ex\u00e9cut\u00e9es depuis mars, au moins 16 \u00e9taient des femmes.<\/p>\n\n\n\n<p>\u00c0 l&#8217;occasion de la 30e semaine de leur gr\u00e8ve de la faim, les prisonniers iraniens ont publi\u00e9 une d\u00e9claration appelant la <a href=\"https:\/\/x.com\/drmaisato\" target=\"_blank\" rel=\"noreferrer noopener\">Dr Mai Sato<\/a>, Rapporteuse sp\u00e9cialedes Nations unies sur la situation des droits de l&#8217;homme en Iran, \u00e0 faire face aux pratiques inhumaines telles que le recours g\u00e9n\u00e9ralis\u00e9 \u00e0 la peine de mort en Iran et \u00e0 \u0153uvrer pour mettre fin \u00e0 cette pratique brutale.<\/p>\n","protected":false},"excerpt":{"rendered":"<p>La 30e semaine de la campagne \u00ab Les mardis contre les ex\u00e9cutions \u00bb a \u00e9t\u00e9 observ\u00e9e le 20 ao\u00fbt 2024 dans 18 prisons iraniennes. Cette initiative a vu la participation des quartiers des femmes de la prison d&#8217;Evin et de la prison de Lakan \u00e0 Racht, ainsi que des prisonni\u00e8res de divers autres \u00e9tablissements, toutes [&hellip;]<\/p>\n","protected":false},"author":4,"featured_media":19724,"comment_status":"closed","ping_status":"closed","sticky":false,"template":"","format":"standard","meta":{"jnews-multi-image_gallery":[],"jnews_single_post":{"subtitle":"","format":"standard","video":"","gallery":"","source_name":"","source_url":"","via_name":"","via_url":"","override_template":"0","override":[{"template":"7","single_blog_custom":"","parallax":"1","fullscreen":"1","layout":"right-sidebar","sidebar":"default-sidebar","second_sidebar":"default-sidebar","sticky_sidebar":"1","share_position":"floatbottom","share_float_style":"share-normal","show_share_counter":"1","show_view_counter":"1","show_featured":"1","show_post_meta":"1","show_post_author":"0","show_post_author_image":"1","show_post_date":"1","post_date_format":"default","post_date_format_custom":"Y\/m\/d","show_post_category":"1","show_post_reading_time":"0","post_reading_time_wpm":"300","post_calculate_word_method":"str_word_count","show_zoom_button":"0","zoom_button_out_step":"2","zoom_button_in_step":"3","show_post_tag":"1","show_prev_next_post":"0","show_popup_post":"1","number_popup_post":"1","show_author_box":"0","show_post_related":"1","show_inline_post_related":"0"}],"override_image_size":"0","image_override":[{"single_post_thumbnail_size":"crop-500","single_post_gallery_size":"crop-500"}],"trending_post":"0","trending_post_position":"meta","trending_post_label":"Trending","sponsored_post":"0","sponsored_post_label":"Sponsored by","sponsored_post_name":"","sponsored_post_url":"","sponsored_post_logo_enable":"0","sponsored_post_logo":"","sponsored_post_desc":"","disable_ad":"0"},"jnews_primary_category":{"id":"","hide":""},"jnews_social_meta":{"fb_title":"","fb_description":"","fb_image":"","twitter_title":"","twitter_description":"","twitter_image":""},"jnews_override_counter":{"override_view_counter":"0","view_counter_number":"0","override_share_counter":"0","share_counter_number":"0","override_like_counter":"0","like_counter_number":"0","override_dislike_counter":"0","dislike_counter_number":"0"},"footnotes":""},"categories":[3],"tags":[367,369],"class_list":["post-20688","post","type-post","status-publish","format-standard","has-post-thumbnail","hentry","category-infos-des-femmes","tag-execution","tag-manifestations"],"_links":{"self":[{"href":"https:\/\/wncri.org\/fr\/wp-json\/wp\/v2\/posts\/20688","targetHints":{"allow":["GET"]}}],"collection":[{"href":"https:\/\/wncri.org\/fr\/wp-json\/wp\/v2\/posts"}],"about":[{"href":"https:\/\/wncri.org\/fr\/wp-json\/wp\/v2\/types\/post"}],"author":[{"embeddable":true,"href":"https:\/\/wncri.org\/fr\/wp-json\/wp\/v2\/users\/4"}],"replies":[{"embeddable":true,"href":"https:\/\/wncri.org\/fr\/wp-json\/wp\/v2\/comments?post=20688"}],"version-history":[{"count":1,"href":"https:\/\/wncri.org\/fr\/wp-json\/wp\/v2\/posts\/20688\/revisions"}],"predecessor-version":[{"id":20689,"href":"https:\/\/wncri.org\/fr\/wp-json\/wp\/v2\/posts\/20688\/revisions\/20689"}],"wp:featuredmedia":[{"embeddable":true,"href":"https:\/\/wncri.org\/fr\/wp-json\/wp\/v2\/media\/19724"}],"wp:attachment":[{"href":"https:\/\/wncri.org\/fr\/wp-json\/wp\/v2\/media?parent=20688"}],"wp:term":[{"taxonomy":"category","embeddable":true,"href":"https:\/\/wncri.org\/fr\/wp-json\/wp\/v2\/categories?post=20688"},{"taxonomy":"post_tag","embeddable":true,"href":"https:\/\/wncri.org\/fr\/wp-json\/wp\/v2\/tags?post=20688"}],"curies":[{"name":"wp","href":"https:\/\/api.w.org\/{rel}","templated":true}]}}