{"id":20675,"date":"2024-08-19T22:52:27","date_gmt":"2024-08-19T20:52:27","guid":{"rendered":"https:\/\/wncri.org\/fr\/?p=20675"},"modified":"2024-08-19T22:52:28","modified_gmt":"2024-08-19T20:52:28","slug":"femmes-kurdes-en-iran","status":"publish","type":"post","link":"https:\/\/wncri.org\/fr\/2024\/08\/19\/femmes-kurdes-en-iran\/","title":{"rendered":"Arrestations croissantes de femmes kurdes en Iran : Une tendance inqui\u00e9tante"},"content":{"rendered":"\n<h4 class=\"wp-block-heading\">Les r\u00e9centes arrestations de femmes kurdes par les forces de s\u00e9curit\u00e9 iraniennes mettent en \u00e9vidence une tendance alarmante \u00e0 la r\u00e9pression contre les militants kurdes en Iran.<\/h4>\n\n\n\n<p>Ces arrestations ont vis\u00e9 non seulement des femmes activement engag\u00e9es dans la d\u00e9fense des droits civiques, mais aussi des citoyens ordinaires, ce qui suscite des inqui\u00e9tudes quant \u00e0 leur s\u00e9curit\u00e9 et \u00e0 la transparence de leur d\u00e9tention. Ce rapport se penche sur 3 cas r\u00e9cents, en fournissant le contexte et les d\u00e9tails n\u00e9cessaires \u00e0 une meilleure compr\u00e9hension.<\/p>\n\n\n\n<h3 class=\"wp-block-heading\"><strong>Arrestation de Gelavizh Mohammadi-Arshad \u00e0 T\u00e9h\u00e9ran<\/strong><\/h3>\n\n\n\n<p>Le mercredi 14 ao\u00fbt 2024, une femme kurde de 45 ans, Gelavizh Mohammadi-Arshad, a \u00e9t\u00e9 arr\u00eat\u00e9e par les forces de s\u00e9curit\u00e9 iraniennes \u00e0 T\u00e9h\u00e9ran, la capitale de l&#8217;Iran.<\/p>\n\n\n\n<p>Gelavizh, couturi\u00e8re de profession, a \u00e9t\u00e9 appr\u00e9hend\u00e9e alors qu&#8217;elle rentrait de son travail dans la rue Bagh-e Chayegan. Les forces de s\u00e9curit\u00e9, arriv\u00e9es \u00e0 bord de 4 v\u00e9hicules, l&#8217;ont encercl\u00e9e et arr\u00eat\u00e9e sans pr\u00e9senter de mandat judiciaire. On ne sait toujours pas o\u00f9 elle se trouve, ce qui ajoute \u00e0 la d\u00e9tresse de sa famille et \u00e0 l&#8217;inqui\u00e9tude de l&#8217;opinion publique.<\/p>\n\n\n<div class=\"wp-block-image\">\n<figure class=\"aligncenter size-large\"><img decoding=\"async\" src=\"data:image\/gif;base64,R0lGODlhAQABAIAAAAAAAP\/\/\/yH5BAEAAAAALAAAAAABAAEAAAIBRAA7\" data-src=\"https:\/\/wncri.org\/fr\/wp-content\/uploads\/2024\/08\/Gelavizh-Mohammadi-Arshad-min-1024x512.jpg\" alt=\"Arrestations croissantes de femmes kurdes en Iran : Une tendance inqui\u00e9tante\" class=\"wp-image-20677 lazyload\"\/><noscript><img decoding=\"async\" width=\"1024\" height=\"512\" src=\"https:\/\/wncri.org\/fr\/wp-content\/uploads\/2024\/08\/Gelavizh-Mohammadi-Arshad-min-1024x512.jpg\" alt=\"Arrestations croissantes de femmes kurdes en Iran : Une tendance inqui\u00e9tante\" class=\"wp-image-20677 lazyload\" srcset=\"https:\/\/wncri.org\/fr\/wp-content\/uploads\/2024\/08\/Gelavizh-Mohammadi-Arshad-min-1024x512.jpg 1024w, https:\/\/wncri.org\/fr\/wp-content\/uploads\/2024\/08\/Gelavizh-Mohammadi-Arshad-min-300x150.jpg 300w, https:\/\/wncri.org\/fr\/wp-content\/uploads\/2024\/08\/Gelavizh-Mohammadi-Arshad-min-768x384.jpg 768w, https:\/\/wncri.org\/fr\/wp-content\/uploads\/2024\/08\/Gelavizh-Mohammadi-Arshad-min-360x180.jpg 360w, https:\/\/wncri.org\/fr\/wp-content\/uploads\/2024\/08\/Gelavizh-Mohammadi-Arshad-min-750x375.jpg 750w, https:\/\/wncri.org\/fr\/wp-content\/uploads\/2024\/08\/Gelavizh-Mohammadi-Arshad-min.jpg 1140w\" sizes=\"(max-width: 1024px) 100vw, 1024px\" \/><\/noscript><figcaption class=\"wp-element-caption\">Gelavizh Mohammadi Arshad<\/figcaption><\/figure>\n<\/div>\n\n\n<h3 class=\"wp-block-heading\"><strong>Nouvelle arrestation de l&#8217;activiste Fermisk Babai \u00e0 Paveh<\/strong><\/h3>\n\n\n\n<p>Fermisk Babai, une militante kurde bien connue de <a href=\"https:\/\/en.wikipedia.org\/wiki\/Paveh\" target=\"_blank\" rel=\"noreferrer noopener\">Paveh<\/a>, une ville de l&#8217;ouest de l&#8217;Iran situ\u00e9e pr\u00e8s de la fronti\u00e8re irakienne, a \u00e9t\u00e9 de nouveau arr\u00eat\u00e9e par les forces de s\u00e9curit\u00e9 iraniennes le lundi 12 ao\u00fbt 2024.<\/p>\n\n\n\n<p>Fermisk, qui a d\u00e9j\u00e0 \u00e9t\u00e9 arr\u00eat\u00e9e par le pass\u00e9, a \u00e9t\u00e9 convoqu\u00e9e au d\u00e9partement des renseignements de Paveh avec sa famille pour \u00eatre interrog\u00e9e avant d&#8217;\u00eatre transf\u00e9r\u00e9e au centre de d\u00e9tention de Naft Square \u00e0 Kermanchah, une grande ville de l&#8217;ouest de l&#8217;Iran.<\/p>\n\n\n\n<p>Lorsque sa famille a protest\u00e9 contre son arrestation, les forces de s\u00e9curit\u00e9 ont r\u00e9agi avec <a href=\"https:\/\/wncri.org\/fr\/2020\/11\/23\/la-violence-faite-aux-femmes-en-iran-parrainee-et-institutionnalisee-par-letat\/\" target=\"_blank\" rel=\"noreferrer noopener\">violence<\/a>, provoquant l&#8217;\u00e9vanouissement de sa m\u00e8re et n\u00e9cessitant son hospitalisation.<\/p>\n\n\n\n<p>Fermisk avait d\u00e9j\u00e0 \u00e9t\u00e9 d\u00e9tenue de mani\u00e8re violente l&#8217;ann\u00e9e derni\u00e8re, \u00e0 l&#8217;occasion de l&#8217;anniversaire de la fatwa de Khomeini contre le Kurdistan. Compte tenu de l&#8217;histoire des traitements brutaux inflig\u00e9s par les forces de s\u00e9curit\u00e9 iraniennes aux activistes civils, on s&#8217;inqui\u00e8te de plus en plus de la s\u00e9curit\u00e9 de Fermisk pendant sa d\u00e9tention.<\/p>\n\n\n<div class=\"wp-block-image\">\n<figure class=\"aligncenter size-large\"><img decoding=\"async\" src=\"data:image\/gif;base64,R0lGODlhAQABAIAAAAAAAP\/\/\/yH5BAEAAAAALAAAAAABAAEAAAIBRAA7\" data-src=\"https:\/\/wncri.org\/fr\/wp-content\/uploads\/2024\/08\/Fermisk-Babai-min-1024x512.jpg\" alt=\"Arrestations croissantes de femmes kurdes en Iran : Une tendance inqui\u00e9tante\" class=\"wp-image-20676 lazyload\"\/><noscript><img decoding=\"async\" width=\"1024\" height=\"512\" src=\"https:\/\/wncri.org\/fr\/wp-content\/uploads\/2024\/08\/Fermisk-Babai-min-1024x512.jpg\" alt=\"Arrestations croissantes de femmes kurdes en Iran : Une tendance inqui\u00e9tante\" class=\"wp-image-20676 lazyload\" srcset=\"https:\/\/wncri.org\/fr\/wp-content\/uploads\/2024\/08\/Fermisk-Babai-min-1024x512.jpg 1024w, https:\/\/wncri.org\/fr\/wp-content\/uploads\/2024\/08\/Fermisk-Babai-min-300x150.jpg 300w, https:\/\/wncri.org\/fr\/wp-content\/uploads\/2024\/08\/Fermisk-Babai-min-768x384.jpg 768w, https:\/\/wncri.org\/fr\/wp-content\/uploads\/2024\/08\/Fermisk-Babai-min-360x180.jpg 360w, https:\/\/wncri.org\/fr\/wp-content\/uploads\/2024\/08\/Fermisk-Babai-min-750x375.jpg 750w, https:\/\/wncri.org\/fr\/wp-content\/uploads\/2024\/08\/Fermisk-Babai-min.jpg 1140w\" sizes=\"(max-width: 1024px) 100vw, 1024px\" \/><\/noscript><figcaption class=\"wp-element-caption\">Fermisk Babai<\/figcaption><\/figure>\n<\/div>\n\n\n<h3 class=\"wp-block-heading\"><strong>D\u00e9tention continue et incertitude autour de Manijeh Khoshnoud \u00e0 Boukan<\/strong><\/h3>\n\n\n\n<p>Plus de 2 semaines se sont \u00e9coul\u00e9es depuis l&#8217;arrestation de Manijeh Khoshnoud, une femme kurde de 56 ans originaire de Boukan, une ville du nord-ouest de l&#8217;Iran.<\/p>\n\n\n\n<p>Manijeh a \u00e9t\u00e9 arr\u00eat\u00e9e par les forces des renseignements du r\u00e9gime iranien le mercredi 31 juillet 2024, \u00e0 16 heures, lors d&#8217;une descente au domicile familial \u00e0 <a href=\"https:\/\/fr.wikipedia.org\/wiki\/Boukan\" target=\"_blank\" rel=\"noreferrer noopener\">Boukan<\/a>. Lors de son arrestation, son domicile a \u00e9t\u00e9 fouill\u00e9 et son t\u00e9l\u00e9phone portable a \u00e9t\u00e9 confisqu\u00e9.<\/p>\n\n\n\n<p>Malgr\u00e9 les efforts continus de sa famille pour obtenir des informations sur le lieu o\u00f9 elle se trouve et sur son \u00e9tat de sant\u00e9, elle n&#8217;a re\u00e7u aucune r\u00e9ponse de la part des autorit\u00e9s. Cette absence de communication a accru l&#8217;anxi\u00e9t\u00e9 de la famille, d&#8217;autant plus que le sort de Manijeh et le lieu de sa d\u00e9tention restent entour\u00e9s de secret.<\/p>\n\n\n\n<p>Les r\u00e9centes arrestations de femmes kurdes en Iran, en particulier celles de Gelavizh Mohammadi-Arshad, Farmisk Babai et Manijeh Khoshnoud, refl\u00e8tent une tendance inqui\u00e9tante \u00e0 la r\u00e9pression contre les activistes kurdes et les citoyens ordinaires par le r\u00e9gime iranien. La communaut\u00e9 internationale doit accorder une plus grande attention \u00e0 ces violations des droits de l&#8217;homme, car la s\u00e9curit\u00e9 et la vie de ces femmes restent menac\u00e9es.<\/p>\n\n\n<div class=\"wp-block-image\">\n<figure class=\"aligncenter size-large\"><img decoding=\"async\" src=\"data:image\/gif;base64,R0lGODlhAQABAIAAAAAAAP\/\/\/yH5BAEAAAAALAAAAAABAAEAAAIBRAA7\" data-src=\"https:\/\/wncri.org\/fr\/wp-content\/uploads\/2024\/08\/Manijeh-Khoshnoud-min-1024x512.jpg\" alt=\"Arrestations croissantes de femmes kurdes en Iran : Une tendance inqui\u00e9tante\" class=\"wp-image-20679 lazyload\"\/><noscript><img decoding=\"async\" width=\"1024\" height=\"512\" src=\"https:\/\/wncri.org\/fr\/wp-content\/uploads\/2024\/08\/Manijeh-Khoshnoud-min-1024x512.jpg\" alt=\"Arrestations croissantes de femmes kurdes en Iran : Une tendance inqui\u00e9tante\" class=\"wp-image-20679 lazyload\" srcset=\"https:\/\/wncri.org\/fr\/wp-content\/uploads\/2024\/08\/Manijeh-Khoshnoud-min-1024x512.jpg 1024w, https:\/\/wncri.org\/fr\/wp-content\/uploads\/2024\/08\/Manijeh-Khoshnoud-min-300x150.jpg 300w, https:\/\/wncri.org\/fr\/wp-content\/uploads\/2024\/08\/Manijeh-Khoshnoud-min-768x384.jpg 768w, https:\/\/wncri.org\/fr\/wp-content\/uploads\/2024\/08\/Manijeh-Khoshnoud-min-360x180.jpg 360w, https:\/\/wncri.org\/fr\/wp-content\/uploads\/2024\/08\/Manijeh-Khoshnoud-min-750x375.jpg 750w, https:\/\/wncri.org\/fr\/wp-content\/uploads\/2024\/08\/Manijeh-Khoshnoud-min.jpg 1140w\" sizes=\"(max-width: 1024px) 100vw, 1024px\" \/><\/noscript><figcaption class=\"wp-element-caption\">Manijeh Khoshnoud<\/figcaption><\/figure>\n<\/div>","protected":false},"excerpt":{"rendered":"<p>Les r\u00e9centes arrestations de femmes kurdes par les forces de s\u00e9curit\u00e9 iraniennes mettent en \u00e9vidence une tendance alarmante \u00e0 la r\u00e9pression contre les militants kurdes en Iran. Ces arrestations ont vis\u00e9 non seulement des femmes activement engag\u00e9es dans la d\u00e9fense des droits civiques, mais aussi des citoyens ordinaires, ce qui suscite des inqui\u00e9tudes quant \u00e0 [&hellip;]<\/p>\n","protected":false},"author":4,"featured_media":20678,"comment_status":"closed","ping_status":"closed","sticky":false,"template":"","format":"standard","meta":{"jnews-multi-image_gallery":[],"jnews_single_post":{"subtitle":"","format":"standard","video":"","gallery":"","source_name":"","source_url":"","via_name":"","via_url":"","override_template":"0","override":[{"template":"7","single_blog_custom":"","parallax":"1","fullscreen":"1","layout":"right-sidebar","sidebar":"default-sidebar","second_sidebar":"default-sidebar","sticky_sidebar":"1","share_position":"floatbottom","share_float_style":"share-normal","show_share_counter":"1","show_view_counter":"1","show_featured":"1","show_post_meta":"1","show_post_author":"0","show_post_author_image":"1","show_post_date":"1","post_date_format":"default","post_date_format_custom":"Y\/m\/d","show_post_category":"1","show_post_reading_time":"0","post_reading_time_wpm":"300","post_calculate_word_method":"str_word_count","show_zoom_button":"0","zoom_button_out_step":"2","zoom_button_in_step":"3","show_post_tag":"1","show_prev_next_post":"0","show_popup_post":"1","number_popup_post":"1","show_author_box":"0","show_post_related":"1","show_inline_post_related":"0"}],"override_image_size":"0","image_override":[{"single_post_thumbnail_size":"crop-500","single_post_gallery_size":"crop-500"}],"trending_post":"0","trending_post_position":"meta","trending_post_label":"Trending","sponsored_post":"0","sponsored_post_label":"Sponsored by","sponsored_post_name":"","sponsored_post_url":"","sponsored_post_logo_enable":"0","sponsored_post_logo":"","sponsored_post_desc":"","disable_ad":"0"},"jnews_primary_category":{"id":"","hide":""},"jnews_social_meta":{"fb_title":"","fb_description":"","fb_image":"","twitter_title":"","twitter_description":"","twitter_image":""},"jnews_override_counter":{"override_view_counter":"0","view_counter_number":"0","override_share_counter":"0","share_counter_number":"0","override_like_counter":"0","like_counter_number":"0","override_dislike_counter":"0","dislike_counter_number":"0"},"footnotes":""},"categories":[3],"tags":[370,376],"class_list":["post-20675","post","type-post","status-publish","format-standard","has-post-thumbnail","hentry","category-infos-des-femmes","tag-prisonnieres","tag-violence-contre-les-femmes"],"_links":{"self":[{"href":"https:\/\/wncri.org\/fr\/wp-json\/wp\/v2\/posts\/20675","targetHints":{"allow":["GET"]}}],"collection":[{"href":"https:\/\/wncri.org\/fr\/wp-json\/wp\/v2\/posts"}],"about":[{"href":"https:\/\/wncri.org\/fr\/wp-json\/wp\/v2\/types\/post"}],"author":[{"embeddable":true,"href":"https:\/\/wncri.org\/fr\/wp-json\/wp\/v2\/users\/4"}],"replies":[{"embeddable":true,"href":"https:\/\/wncri.org\/fr\/wp-json\/wp\/v2\/comments?post=20675"}],"version-history":[{"count":1,"href":"https:\/\/wncri.org\/fr\/wp-json\/wp\/v2\/posts\/20675\/revisions"}],"predecessor-version":[{"id":20680,"href":"https:\/\/wncri.org\/fr\/wp-json\/wp\/v2\/posts\/20675\/revisions\/20680"}],"wp:featuredmedia":[{"embeddable":true,"href":"https:\/\/wncri.org\/fr\/wp-json\/wp\/v2\/media\/20678"}],"wp:attachment":[{"href":"https:\/\/wncri.org\/fr\/wp-json\/wp\/v2\/media?parent=20675"}],"wp:term":[{"taxonomy":"category","embeddable":true,"href":"https:\/\/wncri.org\/fr\/wp-json\/wp\/v2\/categories?post=20675"},{"taxonomy":"post_tag","embeddable":true,"href":"https:\/\/wncri.org\/fr\/wp-json\/wp\/v2\/tags?post=20675"}],"curies":[{"name":"wp","href":"https:\/\/api.w.org\/{rel}","templated":true}]}}