{"id":20661,"date":"2024-08-17T19:30:16","date_gmt":"2024-08-17T17:30:16","guid":{"rendered":"https:\/\/wncri.org\/fr\/?p=20661"},"modified":"2024-08-17T19:30:18","modified_gmt":"2024-08-17T17:30:18","slug":"arezou-badri","status":"publish","type":"post","link":"https:\/\/wncri.org\/fr\/2024\/08\/17\/arezou-badri\/","title":{"rendered":"Arezou Badri subit une deuxi\u00e8me intervention chirurgicale alors que son \u00e9tat s&#8217;aggrave \u00e0 la suite d&#8217;une fusillade avec la police"},"content":{"rendered":"\n<h4 class=\"wp-block-heading\">Arezou Badri, 31 ans et m\u00e8re de 2 enfants, a \u00e9t\u00e9 la <a href=\"https:\/\/wncri.org\/fr\/2024\/08\/11\/nazila-irandegani-arezou-badri\/\" target=\"_blank\" rel=\"noreferrer noopener\">cible de tirs<\/a> des forces de s\u00e9curit\u00e9 iraniennes parce qu&#8217;elle ne respectait pas l&#8217;obligation de porter le hijab. Elle est actuellement dans un \u00e9tat critique \u00e0 l&#8217;h\u00f4pital Valiasr de T\u00e9h\u00e9ran, o\u00f9 elle a r\u00e9cemment subi une seconde intervention chirurgicale, le jeudi 15 ao\u00fbt 2024, pour traiter un \u00e9panchement pleural.<\/h4>\n\n\n\n<h3 class=\"wp-block-heading\"><strong>D\u00e9tails de l&#8217;incident<\/strong><\/h3>\n\n\n\n<p>Dans la nuit du 22 juillet, Arezou Badri et son amie se rendaient de Nour \u00e0 Babolsar lorsque la police, \u00e0 l&#8217;aide d&#8217;un haut-parleur, leur a ordonn\u00e9 de s&#8217;arr\u00eater. La voiture \u00e9tait destin\u00e9e \u00e0 \u00eatre mise en fourri\u00e8re en raison de violations pr\u00e9sum\u00e9es du hijab.<\/p>\n\n\n\n<p>Ignorant les avertissements de la police, Arezou Badri a continu\u00e9 \u00e0 rouler, ce qui a permis aux policiers de tirer sur la voiture. Ils ont d&#8217;abord tir\u00e9 sur le pneu, puis sur la porti\u00e8re, et une balle a atteint Badri dans le dos, lui causant de graves blessures. Des \u00e9l\u00e9ments de preuve sugg\u00e8rent qu&#8217;elle a \u00e9t\u00e9 touch\u00e9e sur le c\u00f4t\u00e9, ce qui indique une possible violation des r\u00e8glements concernant l&#8217;utilisation d&#8217;armes \u00e0 feu par la police.<\/p>\n\n\n\n<p>Apr\u00e8s la fusillade, Arezou Badri a subi des blessures graves affectant la partie inf\u00e9rieure de son corps et son syst\u00e8me respiratoire. Lors de sa premi\u00e8re intervention chirurgicale \u00e0 l&#8217;h\u00f4pital de Sari, rendue n\u00e9cessaire par la blessure par balle, elle a perdu la capacit\u00e9 de bouger la partie inf\u00e9rieure de son corps. Son \u00e9tat s&#8217;est depuis lors aggrav\u00e9.<\/p>\n\n\n\n<p>\u00c0 l&#8217;h\u00f4pital Valiasr de T\u00e9h\u00e9ran, apr\u00e8s avoir retir\u00e9 la balle du bas de son dos, qui avait caus\u00e9 de graves l\u00e9sions de la colonne vert\u00e9brale, elle a d\u00fb subir une autre intervention chirurgicale pour drainer le liquide accumul\u00e9 dans ses poumons.<\/p>\n\n\n\n<p>Les professionnels de la sant\u00e9 ont indiqu\u00e9 qu&#8217;il faudrait des mois pour d\u00e9terminer si elle perdra d\u00e9finitivement sa capacit\u00e9 \u00e0 marcher.<\/p>\n\n\n<div class=\"wp-block-image\">\n<figure class=\"aligncenter size-large\"><img decoding=\"async\" src=\"data:image\/gif;base64,R0lGODlhAQABAIAAAAAAAP\/\/\/yH5BAEAAAAALAAAAAABAAEAAAIBRAA7\" data-src=\"https:\/\/wncri.org\/fr\/wp-content\/uploads\/2024\/08\/Arezou-Badri-2-min-1024x512.jpg\" alt=\"Arezou Badri subit une deuxi\u00e8me intervention chirurgicale\" class=\"wp-image-20663 lazyload\"\/><noscript><img decoding=\"async\" width=\"1024\" height=\"512\" src=\"https:\/\/wncri.org\/fr\/wp-content\/uploads\/2024\/08\/Arezou-Badri-2-min-1024x512.jpg\" alt=\"Arezou Badri subit une deuxi\u00e8me intervention chirurgicale\" class=\"wp-image-20663 lazyload\" srcset=\"https:\/\/wncri.org\/fr\/wp-content\/uploads\/2024\/08\/Arezou-Badri-2-min-1024x512.jpg 1024w, https:\/\/wncri.org\/fr\/wp-content\/uploads\/2024\/08\/Arezou-Badri-2-min-300x150.jpg 300w, https:\/\/wncri.org\/fr\/wp-content\/uploads\/2024\/08\/Arezou-Badri-2-min-768x384.jpg 768w, https:\/\/wncri.org\/fr\/wp-content\/uploads\/2024\/08\/Arezou-Badri-2-min-360x180.jpg 360w, https:\/\/wncri.org\/fr\/wp-content\/uploads\/2024\/08\/Arezou-Badri-2-min-750x375.jpg 750w, https:\/\/wncri.org\/fr\/wp-content\/uploads\/2024\/08\/Arezou-Badri-2-min.jpg 1140w\" sizes=\"(max-width: 1024px) 100vw, 1024px\" \/><\/noscript><\/figure>\n<\/div>\n\n\n<h3 class=\"wp-block-heading\"><strong>La famille d&#8217;Arezou Badri sous pression s\u00e9curitaire<\/strong><\/h3>\n\n\n\n<p>La famille de Badri subit d&#8217;intenses pressions de la part des agences de s\u00e9curit\u00e9. Elle est contrainte de soutenir les r\u00e9cits impos\u00e9s par le gouvernement et elle lui est interdit de donner des d\u00e9tails sur l&#8217;\u00e9tat de sant\u00e9 d&#8217;Arezou Badri. Les visites de la famille sont limit\u00e9es \u00e0 quelques minutes et les t\u00e9l\u00e9phones portables sont confisqu\u00e9s lors de ces rencontres.<\/p>\n\n\n\n<p>L&#8217;ann\u00e9e derni\u00e8re, un sch\u00e9ma similaire a \u00e9t\u00e9 observ\u00e9 dans le cas d&#8217;<a href=\"https:\/\/wncri.org\/fr\/2023\/11\/01\/eprouvante-darmita-geravand\/\" target=\"_blank\" rel=\"noreferrer noopener\">Armita Geravand<\/a>, une jeune fille de 17 ans d\u00e9c\u00e9d\u00e9e apr\u00e8s avoir \u00e9t\u00e9 bless\u00e9e par des patrouilles de Hijab dans une station de m\u00e9tro de T\u00e9h\u00e9ran. Les efforts du r\u00e9gime pour contr\u00f4ler l&#8217;information et \u00e9touffer l&#8217;indignation publique refl\u00e8tent sa crainte d&#8217;un nouveau soul\u00e8vement g\u00e9n\u00e9ralis\u00e9 semblable aux manifestations de 2022.<\/p>\n\n\n<div class=\"wp-block-image\">\n<figure class=\"aligncenter size-large\"><img decoding=\"async\" src=\"data:image\/gif;base64,R0lGODlhAQABAIAAAAAAAP\/\/\/yH5BAEAAAAALAAAAAABAAEAAAIBRAA7\" data-src=\"https:\/\/wncri.org\/fr\/wp-content\/uploads\/2024\/08\/Arezou-Badri-Amnesty-International-min-1024x512.jpg\" alt=\"Arezou Badri subit une deuxi\u00e8me intervention chirurgicale\" class=\"wp-image-20664 lazyload\"\/><noscript><img decoding=\"async\" width=\"1024\" height=\"512\" src=\"https:\/\/wncri.org\/fr\/wp-content\/uploads\/2024\/08\/Arezou-Badri-Amnesty-International-min-1024x512.jpg\" alt=\"Arezou Badri subit une deuxi\u00e8me intervention chirurgicale\" class=\"wp-image-20664 lazyload\" srcset=\"https:\/\/wncri.org\/fr\/wp-content\/uploads\/2024\/08\/Arezou-Badri-Amnesty-International-min-1024x512.jpg 1024w, https:\/\/wncri.org\/fr\/wp-content\/uploads\/2024\/08\/Arezou-Badri-Amnesty-International-min-300x150.jpg 300w, https:\/\/wncri.org\/fr\/wp-content\/uploads\/2024\/08\/Arezou-Badri-Amnesty-International-min-768x384.jpg 768w, https:\/\/wncri.org\/fr\/wp-content\/uploads\/2024\/08\/Arezou-Badri-Amnesty-International-min-360x180.jpg 360w, https:\/\/wncri.org\/fr\/wp-content\/uploads\/2024\/08\/Arezou-Badri-Amnesty-International-min-750x375.jpg 750w, https:\/\/wncri.org\/fr\/wp-content\/uploads\/2024\/08\/Arezou-Badri-Amnesty-International-min.jpg 1140w\" sizes=\"(max-width: 1024px) 100vw, 1024px\" \/><\/noscript><\/figure>\n<\/div>\n\n\n<h3 class=\"wp-block-heading\"><strong>R\u00e9action de la communaut\u00e9 internationale<\/strong><\/h3>\n\n\n\n<p><a href=\"https:\/\/x.com\/amnesty\/status\/1823755930728902780\" target=\"_blank\" rel=\"noreferrer noopener\">Amnesty International<\/a> a condamn\u00e9 l&#8217;incident, demandant qu&#8217;une enqu\u00eate approfondie soit men\u00e9e et que les responsables iraniens aient \u00e0 r\u00e9pondre de leurs actes. L&#8217;organisation a soulign\u00e9 qu&#8217;il \u00e9tait urgent d&#8217;abolir les lois sur le hijab obligatoire et de s&#8217;attaquer \u00e0 l&#8217;impunit\u00e9 qui prot\u00e8ge les autorit\u00e9s responsables en Iran.<\/p>\n\n\n\n<p>Le cas d&#8217;Arezou Badri met en \u00e9vidence les graves probl\u00e8mes li\u00e9s \u00e0 l&#8217;application de la r\u00e9glementation sur le port obligatoire du hijab et les m\u00e9thodes brutales utilis\u00e9es par les forces de s\u00e9curit\u00e9. Les mesures de s\u00e9curit\u00e9 strictes impos\u00e9es \u00e0 sa famille et les restrictions impos\u00e9es \u00e0 la diffusion de l&#8217;information sont profond\u00e9ment troublantes.<\/p>\n","protected":false},"excerpt":{"rendered":"<p>Arezou Badri, 31 ans et m\u00e8re de 2 enfants, a \u00e9t\u00e9 la cible de tirs des forces de s\u00e9curit\u00e9 iraniennes parce qu&#8217;elle ne respectait pas l&#8217;obligation de porter le hijab. Elle est actuellement dans un \u00e9tat critique \u00e0 l&#8217;h\u00f4pital Valiasr de T\u00e9h\u00e9ran, o\u00f9 elle a r\u00e9cemment subi une seconde intervention chirurgicale, le jeudi 15 ao\u00fbt [&hellip;]<\/p>\n","protected":false},"author":4,"featured_media":20662,"comment_status":"closed","ping_status":"closed","sticky":false,"template":"","format":"standard","meta":{"jnews-multi-image_gallery":[],"jnews_single_post":{"subtitle":"","format":"standard","video":"","gallery":"","source_name":"","source_url":"","via_name":"","via_url":"","override_template":"0","override":[{"template":"7","single_blog_custom":"","parallax":"1","fullscreen":"1","layout":"right-sidebar","sidebar":"default-sidebar","second_sidebar":"default-sidebar","sticky_sidebar":"1","share_position":"floatbottom","share_float_style":"share-normal","show_share_counter":"1","show_view_counter":"1","show_featured":"1","show_post_meta":"1","show_post_author":"0","show_post_author_image":"1","show_post_date":"1","post_date_format":"default","post_date_format_custom":"Y\/m\/d","show_post_category":"1","show_post_reading_time":"0","post_reading_time_wpm":"300","post_calculate_word_method":"str_word_count","show_zoom_button":"0","zoom_button_out_step":"2","zoom_button_in_step":"3","show_post_tag":"1","show_prev_next_post":"0","show_popup_post":"1","number_popup_post":"1","show_author_box":"0","show_post_related":"1","show_inline_post_related":"0"}],"override_image_size":"0","image_override":[{"single_post_thumbnail_size":"crop-500","single_post_gallery_size":"crop-500"}],"trending_post":"0","trending_post_position":"meta","trending_post_label":"Trending","sponsored_post":"0","sponsored_post_label":"Sponsored by","sponsored_post_name":"","sponsored_post_url":"","sponsored_post_logo_enable":"0","sponsored_post_logo":"","sponsored_post_desc":"","disable_ad":"0"},"jnews_primary_category":{"id":"","hide":""},"jnews_social_meta":{"fb_title":"","fb_description":"","fb_image":"","twitter_title":"","twitter_description":"","twitter_image":""},"jnews_override_counter":{"override_view_counter":"0","view_counter_number":"0","override_share_counter":"0","share_counter_number":"0","override_like_counter":"0","like_counter_number":"0","override_dislike_counter":"0","dislike_counter_number":"0"},"footnotes":""},"categories":[3],"tags":[376,375],"class_list":["post-20661","post","type-post","status-publish","format-standard","has-post-thumbnail","hentry","category-infos-des-femmes","tag-violence-contre-les-femmes","tag-voile-obligatoire"],"_links":{"self":[{"href":"https:\/\/wncri.org\/fr\/wp-json\/wp\/v2\/posts\/20661","targetHints":{"allow":["GET"]}}],"collection":[{"href":"https:\/\/wncri.org\/fr\/wp-json\/wp\/v2\/posts"}],"about":[{"href":"https:\/\/wncri.org\/fr\/wp-json\/wp\/v2\/types\/post"}],"author":[{"embeddable":true,"href":"https:\/\/wncri.org\/fr\/wp-json\/wp\/v2\/users\/4"}],"replies":[{"embeddable":true,"href":"https:\/\/wncri.org\/fr\/wp-json\/wp\/v2\/comments?post=20661"}],"version-history":[{"count":1,"href":"https:\/\/wncri.org\/fr\/wp-json\/wp\/v2\/posts\/20661\/revisions"}],"predecessor-version":[{"id":20665,"href":"https:\/\/wncri.org\/fr\/wp-json\/wp\/v2\/posts\/20661\/revisions\/20665"}],"wp:featuredmedia":[{"embeddable":true,"href":"https:\/\/wncri.org\/fr\/wp-json\/wp\/v2\/media\/20662"}],"wp:attachment":[{"href":"https:\/\/wncri.org\/fr\/wp-json\/wp\/v2\/media?parent=20661"}],"wp:term":[{"taxonomy":"category","embeddable":true,"href":"https:\/\/wncri.org\/fr\/wp-json\/wp\/v2\/categories?post=20661"},{"taxonomy":"post_tag","embeddable":true,"href":"https:\/\/wncri.org\/fr\/wp-json\/wp\/v2\/tags?post=20661"}],"curies":[{"name":"wp","href":"https:\/\/api.w.org\/{rel}","templated":true}]}}