{"id":20603,"date":"2024-08-11T20:33:00","date_gmt":"2024-08-11T18:33:00","guid":{"rendered":"https:\/\/wncri.org\/fr\/?p=20603"},"modified":"2024-08-11T20:33:01","modified_gmt":"2024-08-11T18:33:01","slug":"nazila-irandegani-arezou-badri","status":"publish","type":"post","link":"https:\/\/wncri.org\/fr\/2024\/08\/11\/nazila-irandegani-arezou-badri\/","title":{"rendered":"La violence des forces de s\u00e9curit\u00e9 tue une femme enceinte et sa fille, et paralyse une m\u00e8re de deux enfants"},"content":{"rendered":"\n<h2 class=\"wp-block-heading\"><strong>Fusillade \u00e0 Khach : D\u00e9c\u00e8s d&#8217;une femme enceinte de 25 ans et de sa fille de 5 ans<\/strong><\/h2>\n\n\n\n<p>Dans la matin\u00e9e du mardi 6 ao\u00fbt 2024, des agents en civil des services des renseignements du CGRI \u00e0 <a href=\"https:\/\/fr.wikipedia.org\/wiki\/Khach_(Iran)\" target=\"_blank\" rel=\"noreferrer noopener\">Khach<\/a>, dans la province du Sistan-et-Baloutchestan, ont ouvert le feu sur un v\u00e9hicule Peugeot 405 qui circulait sans avertissement pr\u00e9alable. Cet \u00e9v\u00e9nement tragique a entra\u00een\u00e9 la mort d&#8217;une femme enceinte de 25 ans, Nazila Irandegani, qui a re\u00e7u plusieurs balles et est d\u00e9c\u00e9d\u00e9e sur le coup. Sa fille de 5 ans, Tina Nasiri, a succomb\u00e9 \u00e0 ses blessures plus tard \u00e0 l&#8217;h\u00f4pital.<\/p>\n\n\n\n<p>Trois autres passagers de la voiture, dont un autre enfant, ont \u00e9t\u00e9 gravement bless\u00e9s.<\/p>\n\n\n\n<p>Nazila Irandegani, son mari Chahram Nasiri et leurs enfants traversaient le carrefour de Khach lorsque leur v\u00e9hicule a \u00e9t\u00e9 pris pour cible par les forces du Corps des gardiens de la r\u00e9volution islamique. Chahram Nasiri a \u00e9t\u00e9 arr\u00eat\u00e9 par les agents et emmen\u00e9 dans un lieu non divulgu\u00e9.<\/p>\n\n\n\n<p>Il ne s&#8217;agit pas d&#8217;un incident isol\u00e9 de tirs aveugles et arbitraires de la part du CGRI et des forces de s\u00e9curit\u00e9 de l&#8217;\u00c9tat, qui ont entra\u00een\u00e9 la mort d&#8217;enfants et de civils innocents. En 2022, des incidents similaires ont entra\u00een\u00e9 la mort de <a href=\"https:\/\/wncri.org\/2022\/11\/19\/world-childrens-day-asra-panahi\/\" target=\"_blank\" rel=\"noreferrer noopener\">Kian Pirfalak<\/a>, 9 ans, <a href=\"https:\/\/wncri.org\/fr\/2022\/10\/25\/fille-baloutche\/\" target=\"_blank\" rel=\"noreferrer noopener\">Mona Naghib<\/a>, 8 ans, et <a href=\"https:\/\/wncri.org\/fr\/2022\/12\/26\/soha-etebari\/\" target=\"_blank\" rel=\"noreferrer noopener\">Soha Etebari<\/a>, 12 ans, lorsque des agents arm\u00e9s du r\u00e9gime ont tir\u00e9 sur des v\u00e9hicules civils.<\/p>\n\n\n\n<h2 class=\"wp-block-heading\"><strong>Fusillade \u00e0 Nour : Une femme oppos\u00e9e au hijab obligatoire est paralys\u00e9e<\/strong><\/h2>\n\n\n\n<p>Autre fait alarmant, une femme de 31 ans, Arezou Badri, qui ne respectait pas le hijab obligatoire, a \u00e9t\u00e9 paralys\u00e9e apr\u00e8s avoir \u00e9t\u00e9 bless\u00e9e par balle par la police. Arezou, m\u00e8re de deux enfants, originaire d&#8217;Ardabil et r\u00e9sidant \u00e0 Babolsar, dans la province de Mazandaran, se trouve actuellement dans l&#8217;unit\u00e9 de soins intensifs de l&#8217;h\u00f4pital Valiasr de T\u00e9h\u00e9ran, sous la stricte surveillance d&#8217;agents de s\u00e9curit\u00e9.<\/p>\n\n\n\n<p>Dans la nuit du lundi 22 juillet, Arezou Badri et son amie se rendaient de <a href=\"https:\/\/fr.wikipedia.org\/wiki\/Nour_(Iran)\" target=\"_blank\" rel=\"noreferrer noopener\">Nour<\/a> \u00e0 Babolsar lorsque la police leur a ordonn\u00e9 de s&#8217;arr\u00eater \u00e0 l&#8217;aide d&#8217;un haut-parleur.<\/p>\n\n\n\n<p>La voiture d&#8217;Arezou devait \u00eatre confisqu\u00e9e pour cause de non-respect du hijab. Elles ont ignor\u00e9 l&#8217;avertissement et ont poursuivi leur route, et la police \u00e0 tirer d&#8217;abord sur le pneu de la voiture, puis sur la porti\u00e8re. Une balle a atteint le dos d&#8217;Arezou, lui causant de graves blessures.<\/p>\n\n\n\n<p>Par la suite, la police a agress\u00e9 physiquement les 2 femmes pour les arr\u00eater. Constatant la gravit\u00e9 de l&#8217;\u00e9tat d&#8217;Arezou et l&#8217;abondance des saignements, les policiers ont appel\u00e9 une ambulance, pris de panique.<\/p>\n\n\n\n<p>Arezou Badri a d&#8217;abord \u00e9t\u00e9 transport\u00e9e \u00e0 l&#8217;h\u00f4pital de Nour, puis transf\u00e9r\u00e9e \u00e0 l&#8217;h\u00f4pital de Sari pour une op\u00e9ration du poumon. Son poumon est toujours infect\u00e9.<\/p>\n\n\n<div class=\"wp-block-image\">\n<figure class=\"aligncenter size-large\"><img decoding=\"async\" src=\"data:image\/gif;base64,R0lGODlhAQABAIAAAAAAAP\/\/\/yH5BAEAAAAALAAAAAABAAEAAAIBRAA7\" data-src=\"https:\/\/wncri.org\/fr\/wp-content\/uploads\/2024\/08\/Arezou-Badri-min-1024x512.jpg\" alt=\"Nazila Irandegani une femme enceinte et sa fille, et Arezou Badri, paralyse une m\u00e8re de deux enfants\" class=\"wp-image-20605 lazyload\"\/><noscript><img decoding=\"async\" width=\"1024\" height=\"512\" src=\"https:\/\/wncri.org\/fr\/wp-content\/uploads\/2024\/08\/Arezou-Badri-min-1024x512.jpg\" alt=\"Nazila Irandegani une femme enceinte et sa fille, et Arezou Badri, paralyse une m\u00e8re de deux enfants\" class=\"wp-image-20605 lazyload\" srcset=\"https:\/\/wncri.org\/fr\/wp-content\/uploads\/2024\/08\/Arezou-Badri-min-1024x512.jpg 1024w, https:\/\/wncri.org\/fr\/wp-content\/uploads\/2024\/08\/Arezou-Badri-min-300x150.jpg 300w, https:\/\/wncri.org\/fr\/wp-content\/uploads\/2024\/08\/Arezou-Badri-min-768x384.jpg 768w, https:\/\/wncri.org\/fr\/wp-content\/uploads\/2024\/08\/Arezou-Badri-min-360x180.jpg 360w, https:\/\/wncri.org\/fr\/wp-content\/uploads\/2024\/08\/Arezou-Badri-min-750x375.jpg 750w, https:\/\/wncri.org\/fr\/wp-content\/uploads\/2024\/08\/Arezou-Badri-min.jpg 1140w\" sizes=\"(max-width: 1024px) 100vw, 1024px\" \/><\/noscript><figcaption class=\"wp-element-caption\">Arezou Badri<\/figcaption><\/figure>\n<\/div>\n\n\n<p>Simultan\u00e9ment, de nombreuses forces de s\u00e9curit\u00e9 de T\u00e9h\u00e9ran ont \u00e9t\u00e9 d\u00e9ploy\u00e9es \u00e0 l&#8217;h\u00f4pital Khomeini de Sari pour emp\u00eacher la diffusion d&#8217;informations sur son \u00e9tat de sant\u00e9 et la prise d&#8217;images. Les autorit\u00e9s ont \u00e9galement confisqu\u00e9 les t\u00e9l\u00e9phones portables d&#8217;Arezou et de son amie et d\u00e9sactiv\u00e9 son compte Instagram pour emp\u00eacher toute couverture m\u00e9diatique.<\/p>\n\n\n\n<p>Au bout d&#8217;une semaine, elle a \u00e9t\u00e9 transf\u00e9r\u00e9e \u00e0 T\u00e9h\u00e9ran pour que la balle soit retir\u00e9e de son dos. Au bout de 10 jours, les chirurgiens ont r\u00e9ussi \u00e0 retirer la balle, mais ses poumons et sa moelle \u00e9pini\u00e8re ont \u00e9t\u00e9 gravement endommag\u00e9s, la laissant paralys\u00e9e \u00e0 partir de la taille. Les sp\u00e9cialistes ont d\u00e9clar\u00e9 que les chances qu&#8217;elle retrouve la capacit\u00e9 de marcher sont tr\u00e8s faibles.<\/p>\n\n\n\n<p>\u00c0 l&#8217;h\u00f4pital Valiasr, Arezou Badri est sous surveillance constante et sa famille n&#8217;est autoris\u00e9e \u00e0 lui rendre que de br\u00e8ves visites, au cours desquelles leurs t\u00e9l\u00e9phones portables sont confisqu\u00e9s afin d&#8217;emp\u00eacher toute prise de photos ou de vid\u00e9os.<\/p>\n\n\n\n<p>Aucune action en justice n&#8217;a \u00e9t\u00e9 engag\u00e9e contre l&#8217;officier qui a tir\u00e9.<\/p>\n\n\n\n<p>La situation d&#8217;Arezou Badri rappelle les mesures de s\u00e9curit\u00e9 intenses prises lors de l&#8217;hospitalisation d&#8217;<a href=\"https:\/\/wncri.org\/fr\/2023\/11\/01\/eprouvante-darmita-geravand\/\" target=\"_blank\" rel=\"noreferrer noopener\">Armita Geravand<\/a>, 17 ans.<\/p>\n\n\n\n<p>Ces incidents mettent en lumi\u00e8re les probl\u00e8mes persistants de violence et les tactiques muscl\u00e9es utilis\u00e9es par les forces de s\u00e9curit\u00e9 iraniennes contre les civils, y compris les femmes et les enfants, ce qui soul\u00e8ve de s\u00e9rieuses pr\u00e9occupations en mati\u00e8re de droits de l&#8217;homme.<\/p>\n\n\n\n<p>La commission des femmes du CNRI demande <a href=\"https:\/\/www.ohchr.org\/en\/special-procedures\/sr-violence-against-women\/reem-alsalem\" target=\"_blank\" rel=\"noreferrer noopener\">au rapporteur sp\u00e9cial des Nations unies sur la violence contre les femmes<\/a> et au <a href=\"https:\/\/wncri.org\/fr\/2024\/07\/27\/rapport-de-lonu-massacre-de-1988\/\" target=\"_blank\" rel=\"noreferrer noopener\">rapporteur sp\u00e9cial sur les droits de l&#8217;homme en Iran<\/a> d&#8217;enqu\u00eater sur ces incidents et de tenir le r\u00e9gime pour responsable de ses tirs violents et arbitraires sur des civils innocents, en particulier sous le pr\u00e9texte qu\u2019elles ont enfreint le hijab obligatoire.<\/p>\n","protected":false},"excerpt":{"rendered":"<p>Fusillade \u00e0 Khach : D\u00e9c\u00e8s d&#8217;une femme enceinte de 25 ans et de sa fille de 5 ans Dans la matin\u00e9e du mardi 6 ao\u00fbt 2024, des agents en civil des services des renseignements du CGRI \u00e0 Khach, dans la province du Sistan-et-Baloutchestan, ont ouvert le feu sur un v\u00e9hicule Peugeot 405 qui circulait sans [&hellip;]<\/p>\n","protected":false},"author":4,"featured_media":20604,"comment_status":"closed","ping_status":"closed","sticky":false,"template":"","format":"standard","meta":{"jnews-multi-image_gallery":[],"jnews_single_post":{"subtitle":"","format":"standard","video":"","gallery":"","source_name":"","source_url":"","via_name":"","via_url":"","override_template":"0","override":[{"template":"7","single_blog_custom":"","parallax":"1","fullscreen":"1","layout":"right-sidebar","sidebar":"default-sidebar","second_sidebar":"default-sidebar","sticky_sidebar":"1","share_position":"floatbottom","share_float_style":"share-normal","show_share_counter":"1","show_view_counter":"1","show_featured":"1","show_post_meta":"1","show_post_author":"0","show_post_author_image":"1","show_post_date":"1","post_date_format":"default","post_date_format_custom":"Y\/m\/d","show_post_category":"1","show_post_reading_time":"0","post_reading_time_wpm":"300","post_calculate_word_method":"str_word_count","show_zoom_button":"0","zoom_button_out_step":"2","zoom_button_in_step":"3","show_post_tag":"1","show_prev_next_post":"0","show_popup_post":"1","number_popup_post":"1","show_author_box":"0","show_post_related":"1","show_inline_post_related":"0"}],"override_image_size":"0","image_override":[{"single_post_thumbnail_size":"crop-500","single_post_gallery_size":"crop-500"}],"trending_post":"0","trending_post_position":"meta","trending_post_label":"Trending","sponsored_post":"0","sponsored_post_label":"Sponsored by","sponsored_post_name":"","sponsored_post_url":"","sponsored_post_logo_enable":"0","sponsored_post_logo":"","sponsored_post_desc":"","disable_ad":"0"},"jnews_primary_category":{"id":"","hide":""},"jnews_social_meta":{"fb_title":"","fb_description":"","fb_image":"","twitter_title":"","twitter_description":"","twitter_image":""},"jnews_override_counter":{"override_view_counter":"0","view_counter_number":"0","override_share_counter":"0","share_counter_number":"0","override_like_counter":"0","like_counter_number":"0","override_dislike_counter":"0","dislike_counter_number":"0"},"footnotes":""},"categories":[3],"tags":[376,375],"class_list":["post-20603","post","type-post","status-publish","format-standard","has-post-thumbnail","hentry","category-infos-des-femmes","tag-violence-contre-les-femmes","tag-voile-obligatoire"],"_links":{"self":[{"href":"https:\/\/wncri.org\/fr\/wp-json\/wp\/v2\/posts\/20603","targetHints":{"allow":["GET"]}}],"collection":[{"href":"https:\/\/wncri.org\/fr\/wp-json\/wp\/v2\/posts"}],"about":[{"href":"https:\/\/wncri.org\/fr\/wp-json\/wp\/v2\/types\/post"}],"author":[{"embeddable":true,"href":"https:\/\/wncri.org\/fr\/wp-json\/wp\/v2\/users\/4"}],"replies":[{"embeddable":true,"href":"https:\/\/wncri.org\/fr\/wp-json\/wp\/v2\/comments?post=20603"}],"version-history":[{"count":1,"href":"https:\/\/wncri.org\/fr\/wp-json\/wp\/v2\/posts\/20603\/revisions"}],"predecessor-version":[{"id":20606,"href":"https:\/\/wncri.org\/fr\/wp-json\/wp\/v2\/posts\/20603\/revisions\/20606"}],"wp:featuredmedia":[{"embeddable":true,"href":"https:\/\/wncri.org\/fr\/wp-json\/wp\/v2\/media\/20604"}],"wp:attachment":[{"href":"https:\/\/wncri.org\/fr\/wp-json\/wp\/v2\/media?parent=20603"}],"wp:term":[{"taxonomy":"category","embeddable":true,"href":"https:\/\/wncri.org\/fr\/wp-json\/wp\/v2\/categories?post=20603"},{"taxonomy":"post_tag","embeddable":true,"href":"https:\/\/wncri.org\/fr\/wp-json\/wp\/v2\/tags?post=20603"}],"curies":[{"name":"wp","href":"https:\/\/api.w.org\/{rel}","templated":true}]}}