{"id":20487,"date":"2024-07-20T23:15:03","date_gmt":"2024-07-20T21:15:03","guid":{"rendered":"https:\/\/wncri.org\/fr\/?p=20487"},"modified":"2024-07-20T23:15:15","modified_gmt":"2024-07-20T21:15:15","slug":"atefeh-rangriz-shahroud","status":"publish","type":"post","link":"https:\/\/wncri.org\/fr\/2024\/07\/20\/atefeh-rangriz-shahroud\/","title":{"rendered":"Atefeh Rangriz : elle purge sa peine \u00e0 la prison de Shahroud"},"content":{"rendered":"\n<h4 class=\"wp-block-heading\">Atefeh Rangriz, militante des droits des femmes et du travail, purge sa peine dans la prison de <a href=\"https:\/\/fr.wikipedia.org\/wiki\/Shahroud\" target=\"_blank\" rel=\"noreferrer noopener\">Shahroud<\/a>. Elle a d\u00e9j\u00e0 \u00e9t\u00e9 condamn\u00e9e par le tribunal r\u00e9volutionnaire de Shahroud \u00e0 plus de 3 ans et 3 mois de prison.<\/h4>\n\n\n\n<p>Affaire pr\u00e9c\u00e9dente<\/p>\n\n\n\n<p>Dans le cadre de sa pr\u00e9c\u00e9dente affaire, cette militante des droits des femmes et du travail a \u00e9t\u00e9 condamn\u00e9e par le tribunal r\u00e9volutionnaire de Shahroud \u00e0 2 ans, 7 mois et 16 jours de prison pour &#8220;collaboration et appartenance \u00e0 des groupes oppos\u00e9s au r\u00e9gime&#8221; et \u00e0 7 mois et 16 jours pour &#8220;propagande contre le r\u00e9gime&#8221;. Elle a \u00e9galement \u00e9t\u00e9 condamn\u00e9e \u00e0 une amende de 6 millions de tomans, une peine qui a \u00e9t\u00e9 modifi\u00e9e suite \u00e0 l&#8217;objection du procureur concernant la peine de prison mentionn\u00e9e.<\/p>\n\n\n\n<h3 class=\"wp-block-heading\"><strong>Arrestation et transfert en prison<\/strong><\/h3>\n\n\n\n<p>Le 29 juin 2024, Atefeh Rangriz a \u00e9t\u00e9 <a href=\"https:\/\/wncri.org\/fr\/2024\/07\/02\/atefeh-rangriz-nasrin-hasani\/\" target=\"_blank\" rel=\"noreferrer noopener\">arr\u00eat\u00e9e apr\u00e8s avoir assist\u00e9 \u00e0 une s\u00e9ance du tribunal<\/a> pour une autre affaire dans la premi\u00e8re branche du bureau du procureur public et r\u00e9volutionnaire de Damghan et a \u00e9t\u00e9 transf\u00e9r\u00e9e \u00e0 la prison de Shahroud. Elle avait r\u00e9cemment re\u00e7u une convocation pour se d\u00e9fendre contre des accusations de &#8220;formation d&#8217;un groupe dans l&#8217;intention de perturber la s\u00e9curit\u00e9 nationale&#8221;, de &#8220;propagande contre l&#8217;\u00c9tat&#8221; et de &#8220;diffusion de fausset\u00e9s dans le cyberespace dans l&#8217;intention de perturber l&#8217;opinion publique&#8221;.<\/p>\n\n\n\n<figure class=\"wp-block-image size-large\"><img decoding=\"async\" src=\"data:image\/gif;base64,R0lGODlhAQABAIAAAAAAAP\/\/\/yH5BAEAAAAALAAAAAABAAEAAAIBRAA7\" data-src=\"https:\/\/wncri.org\/fr\/wp-content\/uploads\/2024\/07\/Atefeh-Rangriz-2-min-1024x512.jpg\" alt=\"Atefeh Rangriz : elle purge sa peine \u00e0 la prison de Shahroud\" class=\"wp-image-20489 lazyload\"\/><noscript><img decoding=\"async\" width=\"1024\" height=\"512\" src=\"https:\/\/wncri.org\/fr\/wp-content\/uploads\/2024\/07\/Atefeh-Rangriz-2-min-1024x512.jpg\" alt=\"Atefeh Rangriz : elle purge sa peine \u00e0 la prison de Shahroud\" class=\"wp-image-20489 lazyload\" srcset=\"https:\/\/wncri.org\/fr\/wp-content\/uploads\/2024\/07\/Atefeh-Rangriz-2-min-1024x512.jpg 1024w, https:\/\/wncri.org\/fr\/wp-content\/uploads\/2024\/07\/Atefeh-Rangriz-2-min-300x150.jpg 300w, https:\/\/wncri.org\/fr\/wp-content\/uploads\/2024\/07\/Atefeh-Rangriz-2-min-768x384.jpg 768w, https:\/\/wncri.org\/fr\/wp-content\/uploads\/2024\/07\/Atefeh-Rangriz-2-min-360x180.jpg 360w, https:\/\/wncri.org\/fr\/wp-content\/uploads\/2024\/07\/Atefeh-Rangriz-2-min-750x375.jpg 750w, https:\/\/wncri.org\/fr\/wp-content\/uploads\/2024\/07\/Atefeh-Rangriz-2-min.jpg 1140w\" sizes=\"(max-width: 1024px) 100vw, 1024px\" \/><\/noscript><figcaption class=\"wp-element-caption\">Atefeh Rangriz\n<\/figcaption><\/figure>\n\n\n\n<h3 class=\"wp-block-heading\"><strong>Arrestation temporaire et transfert<\/strong><\/h3>\n\n\n\n<p>Le 10 septembre 2023, Atefeh Rangriz a \u00e9t\u00e9 arr\u00eat\u00e9e par les forces de s\u00e9curit\u00e9 \u00e0 Damghan et transf\u00e9r\u00e9e au centre de d\u00e9tention du d\u00e9partement des renseignements de Semnan. Apr\u00e8s avoir termin\u00e9 le processus d&#8217;interrogatoire, elle a \u00e9t\u00e9 transf\u00e9r\u00e9e \u00e0 la prison de Shahroud et a finalement \u00e9t\u00e9 lib\u00e9r\u00e9e sous caution de la prison de Shahroud le 21 octobre 2023.<\/p>\n\n\n\n<p>Atefeh Rangriz avait d\u00e9j\u00e0 \u00e9t\u00e9 <a href=\"https:\/\/wncri.org\/fr\/2019\/08\/31\/la-syndicaliste-atefeh-rangriz-condamnee-a-une-lourde-peine-et-au-fouet-en-iran\/\" target=\"_blank\" rel=\"noreferrer noopener\">arr\u00eat\u00e9e et condamn\u00e9e<\/a> pour ses activit\u00e9s.<\/p>\n","protected":false},"excerpt":{"rendered":"<p>Atefeh Rangriz, militante des droits des femmes et du travail, purge sa peine dans la prison de Shahroud. Elle a d\u00e9j\u00e0 \u00e9t\u00e9 condamn\u00e9e par le tribunal r\u00e9volutionnaire de Shahroud \u00e0 plus de 3 ans et 3 mois de prison. Affaire pr\u00e9c\u00e9dente Dans le cadre de sa pr\u00e9c\u00e9dente affaire, cette militante des droits des femmes et [&hellip;]<\/p>\n","protected":false},"author":4,"featured_media":20488,"comment_status":"closed","ping_status":"closed","sticky":false,"template":"","format":"standard","meta":{"jnews-multi-image_gallery":[],"jnews_single_post":{"subtitle":"","format":"standard","video":"","gallery":"","source_name":"","source_url":"","via_name":"","via_url":"","override_template":"0","override":[{"template":"7","single_blog_custom":"","parallax":"1","fullscreen":"1","layout":"right-sidebar","sidebar":"default-sidebar","second_sidebar":"default-sidebar","sticky_sidebar":"1","share_position":"floatbottom","share_float_style":"share-normal","show_share_counter":"1","show_view_counter":"1","show_featured":"1","show_post_meta":"1","show_post_author":"0","show_post_author_image":"1","show_post_date":"1","post_date_format":"default","post_date_format_custom":"Y\/m\/d","show_post_category":"1","show_post_reading_time":"0","post_reading_time_wpm":"300","post_calculate_word_method":"str_word_count","show_zoom_button":"0","zoom_button_out_step":"2","zoom_button_in_step":"3","show_post_tag":"1","show_prev_next_post":"0","show_popup_post":"1","number_popup_post":"1","show_author_box":"0","show_post_related":"1","show_inline_post_related":"0"}],"override_image_size":"0","image_override":[{"single_post_thumbnail_size":"crop-500","single_post_gallery_size":"crop-500"}],"trending_post":"0","trending_post_position":"meta","trending_post_label":"Trending","sponsored_post":"0","sponsored_post_label":"Sponsored by","sponsored_post_name":"","sponsored_post_url":"","sponsored_post_logo_enable":"0","sponsored_post_logo":"","sponsored_post_desc":"","disable_ad":"0"},"jnews_primary_category":{"id":"","hide":""},"jnews_social_meta":{"fb_title":"","fb_description":"","fb_image":"","twitter_title":"","twitter_description":"","twitter_image":""},"jnews_override_counter":{"override_view_counter":"0","view_counter_number":"0","override_share_counter":"0","share_counter_number":"0","override_like_counter":"0","like_counter_number":"0","override_dislike_counter":"0","dislike_counter_number":"0"},"footnotes":""},"categories":[3],"tags":[370],"class_list":["post-20487","post","type-post","status-publish","format-standard","has-post-thumbnail","hentry","category-infos-des-femmes","tag-prisonnieres"],"_links":{"self":[{"href":"https:\/\/wncri.org\/fr\/wp-json\/wp\/v2\/posts\/20487","targetHints":{"allow":["GET"]}}],"collection":[{"href":"https:\/\/wncri.org\/fr\/wp-json\/wp\/v2\/posts"}],"about":[{"href":"https:\/\/wncri.org\/fr\/wp-json\/wp\/v2\/types\/post"}],"author":[{"embeddable":true,"href":"https:\/\/wncri.org\/fr\/wp-json\/wp\/v2\/users\/4"}],"replies":[{"embeddable":true,"href":"https:\/\/wncri.org\/fr\/wp-json\/wp\/v2\/comments?post=20487"}],"version-history":[{"count":1,"href":"https:\/\/wncri.org\/fr\/wp-json\/wp\/v2\/posts\/20487\/revisions"}],"predecessor-version":[{"id":20490,"href":"https:\/\/wncri.org\/fr\/wp-json\/wp\/v2\/posts\/20487\/revisions\/20490"}],"wp:featuredmedia":[{"embeddable":true,"href":"https:\/\/wncri.org\/fr\/wp-json\/wp\/v2\/media\/20488"}],"wp:attachment":[{"href":"https:\/\/wncri.org\/fr\/wp-json\/wp\/v2\/media?parent=20487"}],"wp:term":[{"taxonomy":"category","embeddable":true,"href":"https:\/\/wncri.org\/fr\/wp-json\/wp\/v2\/categories?post=20487"},{"taxonomy":"post_tag","embeddable":true,"href":"https:\/\/wncri.org\/fr\/wp-json\/wp\/v2\/tags?post=20487"}],"curies":[{"name":"wp","href":"https:\/\/api.w.org\/{rel}","templated":true}]}}