{"id":20374,"date":"2024-06-28T11:36:04","date_gmt":"2024-06-28T09:36:04","guid":{"rendered":"https:\/\/wncri.org\/fr\/?p=20374"},"modified":"2024-06-28T11:38:17","modified_gmt":"2024-06-28T09:38:17","slug":"boycott-lelection-presidentielle","status":"publish","type":"post","link":"https:\/\/wncri.org\/fr\/2024\/06\/28\/boycott-lelection-presidentielle\/","title":{"rendered":"Les m\u00e8res endeuill\u00e9es du Kurdistan boycottent le simulacre d&#8217;\u00e9lection pr\u00e9sidentielle : Un puissant appel \u00e0 la justice et \u00e0 la responsabilit\u00e9"},"content":{"rendered":"\n<h4 class=\"wp-block-heading\">Dans une d\u00e9claration audacieuse et sinc\u00e8re, un groupe de m\u00e8res endeuill\u00e9es du Kurdistan a annonc\u00e9 publiquement son boycott du simulacre d&#8217;\u00e9lection pr\u00e9sidentielle en Iran. Ces m\u00e8res, connues pour leur <a href=\"https:\/\/www.maryam-rajavi.com\/fr\/discours-de-maryam-radjavi-presidente-elue-du-conseil-national-de-la-resistance-iranienne\/\" target=\"_blank\" rel=\"noreferrer noopener\">qu\u00eate incessante de justice<\/a>, ont accus\u00e9 les candidats du r\u00e9gime d&#8217;\u00eatre responsables et complices des crimes et assassinats perp\u00e9tr\u00e9s par le gouvernement.<\/h4>\n\n\n\n<h3 class=\"wp-block-heading\"><strong>Boycott des \u00e9lections pr\u00e9sidentielles fictives<\/strong><\/h3>\n\n\n\n<p>Les m\u00e8res ont d\u00e9clar\u00e9 leur d\u00e9cision de boycotter ce qu&#8217;elles d\u00e9crivent comme des &#8220;\u00e9lections pr\u00e9sidentielles th\u00e9\u00e2trales&#8221; en Iran. Elles consid\u00e8rent la participation \u00e0 ces \u00e9lections comme une trahison de leur qu\u00eate de justice.<\/p>\n\n\n\n<h3 class=\"wp-block-heading\"><strong>Condamnation du r\u00e9gime<\/strong><\/h3>\n\n\n\n<p>La d\u00e9claration condamne explicitement le r\u00e9gime iranien, le tenant pour responsable de l&#8217;ex\u00e9cution g\u00e9n\u00e9ralis\u00e9e et de l&#8217;abattage direct de jeunes hommes et femmes. Les m\u00e8res affirment que des milliers de familles ont \u00e9t\u00e9 endeuill\u00e9es par ces actions au cours des derni\u00e8res ann\u00e9es.<\/p>\n\n\n\n<h3 class=\"wp-block-heading\"><strong>Demande de justice<\/strong><\/h3>\n\n\n\n<p>Au c\u0153ur de leur d\u00e9claration se trouve la <a href=\"https:\/\/wncri.org\/fr\/2022\/04\/15\/droits-humains\/\" target=\"_blank\" rel=\"noreferrer noopener\">demande in\u00e9branlable de jugement et de condamnation<\/a> des responsables de la mort de leurs enfants. Les m\u00e8res s&#8217;engagent \u00e0 poursuivre leur combat pour la justice jusqu&#8217;\u00e0 ce que les coupables de ces crimes r\u00e9pondent de leurs actes.<\/p>\n\n\n\n<h3 class=\"wp-block-heading\"><strong>Rejet des candidats aux \u00e9lections<\/strong><\/h3>\n\n\n\n<p>Le groupe d\u00e9nonce les candidats du r\u00e9gime, les accusant d&#8217;\u00eatre complices des atrocit\u00e9s commises par le r\u00e9gime. Il reproche \u00e0 ces candidats de parler de libert\u00e9 et d&#8217;am\u00e9lioration de la situation actuelle alors qu&#8217;ils sont directement impliqu\u00e9s dans les crimes.<\/p>\n\n\n\n<h3 class=\"wp-block-heading\"><strong>Solidarit\u00e9 et pers\u00e9v\u00e9rance<\/strong><\/h3>\n\n\n\n<p>Soulignant leur d\u00e9termination, les m\u00e8res d\u00e9clarent qu&#8217;elles ne cesseront pas leur <a href=\"https:\/\/wncri.org\/fr\/2021\/05\/23\/meres-des-martyrs-de-novembre-2019\/\" target=\"_blank\" rel=\"noreferrer noopener\">qu\u00eate de justice<\/a> tant que leurs demandes n&#8217;auront pas \u00e9t\u00e9 satisfaites. Elles appellent \u00e9galement le peuple du Kurdistan et les Iraniens \u00e9pris de libert\u00e9 \u00e0 se joindre \u00e0 leur boycott des \u00e9lections.<\/p>\n\n\n\n<h3 class=\"wp-block-heading\"><strong>Soutien au mouvement en faveur de la justice<\/strong><\/h3>\n\n\n\n<p>La d\u00e9claration se termine par un soutien appuy\u00e9 au <a href=\"https:\/\/wncri.org\/fr\/2021\/08\/05\/le-massacre-de-1988-le-plus-grand-crime-contre-lhumanite-reste-impuni\/\" target=\"_blank\" rel=\"noreferrer noopener\">mouvement en faveur de la justice<\/a>, soulignant leur engagement collectif \u00e0 poursuivre leur lutte contre les injustices perp\u00e9tr\u00e9es par le r\u00e9gime.<\/p>\n\n\n\n<p>La d\u00e9claration sign\u00e9e par 24 familles de victimes qui ont perdu la vie aux mains du r\u00e9gime cl\u00e9rical est un rappel puissant de la <a href=\"https:\/\/wncri.org\/fr\/2024\/01\/06\/farzaneh-barzekar\/\" target=\"_blank\" rel=\"noreferrer noopener\">lutte actuelle pour la justice en Iran<\/a>. Les m\u00e8res endeuill\u00e9es du Kurdistan font partie des millions d&#8217;Iraniens qui ont boycott\u00e9 les \u00e9lections frauduleuses du r\u00e9gime et qui n&#8217;y participeront pas.<\/p>\n\n\n\n<h3 class=\"wp-block-heading\"><strong>Texte int\u00e9gral de la d\u00e9claration<\/strong><\/h3>\n\n\n\n<p><em>&#8220;Au peuple honorable du Kurdistan et au peuple iranien \u00e9pris de libert\u00e9,<\/em><\/p>\n\n\n\n<p><em>En tant que collectif de m\u00e8res endeuill\u00e9es et en qu\u00eate de justice, nous boycotterons les \u00e9lections pr\u00e9sidentielles th\u00e9\u00e2trales en Iran. Ces derni\u00e8res ann\u00e9es, le r\u00e9gime au pouvoir en Iran a endeuill\u00e9 des milliers de familles par des ex\u00e9cutions et des fusillades directes. Des milliers de nos jeunes fils et filles ont \u00e9t\u00e9 ex\u00e9cut\u00e9s et abattus dans les rues pour avoir protest\u00e9 contre l&#8217;in\u00e9galit\u00e9, le ch\u00f4mage, l&#8217;oppression et le manque de libert\u00e9. Pourtant, \u00e0 la veille de ce simulacre d&#8217;\u00e9lections, les candidats du r\u00e9gime, qui sont eux-m\u00eames responsables et partenaires de ces crimes, parlent de libert\u00e9 et d&#8217;am\u00e9lioration de la situation actuelle.<\/em><\/p>\n\n\n\n<p><em>En tant que m\u00e8res endeuill\u00e9es du Kurdistan, nous n&#8217;abandonnerons pas notre qu\u00eate de justice tant que nous n&#8217;aurons pas obtenu le droit de poursuivre et de punir les criminels qui ont injustement ex\u00e9cut\u00e9 et abattu nos enfants. Nous condamnons le r\u00e9gime au pouvoir en Iran dans son ensemble et nous ne participerons \u00e0 aucune \u00e9lection pr\u00e9tendument th\u00e9\u00e2trale.<\/em><\/p>\n\n\n\n<p><em>Longue vie au mouvement pour la justice,<\/em><\/p>\n\n\n\n<p><em>Les m\u00e8res endeuill\u00e9es du Kurdistan&#8221;<\/em><\/p>\n\n\n\n<p>1.\u00a0\u00a0\u00a0\u00a0\u00a0\u00a0\u00a0\u00a0\u00a0\u00a0\u00a0 <a href=\"https:\/\/wncri.org\/fr\/2024\/02\/04\/daya-sharifa-mere\/\" target=\"_blank\" rel=\"noreferrer noopener\">Dayeh Sharifa<\/a>, m\u00e8re du martyr Ramin Hossein Panahi<\/p>\n\n\n\n<p>2.&nbsp;&nbsp;&nbsp;&nbsp;&nbsp;&nbsp;&nbsp;&nbsp;&nbsp;&nbsp;&nbsp; Arezou Hosseini, m\u00e8re du martyr Hooman Abdollahi<\/p>\n\n\n\n<p>3.&nbsp;&nbsp;&nbsp;&nbsp;&nbsp;&nbsp;&nbsp;&nbsp;&nbsp;&nbsp;&nbsp; Dayeh Khadijeh Khajeh, m\u00e8re du martyr Hamed Seif Panahi<\/p>\n\n\n\n<p>4.&nbsp;&nbsp;&nbsp;&nbsp;&nbsp;&nbsp;&nbsp;&nbsp;&nbsp;&nbsp;&nbsp; Sahar Zandi, m\u00e8re du martyr Arian Khoshgavar<\/p>\n\n\n\n<p>5.&nbsp;&nbsp;&nbsp;&nbsp;&nbsp;&nbsp;&nbsp;&nbsp;&nbsp;&nbsp;&nbsp; Fanoos Sharifi, m\u00e8re du martyr Shaho Bahmani<\/p>\n\n\n\n<p>6.&nbsp;&nbsp;&nbsp;&nbsp;&nbsp;&nbsp;&nbsp;&nbsp;&nbsp;&nbsp;&nbsp; Kolthoom Shahvisi, m\u00e8re d&#8217;Aram Habibi<\/p>\n\n\n\n<p>7.&nbsp;&nbsp;&nbsp;&nbsp;&nbsp;&nbsp;&nbsp;&nbsp;&nbsp;&nbsp;&nbsp; Dayeh Kheraman, grand-m\u00e8re de Sarina Saedi<\/p>\n\n\n\n<p>8.&nbsp;&nbsp;&nbsp;&nbsp;&nbsp;&nbsp;&nbsp;&nbsp;&nbsp;&nbsp;&nbsp; Dayeh Sahebeh Vaisi, m\u00e8re du martyr Peyman Manbari<\/p>\n\n\n\n<p>9.&nbsp;&nbsp;&nbsp;&nbsp;&nbsp;&nbsp;&nbsp;&nbsp;&nbsp;&nbsp;&nbsp; Afsaneh Yousefi, m\u00e8re du martyr Pejman Fatehi<\/p>\n\n\n\n<p>10.&nbsp;&nbsp;&nbsp;&nbsp;&nbsp;&nbsp;&nbsp;&nbsp; Azimeh Hassan Zadeh, m\u00e8re du martyr Mohammad Hassan Zadeh<\/p>\n\n\n\n<p>11.&nbsp;&nbsp;&nbsp;&nbsp;&nbsp;&nbsp;&nbsp;&nbsp; Negar Rasouli, m\u00e8re du martyr Omid Hassani<\/p>\n\n\n\n<p>12.&nbsp;&nbsp;&nbsp;&nbsp;&nbsp;&nbsp;&nbsp;&nbsp; M\u00e8re du martyr Mohsen Niazi<\/p>\n\n\n\n<p>13.&nbsp;&nbsp;&nbsp;&nbsp;&nbsp;&nbsp;&nbsp;&nbsp; Fatemeh Hakimi, m\u00e8re du martyr Issa Biglari<\/p>\n\n\n\n<p>14.&nbsp;&nbsp;&nbsp;&nbsp;&nbsp;&nbsp;&nbsp;&nbsp; Nasrin Ahmadi, m\u00e8re du martyr Zaniar Allah Moradi<\/p>\n\n\n\n<p>15.&nbsp;&nbsp;&nbsp;&nbsp;&nbsp;&nbsp;&nbsp;&nbsp; Famille du martyr Hamid Goli<\/p>\n\n\n\n<p>16.&nbsp;&nbsp;&nbsp;&nbsp;&nbsp;&nbsp;&nbsp;&nbsp; Dayeh Maliheh Ebrahimi, m\u00e8re du martyr Saman Ebrahimi<\/p>\n\n\n\n<p>17.&nbsp;&nbsp;&nbsp;&nbsp;&nbsp;&nbsp;&nbsp;&nbsp; Dayeh Marzieh Sadeghi, m\u00e8re du martyr Hiwa Sadeghi<\/p>\n\n\n\n<p>18.&nbsp;&nbsp;&nbsp;&nbsp;&nbsp;&nbsp;&nbsp;&nbsp; Dayeh Afsaneh, m\u00e8re du martyr Ebrahim Lotfollahi<\/p>\n\n\n\n<p>19.&nbsp;&nbsp;&nbsp;&nbsp;&nbsp;&nbsp;&nbsp;&nbsp; Dayeh Narges, m\u00e8re du martyr Ali Heidarian<\/p>\n\n\n\n<p>20.&nbsp;&nbsp;&nbsp;&nbsp;&nbsp;&nbsp;&nbsp;&nbsp; Dayeh Saltaneh, m\u00e8re du martyr Farzad Kamangar<\/p>\n\n\n\n<p>21.&nbsp;&nbsp;&nbsp;&nbsp;&nbsp;&nbsp;&nbsp;&nbsp; Dayeh Marzieh Rezaei, m\u00e8re du martyr Mohsen Niazi<\/p>\n\n\n\n<p>22.&nbsp;&nbsp;&nbsp;&nbsp;&nbsp;&nbsp;&nbsp;&nbsp; Dayeh Naqshineh, m\u00e8re du martyr Shadman Ahmadi<\/p>\n\n\n\n<p>23.&nbsp;&nbsp;&nbsp;&nbsp;&nbsp;&nbsp;&nbsp;&nbsp; Dayeh Nazifeh, m\u00e8re du martyr Reza Lotfi<\/p>\n\n\n\n<p>24.&nbsp;&nbsp;&nbsp;&nbsp;&nbsp;&nbsp;&nbsp;&nbsp; Dayeh Iran, \u00e9pouse du martyr Habib Fatehi<\/p>\n","protected":false},"excerpt":{"rendered":"<p>Dans une d\u00e9claration audacieuse et sinc\u00e8re, un groupe de m\u00e8res endeuill\u00e9es du Kurdistan a annonc\u00e9 publiquement son boycott du simulacre d&#8217;\u00e9lection pr\u00e9sidentielle en Iran. Ces m\u00e8res, connues pour leur qu\u00eate incessante de justice, ont accus\u00e9 les candidats du r\u00e9gime d&#8217;\u00eatre responsables et complices des crimes et assassinats perp\u00e9tr\u00e9s par le gouvernement. Boycott des \u00e9lections pr\u00e9sidentielles [&hellip;]<\/p>\n","protected":false},"author":4,"featured_media":20375,"comment_status":"closed","ping_status":"closed","sticky":false,"template":"","format":"standard","meta":{"jnews-multi-image_gallery":[],"jnews_single_post":{"subtitle":"","format":"standard","video":"","gallery":"","source_name":"","source_url":"","via_name":"","via_url":"","override_template":"0","override":[{"template":"7","single_blog_custom":"","parallax":"1","fullscreen":"1","layout":"right-sidebar","sidebar":"default-sidebar","second_sidebar":"default-sidebar","sticky_sidebar":"1","share_position":"floatbottom","share_float_style":"share-normal","show_share_counter":"1","show_view_counter":"1","show_featured":"1","show_post_meta":"1","show_post_author":"0","show_post_author_image":"1","show_post_date":"1","post_date_format":"default","post_date_format_custom":"Y\/m\/d","show_post_category":"1","show_post_reading_time":"0","post_reading_time_wpm":"300","post_calculate_word_method":"str_word_count","show_zoom_button":"0","zoom_button_out_step":"2","zoom_button_in_step":"3","show_post_tag":"1","show_prev_next_post":"0","show_popup_post":"1","number_popup_post":"1","show_author_box":"0","show_post_related":"1","show_inline_post_related":"0"}],"override_image_size":"0","image_override":[{"single_post_thumbnail_size":"crop-500","single_post_gallery_size":"crop-500"}],"trending_post":"0","trending_post_position":"meta","trending_post_label":"Trending","sponsored_post":"0","sponsored_post_label":"Sponsored by","sponsored_post_name":"","sponsored_post_url":"","sponsored_post_logo_enable":"0","sponsored_post_logo":"","sponsored_post_desc":"","disable_ad":"0"},"jnews_primary_category":{"id":"","hide":""},"jnews_social_meta":{"fb_title":"","fb_description":"","fb_image":"","twitter_title":"","twitter_description":"","twitter_image":""},"jnews_override_counter":{"override_view_counter":"0","view_counter_number":"0","override_share_counter":"0","share_counter_number":"0","override_like_counter":"0","like_counter_number":"0","override_dislike_counter":"0","dislike_counter_number":"0"},"footnotes":""},"categories":[3],"tags":[369],"class_list":["post-20374","post","type-post","status-publish","format-standard","has-post-thumbnail","hentry","category-infos-des-femmes","tag-manifestations"],"_links":{"self":[{"href":"https:\/\/wncri.org\/fr\/wp-json\/wp\/v2\/posts\/20374","targetHints":{"allow":["GET"]}}],"collection":[{"href":"https:\/\/wncri.org\/fr\/wp-json\/wp\/v2\/posts"}],"about":[{"href":"https:\/\/wncri.org\/fr\/wp-json\/wp\/v2\/types\/post"}],"author":[{"embeddable":true,"href":"https:\/\/wncri.org\/fr\/wp-json\/wp\/v2\/users\/4"}],"replies":[{"embeddable":true,"href":"https:\/\/wncri.org\/fr\/wp-json\/wp\/v2\/comments?post=20374"}],"version-history":[{"count":1,"href":"https:\/\/wncri.org\/fr\/wp-json\/wp\/v2\/posts\/20374\/revisions"}],"predecessor-version":[{"id":20376,"href":"https:\/\/wncri.org\/fr\/wp-json\/wp\/v2\/posts\/20374\/revisions\/20376"}],"wp:featuredmedia":[{"embeddable":true,"href":"https:\/\/wncri.org\/fr\/wp-json\/wp\/v2\/media\/20375"}],"wp:attachment":[{"href":"https:\/\/wncri.org\/fr\/wp-json\/wp\/v2\/media?parent=20374"}],"wp:term":[{"taxonomy":"category","embeddable":true,"href":"https:\/\/wncri.org\/fr\/wp-json\/wp\/v2\/categories?post=20374"},{"taxonomy":"post_tag","embeddable":true,"href":"https:\/\/wncri.org\/fr\/wp-json\/wp\/v2\/tags?post=20374"}],"curies":[{"name":"wp","href":"https:\/\/api.w.org\/{rel}","templated":true}]}}