{"id":20290,"date":"2024-06-05T19:29:19","date_gmt":"2024-06-05T17:29:19","guid":{"rendered":"https:\/\/wncri.org\/fr\/?p=20290"},"modified":"2024-06-05T19:31:04","modified_gmt":"2024-06-05T17:31:04","slug":"qezel-hesar-agression-de-lepouse","status":"publish","type":"post","link":"https:\/\/wncri.org\/fr\/2024\/06\/05\/qezel-hesar-agression-de-lepouse\/","title":{"rendered":"Prison de Qezel Hesar : Agression flagrante de l&#8217;\u00e9pouse d&#8217;un prisonnier politique"},"content":{"rendered":"\n<h2 class=\"wp-block-heading\"><strong>La 13e semaine de gr\u00e8ve de la faim des prisonniers de Qezel Hesar et d&#8217;ailleurs<\/strong><\/h2>\n\n\n\n<p>Lors d&#8217;un incident choquant \u00e0 la prison de Qezel Hesar \u00e0 <a href=\"https:\/\/fr.wikipedia.org\/wiki\/Karadj\" target=\"_blank\" rel=\"noreferrer noopener\">Karadj<\/a>, des gardiennes ont humili\u00e9 et agress\u00e9 l&#8217;\u00e9pouse d&#8217;un prisonnier politique sous pr\u00e9texte d&#8217;une fouille corporelle. Cet incident met en lumi\u00e8re <a href=\"https:\/\/wncri.org\/fr\/2021\/12\/10\/les-conditions-des-femmes-prisons\/\" target=\"_blank\" rel=\"noreferrer noopener\">les abus et les mauvais traitements<\/a> inflig\u00e9s aux prisonniers politiques et \u00e0 leurs familles au sein de l&#8217;\u00e9tablissement.<\/p>\n\n\n\n<p>La brutalit\u00e9 de cet incident a \u00e9t\u00e9 telle que la victime a saign\u00e9 et subi un traumatisme psychologique. Les gardiennes impliqu\u00e9es, identifi\u00e9es comme Fatemeh Sadat Rasoul et Zahra Sadat Rasoul, sont des proches du chef de la s\u00e9curit\u00e9 de la prison, Sadat Rasoul.<\/p>\n\n\n\n<p>Cette agression a suscit\u00e9 l&#8217;indignation des d\u00e9tenus. Des informations provenant de l&#8217;int\u00e9rieur de la prison indiquent qu&#8217;en r\u00e9ponse, les gardiens dirig\u00e9s par Sadat Rasoul se sont pr\u00e9par\u00e9s \u00e0 attaquer les d\u00e9tenus de l&#8217;unit\u00e9 1, hall 7.<\/p>\n\n\n\n<p>Entre-temps, les prisonniers de Qezel Hesar et d&#8217;autres prisons, y compris le quartier des femmes d&#8217;Evin, ont poursuivi leur gr\u00e8ve de la faim aujourd&#8217;hui, mardi 4 juin 2024, pour la 13e semaine cons\u00e9cutive, en signe de protestation contre la <a href=\"https:\/\/wncri.org\/fr\/2024\/05\/03\/sorayya-mohammadi\/\" target=\"_blank\" rel=\"noreferrer noopener\">vague d&#8217;ex\u00e9cutions<\/a> qui a lieu dans cette prison et dans d&#8217;autres \u00e0 travers le pays.<\/p>\n\n\n\n<h3 class=\"wp-block-heading\"><strong>Qui est Sadat Rasoul ?<\/strong><\/h3>\n\n\n\n<p>Sadat Rasoul est le chef de la s\u00e9curit\u00e9 de la prison de Qezel Hesar depuis plus de neuf ans, utilisant sa position pour infliger des tortures physiques et psychologiques aux prisonniers et \u00e0 leurs familles. Outre Fatemeh et Zahra, un autre parent, Asadollah Sadat Rasoul, est impliqu\u00e9 dans le harc\u00e8lement des familles de prisonniers lors des visites.<\/p>\n\n\n\n<p>Sadat Rasoul est \u00e9galement impliqu\u00e9 dans l&#8217;orchestration de la contrebande de drogues dans la prison. Des rapports sugg\u00e8rent que plus de 90 % des drogues consomm\u00e9es dans la prison sont apport\u00e9es par son r\u00e9seau.<\/p>\n\n\n<div class=\"wp-block-image\">\n<figure class=\"aligncenter size-large\"><img decoding=\"async\" src=\"data:image\/gif;base64,R0lGODlhAQABAIAAAAAAAP\/\/\/yH5BAEAAAAALAAAAAABAAEAAAIBRAA7\" data-src=\"https:\/\/wncri.org\/fr\/wp-content\/uploads\/2024\/06\/Qezel-Hesar-Prison-2-min-1024x512.jpg\" alt=\"Prison de Qezel Hesar : Agression flagrante de l'\u00e9pouse d'un prisonnier politique\" class=\"wp-image-20291 lazyload\"\/><noscript><img decoding=\"async\" width=\"1024\" height=\"512\" src=\"https:\/\/wncri.org\/fr\/wp-content\/uploads\/2024\/06\/Qezel-Hesar-Prison-2-min-1024x512.jpg\" alt=\"Prison de Qezel Hesar : Agression flagrante de l'\u00e9pouse d'un prisonnier politique\" class=\"wp-image-20291 lazyload\" srcset=\"https:\/\/wncri.org\/fr\/wp-content\/uploads\/2024\/06\/Qezel-Hesar-Prison-2-min-1024x512.jpg 1024w, https:\/\/wncri.org\/fr\/wp-content\/uploads\/2024\/06\/Qezel-Hesar-Prison-2-min-300x150.jpg 300w, https:\/\/wncri.org\/fr\/wp-content\/uploads\/2024\/06\/Qezel-Hesar-Prison-2-min-768x384.jpg 768w, https:\/\/wncri.org\/fr\/wp-content\/uploads\/2024\/06\/Qezel-Hesar-Prison-2-min-360x180.jpg 360w, https:\/\/wncri.org\/fr\/wp-content\/uploads\/2024\/06\/Qezel-Hesar-Prison-2-min-750x375.jpg 750w, https:\/\/wncri.org\/fr\/wp-content\/uploads\/2024\/06\/Qezel-Hesar-Prison-2-min.jpg 1140w\" sizes=\"(max-width: 1024px) 100vw, 1024px\" \/><\/noscript><\/figure>\n<\/div>\n\n\n<h3 class=\"wp-block-heading\"><strong>Des prisonniers diffusent une vid\u00e9o sur les ex\u00e9cutions hebdomadaires \u00e0 Qezel Hesar<\/strong><\/h3>\n\n\n\n<p>Le mardi 28 mai 2024, des d\u00e9tenus de l&#8217;unit\u00e9 1, salle 7, ont diffus\u00e9 une vid\u00e9o r\u00e9v\u00e9lant que 10 \u00e0 20 prisonniers sont ex\u00e9cut\u00e9s chaque semaine \u00e0 la prison de Qezel Hesar. Ils ont exprim\u00e9 leur opposition aux mesures oppressives appliqu\u00e9es par la s\u00e9curit\u00e9 de la prison, soulignant les conditions s\u00e9v\u00e8res qu&#8217;ils endurent.<\/p>\n\n\n\n<p>Le mercredi 29 mai 2024, les gardiens se sont \u00e0 nouveau pr\u00e9par\u00e9s \u00e0 agresser des d\u00e9tenus dans l&#8217;unit\u00e9 1, hall 7. Les d\u00e9tenus continuent de signaler que les gardiens, sous la direction de Sadat Rasoul, sont \u00e9quip\u00e9s de gourdins et d&#8217;armes et se positionnent sur le toit de la prison en pr\u00e9vision d&#8217;une attaque.<\/p>\n\n\n\n<p>Toutes les formes de communication et de loisirs pour les d\u00e9tenus de l&#8217;unit\u00e9 1 ont \u00e9t\u00e9 suspendues.<\/p>\n\n\n\n<h3 class=\"wp-block-heading\"><strong>N\u00e9cessit\u00e9 d&#8217;une enqu\u00eate sur les abus commis \u00e0 Qezel Hesar<\/strong><\/h3>\n\n\n\n<p>Les abus actuels dans la prison de Qezel Hesar, en particulier sous la direction de Sadat Rasoul, repr\u00e9sentent de graves violations des droits de l&#8217;homme. Les mauvais traitements inflig\u00e9s aux prisonniers politiques et \u00e0 leurs familles, associ\u00e9s au trafic de drogue pr\u00e9sum\u00e9 facilit\u00e9 par les responsables de la prison, exigent une attention et une intervention imm\u00e9diates de la part des organisations de d\u00e9fense des droits de l&#8217;homme et des organismes internationaux.<\/p>\n","protected":false},"excerpt":{"rendered":"<p>La 13e semaine de gr\u00e8ve de la faim des prisonniers de Qezel Hesar et d&#8217;ailleurs Lors d&#8217;un incident choquant \u00e0 la prison de Qezel Hesar \u00e0 Karadj, des gardiennes ont humili\u00e9 et agress\u00e9 l&#8217;\u00e9pouse d&#8217;un prisonnier politique sous pr\u00e9texte d&#8217;une fouille corporelle. Cet incident met en lumi\u00e8re les abus et les mauvais traitements inflig\u00e9s aux [&hellip;]<\/p>\n","protected":false},"author":4,"featured_media":20292,"comment_status":"closed","ping_status":"closed","sticky":false,"template":"","format":"standard","meta":{"jnews-multi-image_gallery":[],"jnews_single_post":{"subtitle":"","format":"standard","video":"","gallery":"","source_name":"","source_url":"","via_name":"","via_url":"","override_template":"0","override":[{"template":"7","single_blog_custom":"","parallax":"1","fullscreen":"1","layout":"right-sidebar","sidebar":"default-sidebar","second_sidebar":"default-sidebar","sticky_sidebar":"1","share_position":"floatbottom","share_float_style":"share-normal","show_share_counter":"1","show_view_counter":"1","show_featured":"1","show_post_meta":"1","show_post_author":"0","show_post_author_image":"1","show_post_date":"1","post_date_format":"default","post_date_format_custom":"Y\/m\/d","show_post_category":"1","show_post_reading_time":"0","post_reading_time_wpm":"300","show_zoom_button":"0","zoom_button_out_step":"2","zoom_button_in_step":"3","show_post_tag":"1","show_prev_next_post":"0","show_popup_post":"1","number_popup_post":"1","show_author_box":"0","show_post_related":"1","show_inline_post_related":"0"}],"override_image_size":"0","image_override":[{"single_post_thumbnail_size":"crop-500","single_post_gallery_size":"crop-500"}],"trending_post":"0","trending_post_position":"meta","trending_post_label":"Trending","sponsored_post":"0","sponsored_post_label":"Sponsored by","sponsored_post_name":"","sponsored_post_url":"","sponsored_post_logo_enable":"0","sponsored_post_logo":"","sponsored_post_desc":"","disable_ad":"0"},"jnews_primary_category":{"id":"","hide":""},"jnews_social_meta":{"fb_title":"","fb_description":"","fb_image":"","twitter_title":"","twitter_description":"","twitter_image":""},"jnews_override_counter":{"override_view_counter":"0","view_counter_number":"0","override_share_counter":"0","share_counter_number":"0","override_like_counter":"0","like_counter_number":"0","override_dislike_counter":"0","dislike_counter_number":"0"},"footnotes":""},"categories":[3],"tags":[370,376],"class_list":["post-20290","post","type-post","status-publish","format-standard","has-post-thumbnail","hentry","category-infos-des-femmes","tag-prisonnieres","tag-violence-contre-les-femmes"],"_links":{"self":[{"href":"https:\/\/wncri.org\/fr\/wp-json\/wp\/v2\/posts\/20290","targetHints":{"allow":["GET"]}}],"collection":[{"href":"https:\/\/wncri.org\/fr\/wp-json\/wp\/v2\/posts"}],"about":[{"href":"https:\/\/wncri.org\/fr\/wp-json\/wp\/v2\/types\/post"}],"author":[{"embeddable":true,"href":"https:\/\/wncri.org\/fr\/wp-json\/wp\/v2\/users\/4"}],"replies":[{"embeddable":true,"href":"https:\/\/wncri.org\/fr\/wp-json\/wp\/v2\/comments?post=20290"}],"version-history":[{"count":1,"href":"https:\/\/wncri.org\/fr\/wp-json\/wp\/v2\/posts\/20290\/revisions"}],"predecessor-version":[{"id":20293,"href":"https:\/\/wncri.org\/fr\/wp-json\/wp\/v2\/posts\/20290\/revisions\/20293"}],"wp:featuredmedia":[{"embeddable":true,"href":"https:\/\/wncri.org\/fr\/wp-json\/wp\/v2\/media\/20292"}],"wp:attachment":[{"href":"https:\/\/wncri.org\/fr\/wp-json\/wp\/v2\/media?parent=20290"}],"wp:term":[{"taxonomy":"category","embeddable":true,"href":"https:\/\/wncri.org\/fr\/wp-json\/wp\/v2\/categories?post=20290"},{"taxonomy":"post_tag","embeddable":true,"href":"https:\/\/wncri.org\/fr\/wp-json\/wp\/v2\/tags?post=20290"}],"curies":[{"name":"wp","href":"https:\/\/api.w.org\/{rel}","templated":true}]}}