{"id":20140,"date":"2024-05-06T21:16:28","date_gmt":"2024-05-06T19:16:28","guid":{"rendered":"https:\/\/wncri.org\/fr\/?p=20140"},"modified":"2024-05-06T21:21:51","modified_gmt":"2024-05-06T19:21:51","slug":"cameras-de-videosurveillance","status":"publish","type":"post","link":"https:\/\/wncri.org\/fr\/2024\/05\/06\/cameras-de-videosurveillance\/","title":{"rendered":"La r\u00e9pression du hijab se poursuit, les forces de s\u00e9curit\u00e9 de l&#8217;\u00c9tat reliant toutes les cam\u00e9ras de vid\u00e9osurveillance"},"content":{"rendered":"\n<h2 class=\"wp-block-heading\">Le hijab reste un pr\u00e9texte pour contr\u00f4ler le r\u00e9gime, r\u00e9primer la dissidence et maintenir le pouvoir.<\/h2>\n\n\n\n<h4 class=\"wp-block-heading\">Un membre du parlement des mollahs a d\u00e9clar\u00e9 que toutes les cam\u00e9ras de vid\u00e9osurveillance des bureaux gouvernementaux et priv\u00e9s seraient reli\u00e9es aux forces de s\u00e9curit\u00e9 de l&#8217;\u00c9tat. Cette mesure vise \u00e0 faciliter l&#8217;identification minutieuse des femmes qui enl\u00e8vent leur hijab dans les espaces publics.<\/h4>\n\n\n\n<p>Amirhossein Bankipour, membre du parlement du r\u00e9gime, a fait cette annonce concernant le projet de loi sur le <a href=\"https:\/\/wncri.org\/fr\/2023\/12\/03\/le-hijab-et-la-chastete\/\" target=\"_blank\" rel=\"noreferrer noopener\">hijab et la chastet\u00e9<\/a>.<\/p>\n\n\n\n<p>Lors d&#8217;un discours couvert par les m\u00e9dias d&#8217;\u00c9tat, Amirhossein Bankipour a d\u00e9clar\u00e9 : &#8220;Notre solution culturelle dans ce projet de loi est \u00e0 long terme, tandis que nos solutions \u00e9conomiques servent de mesures auxiliaires \u00e0 moyen terme. Nous avons class\u00e9 les sanctions en cons\u00e9quence. Le niveau de sanction le plus bas consiste \u00e0 infliger une amende aux passants et aux personnes qui enl\u00e8vent leur hijab dans les espaces virtuels. Pour une premi\u00e8re infraction, une amende d&#8217;un million et demi de tomans avec sursis est impos\u00e9e. En cas de r\u00e9cidive film\u00e9e par les cam\u00e9ras, l&#8217;amende passe \u00e0 3 millions de tomans, en plus de l&#8217;amende initiale de 1,5 million, soit un total de 4,5 millions de tomans. Cette amende doit \u00eatre r\u00e9gl\u00e9e dans un d\u00e9lai de 3 semaines. Afin d&#8217;assurer une identification compl\u00e8te des individus, toutes les cam\u00e9ras de vid\u00e9osurveillance des magasins et des bureaux seront reli\u00e9es au SSF&#8221;. (Site Internet gouvernemental Entekhab.ir, 5 mai 2024)<\/p>\n\n\n\n<p>Il a ajout\u00e9 : &#8220;En vertu de la loi sur le hijab et la chastet\u00e9, nous avons stipul\u00e9 que toutes les institutions gouvernementales et priv\u00e9es doivent mettre leurs cam\u00e9ras de vid\u00e9osurveillance \u00e0 la disposition du SSF. Dans cette l\u00e9gislation, le minist\u00e8re de l&#8217;industrie, des mines et du commerce, le minist\u00e8re de l&#8217;\u00e9conomie et les municipalit\u00e9s assument la plus grande responsabilit\u00e9.<\/p>\n\n\n\n<p>Bankipour a soulign\u00e9 que &#8220;les patrouilles d&#8217;orientation et le plan Noor (lumi\u00e8re) continueront d&#8217;\u00eatre appliqu\u00e9s conform\u00e9ment \u00e0 la loi pr\u00e9c\u00e9dente. Lorsque le projet de loi sur le hijab et la chastet\u00e9 entrera en vigueur, le SSF disposera d&#8217;une autorit\u00e9 consid\u00e9rablement \u00e9largie.&#8221;<\/p>\n\n\n<div class=\"wp-block-image\">\n<figure class=\"aligncenter size-large\"><img decoding=\"async\" src=\"data:image\/gif;base64,R0lGODlhAQABAIAAAAAAAP\/\/\/yH5BAEAAAAALAAAAAABAAEAAAIBRAA7\" data-src=\"https:\/\/wncri.org\/fr\/wp-content\/uploads\/2024\/05\/Hijab-crackdown-CCTV-cameras-2-min-1024x512.jpg\" alt=\"cam\u00e9ras de vid\u00e9osurveillance\" class=\"wp-image-20141 lazyload\"\/><noscript><img decoding=\"async\" width=\"1024\" height=\"512\" src=\"https:\/\/wncri.org\/fr\/wp-content\/uploads\/2024\/05\/Hijab-crackdown-CCTV-cameras-2-min-1024x512.jpg\" alt=\"cam\u00e9ras de vid\u00e9osurveillance\" class=\"wp-image-20141 lazyload\" srcset=\"https:\/\/wncri.org\/fr\/wp-content\/uploads\/2024\/05\/Hijab-crackdown-CCTV-cameras-2-min-1024x512.jpg 1024w, https:\/\/wncri.org\/fr\/wp-content\/uploads\/2024\/05\/Hijab-crackdown-CCTV-cameras-2-min-300x150.jpg 300w, https:\/\/wncri.org\/fr\/wp-content\/uploads\/2024\/05\/Hijab-crackdown-CCTV-cameras-2-min-768x384.jpg 768w, https:\/\/wncri.org\/fr\/wp-content\/uploads\/2024\/05\/Hijab-crackdown-CCTV-cameras-2-min-360x180.jpg 360w, https:\/\/wncri.org\/fr\/wp-content\/uploads\/2024\/05\/Hijab-crackdown-CCTV-cameras-2-min-750x375.jpg 750w, https:\/\/wncri.org\/fr\/wp-content\/uploads\/2024\/05\/Hijab-crackdown-CCTV-cameras-2-min.jpg 1140w\" sizes=\"(max-width: 1024px) 100vw, 1024px\" \/><\/noscript><\/figure>\n<\/div>\n\n\n<p>Au cours de son intervention, M. Bankipour a explicitement d\u00e9clar\u00e9 que leur &#8220;<a href=\"https:\/\/twitter.com\/Maryam_Rajavi\/status\/1779219570990907894\" target=\"_blank\" rel=\"noreferrer noopener\">objectif ultime<\/a>&#8221; \u00e9tait de &#8220;garantir la s\u00e9curit\u00e9 des villes&#8221;.<\/p>\n\n\n\n<p>Il a d\u00e9clar\u00e9 : &#8220;Pour garantir la s\u00e9curit\u00e9 globale de nos villes, nous avons stipul\u00e9 dans cette loi que tous les syst\u00e8mes doivent fournir leurs cam\u00e9ras de t\u00e9l\u00e9vision en circuit ferm\u00e9 au SSF. Ainsi, tous les types de d\u00e9lits, qu&#8217;il s&#8217;agisse de vols ou d&#8217;autres probl\u00e8mes, peuvent \u00eatre surveill\u00e9s efficacement par le SSF. En outre, nous renfor\u00e7ons les capacit\u00e9s du SSF en l&#8217;\u00e9quipant de cam\u00e9ras suppl\u00e9mentaires&#8221;. (Khabaronline.ir, 5 mai 2024)<\/p>\n\n\n\n<p>Comme l&#8217;ann\u00e9e pr\u00e9c\u00e9dente, le r\u00e9gime cl\u00e9rical a <a href=\"https:\/\/wncri.org\/fr\/2024\/05\/02\/femmes-iraniennes-hijab\/\" target=\"_blank\" rel=\"noreferrer noopener\">\u00e9chou\u00e9 dans sa campagne brutale<\/a> visant \u00e0 imposer le hijab aux femmes et aux jeunes filles iraniennes. Le 23 avril, le commandement des forces de s\u00e9curit\u00e9 de l&#8217;\u00c9tat (SSF), la force de police oppressive du r\u00e9gime, avait d\u00e9j\u00e0 annonc\u00e9 que le &#8220;plan lumi\u00e8re&#8221; passerait \u00e0 des m\u00e9thodes bas\u00e9es sur l&#8217;intelligence artificielle.<\/p>\n\n\n\n<p>La Commission des femmes du CNRI condamne fermement les tentatives d\u00e9sesp\u00e9r\u00e9es du r\u00e9gime cl\u00e9rical de r\u00e9primer les femmes, sous pr\u00e9texte de lutter contre le port abusif du voile, dans le but de contrecarrer d&#8217;\u00e9ventuels soul\u00e8vements. Nous appelons les d\u00e9fenseurs des droits de l&#8217;homme et des droits des femmes \u00e0 d\u00e9noncer les atrocit\u00e9s commises par le r\u00e9gime cl\u00e9rical et \u00e0 plaider pour son exclusion de la communaut\u00e9 internationale.<\/p>\n","protected":false},"excerpt":{"rendered":"<p>Le hijab reste un pr\u00e9texte pour contr\u00f4ler le r\u00e9gime, r\u00e9primer la dissidence et maintenir le pouvoir. Un membre du parlement des mollahs a d\u00e9clar\u00e9 que toutes les cam\u00e9ras de vid\u00e9osurveillance des bureaux gouvernementaux et priv\u00e9s seraient reli\u00e9es aux forces de s\u00e9curit\u00e9 de l&#8217;\u00c9tat. Cette mesure vise \u00e0 faciliter l&#8217;identification minutieuse des femmes qui enl\u00e8vent leur [&hellip;]<\/p>\n","protected":false},"author":4,"featured_media":20142,"comment_status":"closed","ping_status":"closed","sticky":false,"template":"","format":"standard","meta":{"jnews-multi-image_gallery":[],"jnews_single_post":{"subtitle":"","format":"standard","video":"","gallery":"","source_name":"","source_url":"","via_name":"","via_url":"","override_template":"0","override":[{"template":"7","single_blog_custom":"","parallax":"1","fullscreen":"1","layout":"right-sidebar","sidebar":"default-sidebar","second_sidebar":"default-sidebar","sticky_sidebar":"1","share_position":"floatbottom","share_float_style":"share-normal","show_share_counter":"1","show_view_counter":"1","show_featured":"1","show_post_meta":"1","show_post_author":"0","show_post_author_image":"1","show_post_date":"1","post_date_format":"default","post_date_format_custom":"Y\/m\/d","show_post_category":"1","show_post_reading_time":"0","post_reading_time_wpm":"300","show_zoom_button":"0","zoom_button_out_step":"2","zoom_button_in_step":"3","show_post_tag":"1","show_prev_next_post":"0","show_popup_post":"1","number_popup_post":"1","show_author_box":"0","show_post_related":"1","show_inline_post_related":"0"}],"override_image_size":"0","image_override":[{"single_post_thumbnail_size":"crop-500","single_post_gallery_size":"crop-500"}],"trending_post":"0","trending_post_position":"meta","trending_post_label":"Trending","sponsored_post":"0","sponsored_post_label":"Sponsored by","sponsored_post_name":"","sponsored_post_url":"","sponsored_post_logo_enable":"0","sponsored_post_logo":"","sponsored_post_desc":"","disable_ad":"0"},"jnews_primary_category":{"id":"","hide":""},"jnews_social_meta":{"fb_title":"","fb_description":"","fb_image":"","twitter_title":"","twitter_description":"","twitter_image":""},"jnews_override_counter":{"override_view_counter":"0","view_counter_number":"0","override_share_counter":"0","share_counter_number":"0","override_like_counter":"0","like_counter_number":"0","override_dislike_counter":"0","dislike_counter_number":"0"},"footnotes":""},"categories":[3],"tags":[376,375],"class_list":["post-20140","post","type-post","status-publish","format-standard","has-post-thumbnail","hentry","category-infos-des-femmes","tag-violence-contre-les-femmes","tag-voile-obligatoire"],"_links":{"self":[{"href":"https:\/\/wncri.org\/fr\/wp-json\/wp\/v2\/posts\/20140","targetHints":{"allow":["GET"]}}],"collection":[{"href":"https:\/\/wncri.org\/fr\/wp-json\/wp\/v2\/posts"}],"about":[{"href":"https:\/\/wncri.org\/fr\/wp-json\/wp\/v2\/types\/post"}],"author":[{"embeddable":true,"href":"https:\/\/wncri.org\/fr\/wp-json\/wp\/v2\/users\/4"}],"replies":[{"embeddable":true,"href":"https:\/\/wncri.org\/fr\/wp-json\/wp\/v2\/comments?post=20140"}],"version-history":[{"count":1,"href":"https:\/\/wncri.org\/fr\/wp-json\/wp\/v2\/posts\/20140\/revisions"}],"predecessor-version":[{"id":20143,"href":"https:\/\/wncri.org\/fr\/wp-json\/wp\/v2\/posts\/20140\/revisions\/20143"}],"wp:featuredmedia":[{"embeddable":true,"href":"https:\/\/wncri.org\/fr\/wp-json\/wp\/v2\/media\/20142"}],"wp:attachment":[{"href":"https:\/\/wncri.org\/fr\/wp-json\/wp\/v2\/media?parent=20140"}],"wp:term":[{"taxonomy":"category","embeddable":true,"href":"https:\/\/wncri.org\/fr\/wp-json\/wp\/v2\/categories?post=20140"},{"taxonomy":"post_tag","embeddable":true,"href":"https:\/\/wncri.org\/fr\/wp-json\/wp\/v2\/tags?post=20140"}],"curies":[{"name":"wp","href":"https:\/\/api.w.org\/{rel}","templated":true}]}}