{"id":20110,"date":"2024-05-01T22:00:13","date_gmt":"2024-05-01T20:00:13","guid":{"rendered":"https:\/\/wncri.org\/fr\/?p=20110"},"modified":"2024-05-03T15:17:27","modified_gmt":"2024-05-03T13:17:27","slug":"la-prison-de-birjand","status":"publish","type":"post","link":"https:\/\/wncri.org\/fr\/2024\/05\/01\/la-prison-de-birjand\/","title":{"rendered":"Ex\u00e9cution d&#8217;une femme dans la prison de Birjand, dans l&#8217;est de l&#8217;Iran"},"content":{"rendered":"\n<h4 class=\"wp-block-heading\">Le matin du mardi 30 avril 2024, 4 prisonniers, dont une femme, ont \u00e9t\u00e9 ex\u00e9cut\u00e9s dans la prison de Birjand. L&#8217;identit\u00e9 de la femme ex\u00e9cut\u00e9e n&#8217;a pas \u00e9t\u00e9 d\u00e9termin\u00e9e.<\/h4>\n\n\n\n<p>Les 3 autres prisonniers \u00e9taient Mahmoud Gergij, Mohammad Shah Bakhsh et Mehdi Eshterak, originaires de la province du <a href=\"https:\/\/fr.wikipedia.org\/wiki\/Sistan-et-Baloutchistan\" target=\"_blank\" rel=\"noreferrer noopener\">Sistan et Baloutchistan<\/a>.<\/p>\n\n\n\n<p>Avec l&#8217;ex\u00e9cution de cette femme, le nombre de femmes ex\u00e9cut\u00e9es en Iran depuis le d\u00e9but de l&#8217;ann\u00e9e 2024 s&#8217;\u00e9l\u00e8ve \u00e0 5.<\/p>\n\n\n\n<p>Selon les <a href=\"https:\/\/wncri.org\/fr\/2023\/09\/07\/executions-de-femmes\/\" target=\"_blank\" rel=\"noreferrer noopener\">informations compil\u00e9es<\/a> par la Commission des femmes du Conseil national de la R\u00e9sistance iranienne, le nombre de femmes ex\u00e9cut\u00e9es en Iran depuis 2007 s&#8217;\u00e9l\u00e8ve \u00e0 234.<\/p>\n\n\n\n<h3 class=\"wp-block-heading\"><strong>Recordman des ex\u00e9cutions de femmes<\/strong><\/h3>\n\n\n\n<p>Le r\u00e9gime iranien est le premier d\u00e9tenteur du record mondial d&#8217;ex\u00e9cutions de femmes.<\/p>\n\n\n\n<p>Aucun gouvernement au monde n&#8217;a ex\u00e9cut\u00e9 autant de femmes. Cette liste ne tient pas compte des dizaines de milliers de femmes ex\u00e9cut\u00e9es en Iran pour des motifs politiques.<\/p>\n\n\n\n<p>La commission des femmes du CNRI a d\u00e9j\u00e0 mentionn\u00e9 que de nombreuses femmes ex\u00e9cut\u00e9es par le r\u00e9gime des mollahs \u00e9taient elles-m\u00eames victimes de violences domestiques \u00e0 l&#8217;encontre des femmes et avaient agi en \u00e9tat de l\u00e9gitime d\u00e9fense.<\/p>\n\n\n\n<p>En moyenne, 15 femmes ont \u00e9t\u00e9 ex\u00e9cut\u00e9es chaque ann\u00e9e sous l&#8217;ancien gouvernement iranien.<\/p>\n\n\n\n<p>Cependant, 26 femmes ont \u00e9t\u00e9 ex\u00e9cut\u00e9es sous le gouvernement Ra\u00efssi en 2023, soit <a href=\"https:\/\/wncri.org\/fr\/2023\/10\/09\/ebrahim-raissi-executions-en-iran\/\" target=\"_blank\" rel=\"noreferrer noopener\">11 de plus que la moyenne pr\u00e9c\u00e9dente<\/a>.<\/p>\n\n\n\n<p>La Commission des femmes du CNRI appelle les Nations unies, l&#8217;Union europ\u00e9enne et les autres organisations internationales concern\u00e9es \u00e0 prendre des mesures urgentes pour sauver la vie des condamn\u00e9s \u00e0 mort et mettre fin \u00e0 l&#8217;application de la peine de mort en Iran.<\/p>\n","protected":false},"excerpt":{"rendered":"<p>Le matin du mardi 30 avril 2024, 4 prisonniers, dont une femme, ont \u00e9t\u00e9 ex\u00e9cut\u00e9s dans la prison de Birjand. L&#8217;identit\u00e9 de la femme ex\u00e9cut\u00e9e n&#8217;a pas \u00e9t\u00e9 d\u00e9termin\u00e9e. Les 3 autres prisonniers \u00e9taient Mahmoud Gergij, Mohammad Shah Bakhsh et Mehdi Eshterak, originaires de la province du Sistan et Baloutchistan. Avec l&#8217;ex\u00e9cution de cette femme, [&hellip;]<\/p>\n","protected":false},"author":4,"featured_media":20083,"comment_status":"closed","ping_status":"closed","sticky":false,"template":"","format":"standard","meta":{"jnews-multi-image_gallery":[],"jnews_single_post":{"subtitle":"","format":"standard","video":"","gallery":"","source_name":"","source_url":"","via_name":"","via_url":"","override_template":"0","override":[{"template":"7","single_blog_custom":"","parallax":"1","fullscreen":"1","layout":"right-sidebar","sidebar":"default-sidebar","second_sidebar":"default-sidebar","sticky_sidebar":"1","share_position":"floatbottom","share_float_style":"share-normal","show_share_counter":"1","show_view_counter":"1","show_featured":"1","show_post_meta":"1","show_post_author":"0","show_post_author_image":"1","show_post_date":"1","post_date_format":"default","post_date_format_custom":"Y\/m\/d","show_post_category":"1","show_post_reading_time":"0","post_reading_time_wpm":"300","show_zoom_button":"0","zoom_button_out_step":"2","zoom_button_in_step":"3","show_post_tag":"1","show_prev_next_post":"0","show_popup_post":"1","number_popup_post":"1","show_author_box":"0","show_post_related":"1","show_inline_post_related":"0"}],"override_image_size":"0","image_override":[{"single_post_thumbnail_size":"crop-500","single_post_gallery_size":"crop-500"}],"trending_post":"0","trending_post_position":"meta","trending_post_label":"Trending","sponsored_post":"0","sponsored_post_label":"Sponsored by","sponsored_post_name":"","sponsored_post_url":"","sponsored_post_logo_enable":"0","sponsored_post_logo":"","sponsored_post_desc":"","disable_ad":"0"},"jnews_primary_category":{"id":"","hide":""},"jnews_social_meta":{"fb_title":"","fb_description":"","fb_image":"","twitter_title":"","twitter_description":"","twitter_image":""},"jnews_override_counter":{"override_view_counter":"0","view_counter_number":"0","override_share_counter":"0","share_counter_number":"0","override_like_counter":"0","like_counter_number":"0","override_dislike_counter":"0","dislike_counter_number":"0"},"footnotes":""},"categories":[3],"tags":[367,376],"class_list":["post-20110","post","type-post","status-publish","format-standard","has-post-thumbnail","hentry","category-infos-des-femmes","tag-execution","tag-violence-contre-les-femmes"],"_links":{"self":[{"href":"https:\/\/wncri.org\/fr\/wp-json\/wp\/v2\/posts\/20110","targetHints":{"allow":["GET"]}}],"collection":[{"href":"https:\/\/wncri.org\/fr\/wp-json\/wp\/v2\/posts"}],"about":[{"href":"https:\/\/wncri.org\/fr\/wp-json\/wp\/v2\/types\/post"}],"author":[{"embeddable":true,"href":"https:\/\/wncri.org\/fr\/wp-json\/wp\/v2\/users\/4"}],"replies":[{"embeddable":true,"href":"https:\/\/wncri.org\/fr\/wp-json\/wp\/v2\/comments?post=20110"}],"version-history":[{"count":3,"href":"https:\/\/wncri.org\/fr\/wp-json\/wp\/v2\/posts\/20110\/revisions"}],"predecessor-version":[{"id":20135,"href":"https:\/\/wncri.org\/fr\/wp-json\/wp\/v2\/posts\/20110\/revisions\/20135"}],"wp:featuredmedia":[{"embeddable":true,"href":"https:\/\/wncri.org\/fr\/wp-json\/wp\/v2\/media\/20083"}],"wp:attachment":[{"href":"https:\/\/wncri.org\/fr\/wp-json\/wp\/v2\/media?parent=20110"}],"wp:term":[{"taxonomy":"category","embeddable":true,"href":"https:\/\/wncri.org\/fr\/wp-json\/wp\/v2\/categories?post=20110"},{"taxonomy":"post_tag","embeddable":true,"href":"https:\/\/wncri.org\/fr\/wp-json\/wp\/v2\/tags?post=20110"}],"curies":[{"name":"wp","href":"https:\/\/api.w.org\/{rel}","templated":true}]}}