{"id":20108,"date":"2024-04-30T22:26:07","date_gmt":"2024-04-30T20:26:07","guid":{"rendered":"https:\/\/wncri.org\/fr\/?p=20108"},"modified":"2024-04-30T22:27:01","modified_gmt":"2024-04-30T20:27:01","slug":"pasdarans-nika-shakarami","status":"publish","type":"post","link":"https:\/\/wncri.org\/fr\/2024\/04\/30\/pasdarans-nika-shakarami\/","title":{"rendered":"Les pasdarans de Khamenei ont agress\u00e9 sexuellement et atrocement assassin\u00e9 Nika Shakarami, 16 ans, lors du soul\u00e8vement iranien de 2022"},"content":{"rendered":"\n<h2 class=\"wp-block-heading\">La commission des Femmes du CNRI condamne fermement ce crime contre l&#8217;humanit\u00e9, demande une enqu\u00eate internationale et la d\u00e9signation comme terroriste du Corps des gardiens de la r\u00e9volution du r\u00e9gime cl\u00e9rical<\/h2>\n\n\n\n<h4 class=\"wp-block-heading\">Selon des documents et des rapports de la <a href=\"https:\/\/www.bbc.com\/news\/world-middle-east-68840881\" target=\"_blank\" rel=\"noreferrer noopener\">BBC World Service<\/a>, quatre agents du Corps des gardiens de la r\u00e9volution de Khamenei (pasdarans) ont particip\u00e9 \u00e0 <a href=\"https:\/\/wncri.org\/fr\/2023\/08\/19\/nika-chakarami-2\/\" target=\"_blank\" rel=\"noreferrer noopener\">l&#8217;arrestation et \u00e0 l&#8217;agression sexuelle<\/a> de la jeune manifestante de 16 ans, Nika Shakarami. Son meurtre inhumain a eu lieu pendant le soul\u00e8vement iranien de 2022, ce qui constitue un crime contre l&#8217;humanit\u00e9.<\/h4>\n\n\n\n<p>Ces documents choquants r\u00e9v\u00e8lent l&#8217;implication de membres d&#8217;une unit\u00e9 secr\u00e8te de renseignement des pasdarans dans l&#8217;arrestation, le viol et le meurtre de Nika Shakarami. Par la suite, le r\u00e9gime criminel des mollahs a pr\u00e9tendu qu&#8217;elle s&#8217;\u00e9tait suicid\u00e9e.<\/p>\n\n\n\n<p>La commission des Femmes du Conseil national de la R\u00e9sistance iranienne condamne fermement ce crime atroce et inhumain. Il demande que des enqu\u00eates internationales soient men\u00e9es sur cette affaire et que le Corps des pasdarans du r\u00e9gime cl\u00e9rical soit rapidement d\u00e9sign\u00e9 comme terroriste.<\/p>\n\n\n\n<p>Le peuple iranien, en particulier les femmes, demande instamment au rapporteur sp\u00e9cial des Nations unies sur la situation des droits de l&#8217;homme en Iran, au rapporteur sp\u00e9cial de l\u2019ONU sur la violence \u00e0 l&#8217;\u00e9gard des femmes et \u00e0 la mission internationale ind\u00e9pendante d&#8217;\u00e9tablissement des faits de se pencher d&#8217;urgence sur cette affaire. Elles insistent sur la n\u00e9cessit\u00e9 de saisir la Cour p\u00e9nale internationale afin qu&#8217;elle \u00e9mette des mandats d&#8217;arr\u00eat \u00e0 l&#8217;encontre des responsables, des cerveaux et des auteurs de ce crime, et qu&#8217;elle veille \u00e0 ce que chacun d&#8217;entre eux soit traduit en justice.<\/p>\n\n\n\n<p class=\"has-text-align-center\"><strong>Commission des Femmes du Conseil national de la R\u00e9sistance iranienne<\/strong><\/p>\n\n\n\n<p class=\"has-text-align-center\"><strong>Le 30 avril 2024<\/strong><\/p>\n","protected":false},"excerpt":{"rendered":"<p>La commission des Femmes du CNRI condamne fermement ce crime contre l&#8217;humanit\u00e9, demande une enqu\u00eate internationale et la d\u00e9signation comme terroriste du Corps des gardiens de la r\u00e9volution du r\u00e9gime cl\u00e9rical Selon des documents et des rapports de la BBC World Service, quatre agents du Corps des gardiens de la r\u00e9volution de Khamenei (pasdarans) ont [&hellip;]<\/p>\n","protected":false},"author":4,"featured_media":11694,"comment_status":"closed","ping_status":"closed","sticky":false,"template":"","format":"standard","meta":{"jnews-multi-image_gallery":[],"jnews_single_post":{"subtitle":"","format":"standard","video":"","gallery":"","source_name":"","source_url":"","via_name":"","via_url":"","override_template":"0","override":[{"template":"7","single_blog_custom":"","parallax":"1","fullscreen":"1","layout":"right-sidebar","sidebar":"default-sidebar","second_sidebar":"default-sidebar","sticky_sidebar":"1","share_position":"floatbottom","share_float_style":"share-normal","show_share_counter":"1","show_view_counter":"1","show_featured":"1","show_post_meta":"1","show_post_author":"0","show_post_author_image":"1","show_post_date":"1","post_date_format":"default","post_date_format_custom":"Y\/m\/d","show_post_category":"1","show_post_reading_time":"0","post_reading_time_wpm":"300","show_zoom_button":"0","zoom_button_out_step":"2","zoom_button_in_step":"3","show_post_tag":"1","show_prev_next_post":"0","show_popup_post":"1","number_popup_post":"1","show_author_box":"0","show_post_related":"1","show_inline_post_related":"0"}],"override_image_size":"0","image_override":[{"single_post_thumbnail_size":"crop-500","single_post_gallery_size":"crop-500"}],"trending_post":"0","trending_post_position":"meta","trending_post_label":"Trending","sponsored_post":"0","sponsored_post_label":"Sponsored by","sponsored_post_name":"","sponsored_post_url":"","sponsored_post_logo_enable":"0","sponsored_post_logo":"","sponsored_post_desc":"","disable_ad":"0"},"jnews_primary_category":{"id":"","hide":""},"jnews_social_meta":{"fb_title":"","fb_description":"","fb_image":"","twitter_title":"","twitter_description":"","twitter_image":""},"jnews_override_counter":{"override_view_counter":"0","view_counter_number":"0","override_share_counter":"0","share_counter_number":"0","override_like_counter":"0","like_counter_number":"0","override_dislike_counter":"0","dislike_counter_number":"0"},"footnotes":""},"categories":[5,3],"tags":[366,369,376],"class_list":["post-20108","post","type-post","status-publish","format-standard","has-post-thumbnail","hentry","category-communiques","category-infos-des-femmes","tag-la-petite-fille","tag-manifestations","tag-violence-contre-les-femmes"],"_links":{"self":[{"href":"https:\/\/wncri.org\/fr\/wp-json\/wp\/v2\/posts\/20108","targetHints":{"allow":["GET"]}}],"collection":[{"href":"https:\/\/wncri.org\/fr\/wp-json\/wp\/v2\/posts"}],"about":[{"href":"https:\/\/wncri.org\/fr\/wp-json\/wp\/v2\/types\/post"}],"author":[{"embeddable":true,"href":"https:\/\/wncri.org\/fr\/wp-json\/wp\/v2\/users\/4"}],"replies":[{"embeddable":true,"href":"https:\/\/wncri.org\/fr\/wp-json\/wp\/v2\/comments?post=20108"}],"version-history":[{"count":1,"href":"https:\/\/wncri.org\/fr\/wp-json\/wp\/v2\/posts\/20108\/revisions"}],"predecessor-version":[{"id":20109,"href":"https:\/\/wncri.org\/fr\/wp-json\/wp\/v2\/posts\/20108\/revisions\/20109"}],"wp:featuredmedia":[{"embeddable":true,"href":"https:\/\/wncri.org\/fr\/wp-json\/wp\/v2\/media\/11694"}],"wp:attachment":[{"href":"https:\/\/wncri.org\/fr\/wp-json\/wp\/v2\/media?parent=20108"}],"wp:term":[{"taxonomy":"category","embeddable":true,"href":"https:\/\/wncri.org\/fr\/wp-json\/wp\/v2\/categories?post=20108"},{"taxonomy":"post_tag","embeddable":true,"href":"https:\/\/wncri.org\/fr\/wp-json\/wp\/v2\/tags?post=20108"}],"curies":[{"name":"wp","href":"https:\/\/api.w.org\/{rel}","templated":true}]}}