{"id":20099,"date":"2024-04-29T18:44:13","date_gmt":"2024-04-29T16:44:13","guid":{"rendered":"https:\/\/wncri.org\/fr\/?p=20099"},"modified":"2024-04-30T18:47:36","modified_gmt":"2024-04-30T16:47:36","slug":"retraite-forcee-zahra-sayyad-delshadpour","status":"publish","type":"post","link":"https:\/\/wncri.org\/fr\/2024\/04\/29\/retraite-forcee-zahra-sayyad-delshadpour\/","title":{"rendered":"Une enseignante condamn\u00e9e \u00e0 la retraite forc\u00e9e pour avoir particip\u00e9 \u00e0 des manifestations"},"content":{"rendered":"\n<h4 class=\"wp-block-heading\">Le r\u00e9gime iranien a condamn\u00e9 une enseignante, Zahra Sayyad Delshadpour, \u00e0 une retraite forc\u00e9e pour avoir particip\u00e9 \u00e0 des manifestations r\u00e9clamant les droits des enseignants en mati\u00e8re d&#8217;emploi.<\/h4>\n\n\n\n<p>La commission d&#8217;appel pour les violations administratives des employ\u00e9s du d\u00e9partement de l&#8217;\u00e9ducation de Gilan, dans le nord de l&#8217;Iran, a condamn\u00e9 Zahra Sayyad Delshadpour, enseignante dans un lyc\u00e9e de <a href=\"https:\/\/fr.wikipedia.org\/wiki\/Bandar-e_Anzali\" target=\"_blank\" rel=\"noreferrer noopener\">Bandar Anzali<\/a>, \u00e0 la retraite obligatoire, entre autres, pour avoir &#8220;particip\u00e9 \u00e0 des rassemblements et \u00e0 des sit-in&#8221;.<\/p>\n\n\n\n<p>Selon la d\u00e9cision rendue en f\u00e9vrier 2024 et r\u00e9cemment confirm\u00e9e, Mme Delshadpour a \u00e9t\u00e9 accus\u00e9e d&#8217;avoir &#8220;particip\u00e9 \u00e0 des rassemblements et \u00e0 des sit-in, d&#8217;avoir encourag\u00e9 les \u00e9tudiants \u00e0 faire gr\u00e8ve et d&#8217;avoir utilis\u00e9 des chants contraires aux normes&#8221; sur la base d&#8217;une &#8220;enqu\u00eate men\u00e9e sur le terrain par les autorit\u00e9s administratives et de s\u00e9curit\u00e9&#8221;.<\/p>\n\n\n\n<p>Le verdict stipule que la condamnation de Zahra Sayyad Delshadpour pour mise \u00e0 la retraite forc\u00e9e est d\u00e9finitive, mais qu&#8217;elle peut d\u00e9poser une plainte aupr\u00e8s de la Cour administrative de justice dans un d\u00e9lai maximum de trois mois \u00e0 compter de la notification de la condamnation.<\/p>\n\n\n\n<p>Mme Delshadpour a \u00e9t\u00e9 condamn\u00e9e \u00e0 la retraite forc\u00e9e une premi\u00e8re fois en juin 2023 par la commission susmentionn\u00e9e, et gr\u00e2ce \u00e0 sa protestation, la sentence a \u00e9t\u00e9 annul\u00e9e par la Cour de justice administrative et renvoy\u00e9e une nouvelle fois devant la commission d&#8217;appel.<\/p>\n\n\n<div class=\"wp-block-image\">\n<figure class=\"aligncenter size-large\"><img decoding=\"async\" src=\"data:image\/gif;base64,R0lGODlhAQABAIAAAAAAAP\/\/\/yH5BAEAAAAALAAAAAABAAEAAAIBRAA7\" data-src=\"https:\/\/wncri.org\/fr\/wp-content\/uploads\/2024\/04\/Zahra-Sayyad-Delshadpour-2-min-1024x512.jpg\" alt=\"Le r\u00e9gime iranien a condamn\u00e9 une enseignante, Zahra Sayyad Delshadpour, \u00e0 une retraite forc\u00e9e pour avoir particip\u00e9 \u00e0 des manifestations\" class=\"wp-image-20100 lazyload\"\/><noscript><img decoding=\"async\" width=\"1024\" height=\"512\" src=\"https:\/\/wncri.org\/fr\/wp-content\/uploads\/2024\/04\/Zahra-Sayyad-Delshadpour-2-min-1024x512.jpg\" alt=\"Le r\u00e9gime iranien a condamn\u00e9 une enseignante, Zahra Sayyad Delshadpour, \u00e0 une retraite forc\u00e9e pour avoir particip\u00e9 \u00e0 des manifestations\" class=\"wp-image-20100 lazyload\" srcset=\"https:\/\/wncri.org\/fr\/wp-content\/uploads\/2024\/04\/Zahra-Sayyad-Delshadpour-2-min-1024x512.jpg 1024w, https:\/\/wncri.org\/fr\/wp-content\/uploads\/2024\/04\/Zahra-Sayyad-Delshadpour-2-min-300x150.jpg 300w, https:\/\/wncri.org\/fr\/wp-content\/uploads\/2024\/04\/Zahra-Sayyad-Delshadpour-2-min-768x384.jpg 768w, https:\/\/wncri.org\/fr\/wp-content\/uploads\/2024\/04\/Zahra-Sayyad-Delshadpour-2-min-360x180.jpg 360w, https:\/\/wncri.org\/fr\/wp-content\/uploads\/2024\/04\/Zahra-Sayyad-Delshadpour-2-min-750x375.jpg 750w, https:\/\/wncri.org\/fr\/wp-content\/uploads\/2024\/04\/Zahra-Sayyad-Delshadpour-2-min.jpg 1140w\" sizes=\"(max-width: 1024px) 100vw, 1024px\" \/><\/noscript><\/figure>\n<\/div>\n\n\n<p>Le r\u00e9gime condamne les enseignants \u00e0 la retraite forc\u00e9e alors que le minist\u00e8re de l&#8217;\u00e9ducation manque d&#8217;au moins <a href=\"https:\/\/wncri.org\/fr\/2023\/06\/16\/pauvrete-des-enseignants\/\" target=\"_blank\" rel=\"noreferrer noopener\">300 000 enseignants<\/a>. Pour \u00e9viter de payer les salaires des enseignants, le minist\u00e8re de l&#8217;\u00e9ducation refuse d&#8217;embaucher officiellement des milliers d&#8217;enseignants qualifi\u00e9s, les rempla\u00e7ant par des enseignants qui sont pr\u00eats \u00e0 travailler avec des contrats temporaires qui violent les droits des enseignants en mati\u00e8re d&#8217;emploi.<\/p>\n\n\n\n<p>En m\u00eame temps, les salaires des enseignants officiels, non officiels et temporaires ne sont pas pay\u00e9s chaque mois, ce qui les oblige \u00e0 vivre des mois sans salaire. Au cours des derni\u00e8res ann\u00e9es, les enseignants ont particip\u00e9 \u00e0 de nombreuses m<a href=\"https:\/\/wncri.org\/fr\/2024\/01\/17\/les-enseignants-remplacants\/\" target=\"_blank\" rel=\"noreferrer noopener\">anifestations et sit-in<\/a> pour revendiquer leurs droits.<\/p>\n","protected":false},"excerpt":{"rendered":"<p>Le r\u00e9gime iranien a condamn\u00e9 une enseignante, Zahra Sayyad Delshadpour, \u00e0 une retraite forc\u00e9e pour avoir particip\u00e9 \u00e0 des manifestations r\u00e9clamant les droits des enseignants en mati\u00e8re d&#8217;emploi. La commission d&#8217;appel pour les violations administratives des employ\u00e9s du d\u00e9partement de l&#8217;\u00e9ducation de Gilan, dans le nord de l&#8217;Iran, a condamn\u00e9 Zahra Sayyad Delshadpour, enseignante dans [&hellip;]<\/p>\n","protected":false},"author":4,"featured_media":20101,"comment_status":"closed","ping_status":"closed","sticky":false,"template":"","format":"standard","meta":{"jnews-multi-image_gallery":[],"jnews_single_post":{"subtitle":"","format":"standard","video":"","gallery":"","source_name":"","source_url":"","via_name":"","via_url":"","override_template":"0","override":[{"template":"7","single_blog_custom":"","parallax":"1","fullscreen":"1","layout":"right-sidebar","sidebar":"default-sidebar","second_sidebar":"default-sidebar","sticky_sidebar":"1","share_position":"floatbottom","share_float_style":"share-normal","show_share_counter":"1","show_view_counter":"1","show_featured":"1","show_post_meta":"1","show_post_author":"0","show_post_author_image":"1","show_post_date":"1","post_date_format":"default","post_date_format_custom":"Y\/m\/d","show_post_category":"1","show_post_reading_time":"0","post_reading_time_wpm":"300","show_zoom_button":"0","zoom_button_out_step":"2","zoom_button_in_step":"3","show_post_tag":"1","show_prev_next_post":"0","show_popup_post":"1","number_popup_post":"1","show_author_box":"0","show_post_related":"1","show_inline_post_related":"0"}],"override_image_size":"0","image_override":[{"single_post_thumbnail_size":"crop-500","single_post_gallery_size":"crop-500"}],"trending_post":"0","trending_post_position":"meta","trending_post_label":"Trending","sponsored_post":"0","sponsored_post_label":"Sponsored by","sponsored_post_name":"","sponsored_post_url":"","sponsored_post_logo_enable":"0","sponsored_post_logo":"","sponsored_post_desc":"","disable_ad":"0"},"jnews_primary_category":{"id":"","hide":""},"jnews_social_meta":{"fb_title":"","fb_description":"","fb_image":"","twitter_title":"","twitter_description":"","twitter_image":""},"jnews_override_counter":{"override_view_counter":"0","view_counter_number":"0","override_share_counter":"0","share_counter_number":"0","override_like_counter":"0","like_counter_number":"0","override_dislike_counter":"0","dislike_counter_number":"0"},"footnotes":""},"categories":[3],"tags":[379],"class_list":["post-20099","post","type-post","status-publish","format-standard","has-post-thumbnail","hentry","category-infos-des-femmes","tag-enseignantes"],"_links":{"self":[{"href":"https:\/\/wncri.org\/fr\/wp-json\/wp\/v2\/posts\/20099","targetHints":{"allow":["GET"]}}],"collection":[{"href":"https:\/\/wncri.org\/fr\/wp-json\/wp\/v2\/posts"}],"about":[{"href":"https:\/\/wncri.org\/fr\/wp-json\/wp\/v2\/types\/post"}],"author":[{"embeddable":true,"href":"https:\/\/wncri.org\/fr\/wp-json\/wp\/v2\/users\/4"}],"replies":[{"embeddable":true,"href":"https:\/\/wncri.org\/fr\/wp-json\/wp\/v2\/comments?post=20099"}],"version-history":[{"count":1,"href":"https:\/\/wncri.org\/fr\/wp-json\/wp\/v2\/posts\/20099\/revisions"}],"predecessor-version":[{"id":20102,"href":"https:\/\/wncri.org\/fr\/wp-json\/wp\/v2\/posts\/20099\/revisions\/20102"}],"wp:featuredmedia":[{"embeddable":true,"href":"https:\/\/wncri.org\/fr\/wp-json\/wp\/v2\/media\/20101"}],"wp:attachment":[{"href":"https:\/\/wncri.org\/fr\/wp-json\/wp\/v2\/media?parent=20099"}],"wp:term":[{"taxonomy":"category","embeddable":true,"href":"https:\/\/wncri.org\/fr\/wp-json\/wp\/v2\/categories?post=20099"},{"taxonomy":"post_tag","embeddable":true,"href":"https:\/\/wncri.org\/fr\/wp-json\/wp\/v2\/tags?post=20099"}],"curies":[{"name":"wp","href":"https:\/\/api.w.org\/{rel}","templated":true}]}}