{"id":20055,"date":"2024-04-19T22:18:44","date_gmt":"2024-04-19T20:18:44","guid":{"rendered":"https:\/\/wncri.org\/fr\/?p=20055"},"modified":"2024-04-19T22:27:31","modified_gmt":"2024-04-19T20:27:31","slug":"aida-shakarami","status":"publish","type":"post","link":"https:\/\/wncri.org\/fr\/2024\/04\/19\/aida-shakarami\/","title":{"rendered":"Aida Shakarami, s\u0153ur d&#8217;une manifestante tu\u00e9e, arr\u00eat\u00e9e pour avoir enfreint le hijab obligatoire"},"content":{"rendered":"\n<p>Selon les m\u00e9dias sociaux, Aida Shakarami a \u00e9t\u00e9 arr\u00eat\u00e9e hier, le 17 avril 2024, par la police de s\u00e9curit\u00e9 morale \u00e0 <a href=\"https:\/\/fr.wikipedia.org\/wiki\/T%C3%A9h%C3%A9ran\" target=\"_blank\" rel=\"noreferrer noopener\">T\u00e9h\u00e9ran<\/a> pour avoir enfreint le code du hijab obligatoire.<\/p>\n\n\n\n<p>Aida Shakarami est la s\u0153ur de <a href=\"https:\/\/wncri.org\/fr\/2023\/08\/19\/nika-chakarami-2\/\" target=\"_blank\" rel=\"noreferrer noopener\">Nika Shakarami<\/a>, \u00e2g\u00e9e de 16 ans, qui a \u00e9t\u00e9 tu\u00e9e en septembre 2022 lors du <a href=\"https:\/\/wncri.org\/fr\/2023\/10\/10\/les-filles-iraniennes\/\" target=\"_blank\" rel=\"noreferrer noopener\">soul\u00e8vement national<\/a> contre le r\u00e9gime cl\u00e9rical. Son corps <a href=\"https:\/\/wncri.org\/fr\/2022\/10\/05\/nika-chakarami\/\" target=\"_blank\" rel=\"noreferrer noopener\">sauvagement tortur\u00e9<\/a> a \u00e9t\u00e9 retrouv\u00e9 9 jours plus tard.<\/p>\n\n\n<div class=\"wp-block-image\">\n<figure class=\"aligncenter size-large\"><img decoding=\"async\" src=\"data:image\/gif;base64,R0lGODlhAQABAIAAAAAAAP\/\/\/yH5BAEAAAAALAAAAAABAAEAAAIBRAA7\" data-src=\"https:\/\/wncri.org\/fr\/wp-content\/uploads\/2024\/04\/Aida-Shakarami-min-1024x512.jpg\" alt=\"Aida Shakarami, s\u0153ur d'une manifestante tu\u00e9e, arr\u00eat\u00e9e pour avoir enfreint le hijab obligatoire\" class=\"wp-image-20056 lazyload\"\/><noscript><img decoding=\"async\" width=\"1024\" height=\"512\" src=\"https:\/\/wncri.org\/fr\/wp-content\/uploads\/2024\/04\/Aida-Shakarami-min-1024x512.jpg\" alt=\"Aida Shakarami, s\u0153ur d'une manifestante tu\u00e9e, arr\u00eat\u00e9e pour avoir enfreint le hijab obligatoire\" class=\"wp-image-20056 lazyload\" srcset=\"https:\/\/wncri.org\/fr\/wp-content\/uploads\/2024\/04\/Aida-Shakarami-min-1024x512.jpg 1024w, https:\/\/wncri.org\/fr\/wp-content\/uploads\/2024\/04\/Aida-Shakarami-min-300x150.jpg 300w, https:\/\/wncri.org\/fr\/wp-content\/uploads\/2024\/04\/Aida-Shakarami-min-768x384.jpg 768w, https:\/\/wncri.org\/fr\/wp-content\/uploads\/2024\/04\/Aida-Shakarami-min-360x180.jpg 360w, https:\/\/wncri.org\/fr\/wp-content\/uploads\/2024\/04\/Aida-Shakarami-min-750x375.jpg 750w, https:\/\/wncri.org\/fr\/wp-content\/uploads\/2024\/04\/Aida-Shakarami-min.jpg 1140w\" sizes=\"(max-width: 1024px) 100vw, 1024px\" \/><\/noscript><figcaption class=\"wp-element-caption\">Aida Shakarami<\/figcaption><\/figure>\n<\/div>\n\n\n<p>Aida Shakarami est toujours d\u00e9tenue, mais aucune information n&#8217;est disponible sur le lieu o\u00f9 elle se trouve, ni sur les charges retenues contre elle.<\/p>\n","protected":false},"excerpt":{"rendered":"<p>Selon les m\u00e9dias sociaux, Aida Shakarami a \u00e9t\u00e9 arr\u00eat\u00e9e hier, le 17 avril 2024, par la police de s\u00e9curit\u00e9 morale \u00e0 T\u00e9h\u00e9ran pour avoir enfreint le code du hijab obligatoire. Aida Shakarami est la s\u0153ur de Nika Shakarami, \u00e2g\u00e9e de 16 ans, qui a \u00e9t\u00e9 tu\u00e9e en septembre 2022 lors du soul\u00e8vement national contre le [&hellip;]<\/p>\n","protected":false},"author":4,"featured_media":20057,"comment_status":"closed","ping_status":"closed","sticky":false,"template":"","format":"standard","meta":{"jnews-multi-image_gallery":[],"jnews_single_post":{"subtitle":"","format":"standard","video":"","gallery":"","source_name":"","source_url":"","via_name":"","via_url":"","override_template":"0","override":[{"template":"7","single_blog_custom":"","parallax":"1","fullscreen":"1","layout":"right-sidebar","sidebar":"default-sidebar","second_sidebar":"default-sidebar","sticky_sidebar":"1","share_position":"floatbottom","share_float_style":"share-normal","show_share_counter":"1","show_view_counter":"1","show_featured":"1","show_post_meta":"1","show_post_author":"0","show_post_author_image":"1","show_post_date":"1","post_date_format":"default","post_date_format_custom":"Y\/m\/d","show_post_category":"1","show_post_reading_time":"0","post_reading_time_wpm":"300","show_zoom_button":"0","zoom_button_out_step":"2","zoom_button_in_step":"3","show_post_tag":"1","show_prev_next_post":"0","show_popup_post":"1","number_popup_post":"1","show_author_box":"0","show_post_related":"1","show_inline_post_related":"0"}],"override_image_size":"0","image_override":[{"single_post_thumbnail_size":"crop-500","single_post_gallery_size":"crop-500"}],"trending_post":"0","trending_post_position":"meta","trending_post_label":"Trending","sponsored_post":"0","sponsored_post_label":"Sponsored by","sponsored_post_name":"","sponsored_post_url":"","sponsored_post_logo_enable":"0","sponsored_post_logo":"","sponsored_post_desc":"","disable_ad":"0"},"jnews_primary_category":{"id":"","hide":""},"jnews_social_meta":{"fb_title":"","fb_description":"","fb_image":"","twitter_title":"","twitter_description":"","twitter_image":""},"jnews_override_counter":{"override_view_counter":"0","view_counter_number":"0","override_share_counter":"0","share_counter_number":"0","override_like_counter":"0","like_counter_number":"0","override_dislike_counter":"0","dislike_counter_number":"0"},"footnotes":""},"categories":[3],"tags":[370,376,375],"class_list":["post-20055","post","type-post","status-publish","format-standard","has-post-thumbnail","hentry","category-infos-des-femmes","tag-prisonnieres","tag-violence-contre-les-femmes","tag-voile-obligatoire"],"_links":{"self":[{"href":"https:\/\/wncri.org\/fr\/wp-json\/wp\/v2\/posts\/20055","targetHints":{"allow":["GET"]}}],"collection":[{"href":"https:\/\/wncri.org\/fr\/wp-json\/wp\/v2\/posts"}],"about":[{"href":"https:\/\/wncri.org\/fr\/wp-json\/wp\/v2\/types\/post"}],"author":[{"embeddable":true,"href":"https:\/\/wncri.org\/fr\/wp-json\/wp\/v2\/users\/4"}],"replies":[{"embeddable":true,"href":"https:\/\/wncri.org\/fr\/wp-json\/wp\/v2\/comments?post=20055"}],"version-history":[{"count":1,"href":"https:\/\/wncri.org\/fr\/wp-json\/wp\/v2\/posts\/20055\/revisions"}],"predecessor-version":[{"id":20058,"href":"https:\/\/wncri.org\/fr\/wp-json\/wp\/v2\/posts\/20055\/revisions\/20058"}],"wp:featuredmedia":[{"embeddable":true,"href":"https:\/\/wncri.org\/fr\/wp-json\/wp\/v2\/media\/20057"}],"wp:attachment":[{"href":"https:\/\/wncri.org\/fr\/wp-json\/wp\/v2\/media?parent=20055"}],"wp:term":[{"taxonomy":"category","embeddable":true,"href":"https:\/\/wncri.org\/fr\/wp-json\/wp\/v2\/categories?post=20055"},{"taxonomy":"post_tag","embeddable":true,"href":"https:\/\/wncri.org\/fr\/wp-json\/wp\/v2\/tags?post=20055"}],"curies":[{"name":"wp","href":"https:\/\/api.w.org\/{rel}","templated":true}]}}