{"id":20053,"date":"2024-04-18T22:08:43","date_gmt":"2024-04-18T20:08:43","guid":{"rendered":"https:\/\/wncri.org\/fr\/?p=20053"},"modified":"2024-04-19T22:12:32","modified_gmt":"2024-04-19T20:12:32","slug":"nasrin-javadi","status":"publish","type":"post","link":"https:\/\/wncri.org\/fr\/2024\/04\/18\/nasrin-javadi\/","title":{"rendered":"Nasrin Javadi, prisonni\u00e8re politique \u00e2g\u00e9e, priv\u00e9e d&#8217;un traitement m\u00e9dical indispensable"},"content":{"rendered":"\n<h4 class=\"wp-block-heading\">Nasrin Javadi, une prisonni\u00e8re politique \u00e2g\u00e9e souffrant de plusieurs maladies, qui purge sa peine dans la sinistre prison d&#8217;Evin \u00e0 T\u00e9h\u00e9ran, s&#8217;est vu <a href=\"https:\/\/wncri.org\/fr\/2023\/05\/24\/nasrin\/\" target=\"_blank\" rel=\"noreferrer noopener\">refuser des soins m\u00e9dicaux<\/a> appropri\u00e9s.<\/h4>\n\n\n\n<p>Une source proche de la famille de Nasrin Javadi a d\u00e9clar\u00e9 : &#8220;Mme Javadi, \u00e2g\u00e9e de 67 ans, souffre de plusieurs maladies, dont une ost\u00e9oporose s\u00e9v\u00e8re. En raison d&#8217;un manque d&#8217;absorption du calcium, elle a besoin d&#8217;un traitement sp\u00e9cialis\u00e9 et d&#8217;injections de m\u00e9dicaments contre l&#8217;ost\u00e9oporose. Bien qu&#8217;elle ait besoin d&#8217;un traitement m\u00e9dical sp\u00e9cialis\u00e9, elle n&#8217;est toujours pas autoris\u00e9e \u00e0 se rendre \u00e0 l&#8217;h\u00f4pital&#8221;.<\/p>\n\n\n\n<p>Malgr\u00e9 son \u00e2ge et le fait qu&#8217;elle souffre de diverses autres affections telles qu&#8217;un disque lombaire, un faible taux de globules blancs et une grave perte d&#8217;audition, la demande de permis de sant\u00e9 de Mme Javadi n&#8217;a pas \u00e9t\u00e9 approuv\u00e9e, ce qui a suscit\u00e9 l&#8217;inqui\u00e9tude de sa famille.<\/p>\n\n\n\n<p>Bien que l&#8217;injection des m\u00e9dicaments contre l&#8217;ost\u00e9oporose de Mme Javadi doive \u00eatre effectu\u00e9e \u00e0 l&#8217;h\u00f4pital sous la supervision d&#8217;un sp\u00e9cialiste, en raison des manquements des autorit\u00e9s p\u00e9nitentiaires, elle est effectu\u00e9e chaque ann\u00e9e \u00e0 l&#8217;infirmerie de la prison.<\/p>\n\n\n\n<p>Nasrin Javadi, \u00e9galement connue sous le nom d&#8217;Azam Khezri Javadi, a \u00e9t\u00e9 arr\u00eat\u00e9e le 1er mai 2019, \u00e0 l&#8217;occasion de la Journ\u00e9e internationale des travailleurs, avec des dizaines d&#8217;autres personnes qui ont particip\u00e9 \u00e0 un rassemblement de protestation devant le parlement, et a \u00e9t\u00e9 lib\u00e9r\u00e9e de la prison de Qarchak le 29 mai, moyennant une caution de 100 millions de tomans.<\/p>\n\n\n\n<p>En juillet 2019, la militante syndicale a \u00e9t\u00e9 <a href=\"https:\/\/wncri.org\/fr\/2019\/08\/20\/le-fouet-et-7-ans-de-prison-pour-la-syndicaliste-nasrin-javadi-en-iran\/\" target=\"_blank\" rel=\"noreferrer noopener\">condamn\u00e9e<\/a> \u00e0 5 ans de prison par la branche 26 du tribunal r\u00e9volutionnaire de T\u00e9h\u00e9ran pour &#8220;rassemblement et collusion en vue d&#8217;agir contre la s\u00e9curit\u00e9 de l&#8217;\u00c9tat&#8221;, \u00e0 un an de prison pour &#8220;diffusion de propagande contre l&#8217;\u00c9tat&#8221; et \u00e0 un an de prison et 74 coups de fouet pour &#8220;perturbation de l&#8217;ordre public&#8221;. Il lui a \u00e9galement \u00e9t\u00e9 interdit d&#8217;utiliser un smartphone et d&#8217;adh\u00e9rer \u00e0 des partis et groupes politiques et sociaux.<\/p>\n\n\n\n<p>D\u00e9but mai 2020, la cour d&#8217;appel a retir\u00e9 les deux chefs d&#8217;accusation de &#8220;diffusion de propagande contre l&#8217;\u00c9tat&#8221; et de &#8220;perturbation de l&#8217;ordre public&#8221;, et Mme Javadi a finalement \u00e9t\u00e9 condamn\u00e9e \u00e0 5 ans de prison pour &#8220;rassemblement et collusion en vue d&#8217;agir contre la s\u00e9curit\u00e9 du pays&#8221;.<\/p>\n\n\n\n<p>Nasrin Javadi est entr\u00e9e \u00e0 la prison d&#8217;Evin le 2 juillet 2022 pour y purger sa peine.<\/p>\n","protected":false},"excerpt":{"rendered":"<p>Nasrin Javadi, une prisonni\u00e8re politique \u00e2g\u00e9e souffrant de plusieurs maladies, qui purge sa peine dans la sinistre prison d&#8217;Evin \u00e0 T\u00e9h\u00e9ran, s&#8217;est vu refuser des soins m\u00e9dicaux appropri\u00e9s. Une source proche de la famille de Nasrin Javadi a d\u00e9clar\u00e9 : &#8220;Mme Javadi, \u00e2g\u00e9e de 67 ans, souffre de plusieurs maladies, dont une ost\u00e9oporose s\u00e9v\u00e8re. En [&hellip;]<\/p>\n","protected":false},"author":4,"featured_media":18346,"comment_status":"closed","ping_status":"closed","sticky":false,"template":"","format":"standard","meta":{"jnews-multi-image_gallery":[],"jnews_single_post":{"subtitle":"","format":"standard","video":"","gallery":"","source_name":"","source_url":"","via_name":"","via_url":"","override_template":"0","override":[{"template":"7","single_blog_custom":"","parallax":"1","fullscreen":"1","layout":"right-sidebar","sidebar":"default-sidebar","second_sidebar":"default-sidebar","sticky_sidebar":"1","share_position":"floatbottom","share_float_style":"share-normal","show_share_counter":"1","show_view_counter":"1","show_featured":"1","show_post_meta":"1","show_post_author":"0","show_post_author_image":"1","show_post_date":"1","post_date_format":"default","post_date_format_custom":"Y\/m\/d","show_post_category":"1","show_post_reading_time":"0","post_reading_time_wpm":"300","show_zoom_button":"0","zoom_button_out_step":"2","zoom_button_in_step":"3","show_post_tag":"1","show_prev_next_post":"0","show_popup_post":"1","number_popup_post":"1","show_author_box":"0","show_post_related":"1","show_inline_post_related":"0"}],"override_image_size":"0","image_override":[{"single_post_thumbnail_size":"crop-500","single_post_gallery_size":"crop-500"}],"trending_post":"0","trending_post_position":"meta","trending_post_label":"Trending","sponsored_post":"0","sponsored_post_label":"Sponsored by","sponsored_post_name":"","sponsored_post_url":"","sponsored_post_logo_enable":"0","sponsored_post_logo":"","sponsored_post_desc":"","disable_ad":"0"},"jnews_primary_category":{"id":"","hide":""},"jnews_social_meta":{"fb_title":"","fb_description":"","fb_image":"","twitter_title":"","twitter_description":"","twitter_image":""},"jnews_override_counter":{"override_view_counter":"0","view_counter_number":"0","override_share_counter":"0","share_counter_number":"0","override_like_counter":"0","like_counter_number":"0","override_dislike_counter":"0","dislike_counter_number":"0"},"footnotes":""},"categories":[3],"tags":[370,376],"class_list":["post-20053","post","type-post","status-publish","format-standard","has-post-thumbnail","hentry","category-infos-des-femmes","tag-prisonnieres","tag-violence-contre-les-femmes"],"_links":{"self":[{"href":"https:\/\/wncri.org\/fr\/wp-json\/wp\/v2\/posts\/20053","targetHints":{"allow":["GET"]}}],"collection":[{"href":"https:\/\/wncri.org\/fr\/wp-json\/wp\/v2\/posts"}],"about":[{"href":"https:\/\/wncri.org\/fr\/wp-json\/wp\/v2\/types\/post"}],"author":[{"embeddable":true,"href":"https:\/\/wncri.org\/fr\/wp-json\/wp\/v2\/users\/4"}],"replies":[{"embeddable":true,"href":"https:\/\/wncri.org\/fr\/wp-json\/wp\/v2\/comments?post=20053"}],"version-history":[{"count":1,"href":"https:\/\/wncri.org\/fr\/wp-json\/wp\/v2\/posts\/20053\/revisions"}],"predecessor-version":[{"id":20054,"href":"https:\/\/wncri.org\/fr\/wp-json\/wp\/v2\/posts\/20053\/revisions\/20054"}],"wp:featuredmedia":[{"embeddable":true,"href":"https:\/\/wncri.org\/fr\/wp-json\/wp\/v2\/media\/18346"}],"wp:attachment":[{"href":"https:\/\/wncri.org\/fr\/wp-json\/wp\/v2\/media?parent=20053"}],"wp:term":[{"taxonomy":"category","embeddable":true,"href":"https:\/\/wncri.org\/fr\/wp-json\/wp\/v2\/categories?post=20053"},{"taxonomy":"post_tag","embeddable":true,"href":"https:\/\/wncri.org\/fr\/wp-json\/wp\/v2\/tags?post=20053"}],"curies":[{"name":"wp","href":"https:\/\/api.w.org\/{rel}","templated":true}]}}