{"id":20042,"date":"2024-04-16T22:07:38","date_gmt":"2024-04-16T20:07:38","guid":{"rendered":"https:\/\/wncri.org\/fr\/?p=20042"},"modified":"2024-04-17T22:19:16","modified_gmt":"2024-04-17T20:19:16","slug":"dina-ghalibaf","status":"publish","type":"post","link":"https:\/\/wncri.org\/fr\/2024\/04\/16\/dina-ghalibaf\/","title":{"rendered":"Dina Ghalibaf arr\u00eat\u00e9e apr\u00e8s avoir r\u00e9v\u00e9l\u00e9 la violence des patrouilles d&#8217;orientation"},"content":{"rendered":"\n<h4 class=\"wp-block-heading\">Dina Ghalibaf, \u00e9tudiante en sciences politiques \u00e0 l&#8217;Universit\u00e9 Melli d&#8217;Iran (connue sous le nom de Beheshti), a \u00e9t\u00e9 arr\u00eat\u00e9e \u00e0 son domicile, aujourd&#8217;hui, mardi 16 avril 2024.<\/h4>\n\n\n\n<p>L&#8217;arrestation a eu lieu apr\u00e8s que Dina Ghalibaf ait r\u00e9v\u00e9l\u00e9 le traitement brutal des patrouilles d&#8217;orientation la veille. On ne sait pas encore quelle agence a arr\u00eat\u00e9 Dina.<\/p>\n\n\n\n<p>Dina Ghalibaf, journaliste et militante \u00e9tudiante, a racont\u00e9 dans X son exp\u00e9rience d&#8217;arrestation violente par les patrouilles d&#8217;orientation dans la station de m\u00e9tro Sadeghieh, hier, le 15 avril 2024.<\/p>\n\n\n<div class=\"wp-block-image\">\n<figure class=\"aligncenter size-large is-resized\"><img decoding=\"async\" src=\"data:image\/gif;base64,R0lGODlhAQABAIAAAAAAAP\/\/\/yH5BAEAAAAALAAAAAABAAEAAAIBRAA7\" data-src=\"https:\/\/wncri.org\/fr\/wp-content\/uploads\/2024\/04\/Dina-Ghalibaf-2-min-1024x512.jpg\" alt=\"Dina Ghalibaf arr\u00eat\u00e9e apr\u00e8s avoir r\u00e9v\u00e9l\u00e9 la violence des patrouilles d'orientation\" class=\"wp-image-20043 lazyload\" style=\"width:941px;height:auto\"\/><noscript><img decoding=\"async\" width=\"1024\" height=\"512\" src=\"https:\/\/wncri.org\/fr\/wp-content\/uploads\/2024\/04\/Dina-Ghalibaf-2-min-1024x512.jpg\" alt=\"Dina Ghalibaf arr\u00eat\u00e9e apr\u00e8s avoir r\u00e9v\u00e9l\u00e9 la violence des patrouilles d'orientation\" class=\"wp-image-20043 lazyload\" style=\"width:941px;height:auto\" srcset=\"https:\/\/wncri.org\/fr\/wp-content\/uploads\/2024\/04\/Dina-Ghalibaf-2-min-1024x512.jpg 1024w, https:\/\/wncri.org\/fr\/wp-content\/uploads\/2024\/04\/Dina-Ghalibaf-2-min-300x150.jpg 300w, https:\/\/wncri.org\/fr\/wp-content\/uploads\/2024\/04\/Dina-Ghalibaf-2-min-768x384.jpg 768w, https:\/\/wncri.org\/fr\/wp-content\/uploads\/2024\/04\/Dina-Ghalibaf-2-min-360x180.jpg 360w, https:\/\/wncri.org\/fr\/wp-content\/uploads\/2024\/04\/Dina-Ghalibaf-2-min-750x375.jpg 750w, https:\/\/wncri.org\/fr\/wp-content\/uploads\/2024\/04\/Dina-Ghalibaf-2-min.jpg 1140w\" sizes=\"(max-width: 1024px) 100vw, 1024px\" \/><\/noscript><figcaption class=\"wp-element-caption\">Son messages en X<\/figcaption><\/figure>\n<\/div>\n\n\n<p>&#8220;Hier, dans la salle de police de la station de m\u00e9tro Sadeghieh, lorsque j&#8217;ai insist\u00e9 sur le fait que j&#8217;avais le droit d&#8217;utiliser le m\u00e9tro tant que je payais la taxe, ils m&#8217;ont violemment emmen\u00e9e dans une pi\u00e8ce et m&#8217;ont administr\u00e9 des d\u00e9charges de taser. Pendant tout ce temps, j&#8217;avais les mains attach\u00e9es par des menottes et l&#8217;un des policiers m&#8217;a agress\u00e9e sexuellement&#8221;.<\/p>\n\n\n\n<p>Elle a \u00e9galement soulign\u00e9 que &#8220;le policier est venu mettre sa main sur mon visage alors que j&#8217;avais les mains attach\u00e9es et a commenc\u00e9 \u00e0 me caresser le visage&#8221;.<\/p>\n\n\n\n<p>Dina Ghalibaf est n\u00e9e en 2000. Elle a \u00e9t\u00e9 interdite de poursuivre ses \u00e9tudes par d\u00e9cision du comit\u00e9 disciplinaire en raison de sa participation aux <a href=\"https:\/\/wncri.org\/fr\/2024\/01\/09\/rapport-de-decembre-2023\/\" target=\"_blank\" rel=\"noreferrer noopener\">manifestations \u00e9tudiantes de 2022<\/a> et <a href=\"https:\/\/wncri.org\/fr\/2024\/03\/04\/le-rapport-annuel-2024\/\" target=\"_blank\" rel=\"noreferrer noopener\">2023<\/a>.<\/p>\n\n\n<div class=\"wp-block-image\">\n<figure class=\"aligncenter size-large is-resized\"><img decoding=\"async\" src=\"data:image\/gif;base64,R0lGODlhAQABAIAAAAAAAP\/\/\/yH5BAEAAAAALAAAAAABAAEAAAIBRAA7\" data-src=\"https:\/\/wncri.org\/fr\/wp-content\/uploads\/2024\/04\/Guidance-patrols-min-1024x512.jpg\" alt=\"\" class=\"wp-image-20045 lazyload\" style=\"width:941px;height:auto\"\/><noscript><img decoding=\"async\" width=\"1024\" height=\"512\" src=\"https:\/\/wncri.org\/fr\/wp-content\/uploads\/2024\/04\/Guidance-patrols-min-1024x512.jpg\" alt=\"\" class=\"wp-image-20045 lazyload\" style=\"width:941px;height:auto\" srcset=\"https:\/\/wncri.org\/fr\/wp-content\/uploads\/2024\/04\/Guidance-patrols-min-1024x512.jpg 1024w, https:\/\/wncri.org\/fr\/wp-content\/uploads\/2024\/04\/Guidance-patrols-min-300x150.jpg 300w, https:\/\/wncri.org\/fr\/wp-content\/uploads\/2024\/04\/Guidance-patrols-min-768x384.jpg 768w, https:\/\/wncri.org\/fr\/wp-content\/uploads\/2024\/04\/Guidance-patrols-min-360x180.jpg 360w, https:\/\/wncri.org\/fr\/wp-content\/uploads\/2024\/04\/Guidance-patrols-min-750x375.jpg 750w, https:\/\/wncri.org\/fr\/wp-content\/uploads\/2024\/04\/Guidance-patrols-min.jpg 1140w\" sizes=\"(max-width: 1024px) 100vw, 1024px\" \/><\/noscript><figcaption class=\"wp-element-caption\">Les patrouilles d&#8217;orientation en T\u00e9h\u00e9ran<\/figcaption><\/figure>\n<\/div>\n\n\n<p>Selon les m\u00e9dias sociaux, le premier jour de la nouvelle campagne du r\u00e9gime visant \u00e0 r\u00e9primer les femmes iraniennes, 500 femmes ont \u00e9t\u00e9 arr\u00eat\u00e9es dans la seule ville de <a href=\"https:\/\/fr.wikipedia.org\/wiki\/T%C3%A9h%C3%A9ran\" target=\"_blank\" rel=\"noreferrer noopener\">T\u00e9h\u00e9ran<\/a>.<\/p>\n","protected":false},"excerpt":{"rendered":"<p>Dina Ghalibaf, \u00e9tudiante en sciences politiques \u00e0 l&#8217;Universit\u00e9 Melli d&#8217;Iran (connue sous le nom de Beheshti), a \u00e9t\u00e9 arr\u00eat\u00e9e \u00e0 son domicile, aujourd&#8217;hui, mardi 16 avril 2024. L&#8217;arrestation a eu lieu apr\u00e8s que Dina Ghalibaf ait r\u00e9v\u00e9l\u00e9 le traitement brutal des patrouilles d&#8217;orientation la veille. On ne sait pas encore quelle agence a arr\u00eat\u00e9 Dina. [&hellip;]<\/p>\n","protected":false},"author":4,"featured_media":20044,"comment_status":"closed","ping_status":"closed","sticky":false,"template":"","format":"standard","meta":{"jnews-multi-image_gallery":[],"jnews_single_post":{"subtitle":"","format":"standard","video":"","gallery":"","source_name":"","source_url":"","via_name":"","via_url":"","override_template":"0","override":[{"template":"7","single_blog_custom":"","parallax":"1","fullscreen":"1","layout":"right-sidebar","sidebar":"default-sidebar","second_sidebar":"default-sidebar","sticky_sidebar":"1","share_position":"floatbottom","share_float_style":"share-normal","show_share_counter":"1","show_view_counter":"1","show_featured":"1","show_post_meta":"1","show_post_author":"0","show_post_author_image":"1","show_post_date":"1","post_date_format":"default","post_date_format_custom":"Y\/m\/d","show_post_category":"1","show_post_reading_time":"0","post_reading_time_wpm":"300","show_zoom_button":"0","zoom_button_out_step":"2","zoom_button_in_step":"3","show_post_tag":"1","show_prev_next_post":"0","show_popup_post":"1","number_popup_post":"1","show_author_box":"0","show_post_related":"1","show_inline_post_related":"0"}],"override_image_size":"0","image_override":[{"single_post_thumbnail_size":"crop-500","single_post_gallery_size":"crop-500"}],"trending_post":"0","trending_post_position":"meta","trending_post_label":"Trending","sponsored_post":"0","sponsored_post_label":"Sponsored by","sponsored_post_name":"","sponsored_post_url":"","sponsored_post_logo_enable":"0","sponsored_post_logo":"","sponsored_post_desc":"","disable_ad":"0"},"jnews_primary_category":{"id":"","hide":""},"jnews_social_meta":{"fb_title":"","fb_description":"","fb_image":"","twitter_title":"","twitter_description":"","twitter_image":""},"jnews_override_counter":{"override_view_counter":"0","view_counter_number":"0","override_share_counter":"0","share_counter_number":"0","override_like_counter":"0","like_counter_number":"0","override_dislike_counter":"0","dislike_counter_number":"0"},"footnotes":""},"categories":[3],"tags":[376,375],"class_list":["post-20042","post","type-post","status-publish","format-standard","has-post-thumbnail","hentry","category-infos-des-femmes","tag-violence-contre-les-femmes","tag-voile-obligatoire"],"_links":{"self":[{"href":"https:\/\/wncri.org\/fr\/wp-json\/wp\/v2\/posts\/20042","targetHints":{"allow":["GET"]}}],"collection":[{"href":"https:\/\/wncri.org\/fr\/wp-json\/wp\/v2\/posts"}],"about":[{"href":"https:\/\/wncri.org\/fr\/wp-json\/wp\/v2\/types\/post"}],"author":[{"embeddable":true,"href":"https:\/\/wncri.org\/fr\/wp-json\/wp\/v2\/users\/4"}],"replies":[{"embeddable":true,"href":"https:\/\/wncri.org\/fr\/wp-json\/wp\/v2\/comments?post=20042"}],"version-history":[{"count":1,"href":"https:\/\/wncri.org\/fr\/wp-json\/wp\/v2\/posts\/20042\/revisions"}],"predecessor-version":[{"id":20046,"href":"https:\/\/wncri.org\/fr\/wp-json\/wp\/v2\/posts\/20042\/revisions\/20046"}],"wp:featuredmedia":[{"embeddable":true,"href":"https:\/\/wncri.org\/fr\/wp-json\/wp\/v2\/media\/20044"}],"wp:attachment":[{"href":"https:\/\/wncri.org\/fr\/wp-json\/wp\/v2\/media?parent=20042"}],"wp:term":[{"taxonomy":"category","embeddable":true,"href":"https:\/\/wncri.org\/fr\/wp-json\/wp\/v2\/categories?post=20042"},{"taxonomy":"post_tag","embeddable":true,"href":"https:\/\/wncri.org\/fr\/wp-json\/wp\/v2\/tags?post=20042"}],"curies":[{"name":"wp","href":"https:\/\/api.w.org\/{rel}","templated":true}]}}