{"id":20040,"date":"2024-04-17T17:04:00","date_gmt":"2024-04-17T15:04:00","guid":{"rendered":"https:\/\/wncri.org\/fr\/?p=20040"},"modified":"2024-04-17T22:07:25","modified_gmt":"2024-04-17T20:07:25","slug":"varisha-moradi-4","status":"publish","type":"post","link":"https:\/\/wncri.org\/fr\/2024\/04\/17\/varisha-moradi-4\/","title":{"rendered":"La prisonni\u00e8re politique Varisha Moradi est maintenue dans l&#8217;incertitude apr\u00e8s 250 jours de d\u00e9tention"},"content":{"rendered":"\n<h4 class=\"wp-block-heading\">Plus de 250 jours apr\u00e8s son arrestation, la prisonni\u00e8re politique Varisha Moradi est toujours d\u00e9tenue dans la sinistre prison d&#8217;Evin \u00e0 T\u00e9h\u00e9ran.<\/h4>\n\n\n\n<p>Varisha Moradi a \u00e9t\u00e9 convoqu\u00e9e au tribunal apr\u00e8s plus de 8 mois de d\u00e9tention. Le 9 avril, elle a comparu devant la 15e branche du tribunal r\u00e9volutionnaire de T\u00e9h\u00e9ran, mais faute d&#8217;avocat, l&#8217;audience concernant ses accusations n&#8217;a pas eu lieu.<\/p>\n\n\n\n<p>Mme Moradi n&#8217;a pas non plus \u00e9t\u00e9 autoris\u00e9e \u00e0 rencontrer son avocat avant le proc\u00e8s, comme pr\u00e9vu. La date de la prochaine audience n&#8217;est pas connue.<\/p>\n\n\n\n<p>Varisha Moradi a \u00e9t\u00e9 <a href=\"https:\/\/wncri.org\/fr\/2023\/10\/12\/varisha-moradi\/\" target=\"_blank\" rel=\"noreferrer noopener\">arr\u00eat\u00e9e le 1er ao\u00fbt 2023<\/a> par les forces de s\u00e9curit\u00e9 dans la banlieue de Sanandadj, dans l&#8217;ouest de l&#8217;Iran.<\/p>\n\n\n\n<p>Elle a \u00e9t\u00e9 transf\u00e9r\u00e9e du centre de d\u00e9tention du d\u00e9partement des renseignements de <a href=\"https:\/\/fr.wikipedia.org\/wiki\/Sanandadj\" target=\"_blank\" rel=\"noreferrer noopener\">Sanandadj<\/a> \u00e0 la section 209 de la prison d&#8217;Evin \u00e0 la fin du mois d&#8217;ao\u00fbt. Le 26 d\u00e9cembre 2023, une fois le processus d&#8217;interrogatoire termin\u00e9, Varisha Moradi a \u00e9t\u00e9 transf\u00e9r\u00e9e dans le quartier des femmes de la prison d&#8217;Evin.<\/p>\n\n\n\n<p>Varisha Moradi, originaire de Sanandadj, a \u00e9t\u00e9 inculp\u00e9e en janvier par la cinqui\u00e8me section d&#8217;enqu\u00eate du bureau du procureur g\u00e9n\u00e9ral de T\u00e9h\u00e9ran. Son dossier a ensuite \u00e9t\u00e9 transmis \u00e0 la 15e chambre du tribunal r\u00e9volutionnaire de T\u00e9h\u00e9ran, qui l&#8217;a <a href=\"https:\/\/wncri.org\/fr\/2024\/02\/09\/varisha-moradi-3\/\" target=\"_blank\" rel=\"noreferrer noopener\">accus\u00e9e de &#8220;r\u00e9bellion arm\u00e9e&#8221;<\/a> en raison de son appartenance \u00e0 un groupe d&#8217;opposition.<\/p>\n\n\n\n<p>Selon les informations disponibles, Varisha a pass\u00e9 les cinq premiers mois de sa d\u00e9tention \u00e0 l&#8217;isolement dans le centre de d\u00e9tention du d\u00e9partement des renseignements de Sanandaj et dans le quartier 209 de la prison d&#8217;Evin, o\u00f9 elle a \u00e9t\u00e9 s\u00e9v\u00e8rement <a href=\"https:\/\/wncri.org\/fr\/2024\/03\/25\/depuis-pres-de-8-mois-deux-femmes-kurdes-restent-en-prison-sans-avoir-ete-jugees\/\" target=\"_blank\" rel=\"noreferrer noopener\">tortur\u00e9e pour qu&#8217;elle fasse de faux aveux contre elle-m\u00eame<\/a>.<\/p>\n","protected":false},"excerpt":{"rendered":"<p>Plus de 250 jours apr\u00e8s son arrestation, la prisonni\u00e8re politique Varisha Moradi est toujours d\u00e9tenue dans la sinistre prison d&#8217;Evin \u00e0 T\u00e9h\u00e9ran. Varisha Moradi a \u00e9t\u00e9 convoqu\u00e9e au tribunal apr\u00e8s plus de 8 mois de d\u00e9tention. Le 9 avril, elle a comparu devant la 15e branche du tribunal r\u00e9volutionnaire de T\u00e9h\u00e9ran, mais faute d&#8217;avocat, l&#8217;audience [&hellip;]<\/p>\n","protected":false},"author":4,"featured_media":19286,"comment_status":"closed","ping_status":"closed","sticky":false,"template":"","format":"standard","meta":{"jnews-multi-image_gallery":[],"jnews_single_post":{"subtitle":"","format":"standard","video":"","gallery":"","source_name":"","source_url":"","via_name":"","via_url":"","override_template":"0","override":[{"template":"7","single_blog_custom":"","parallax":"1","fullscreen":"1","layout":"right-sidebar","sidebar":"default-sidebar","second_sidebar":"default-sidebar","sticky_sidebar":"1","share_position":"floatbottom","share_float_style":"share-normal","show_share_counter":"1","show_view_counter":"1","show_featured":"1","show_post_meta":"1","show_post_author":"0","show_post_author_image":"1","show_post_date":"1","post_date_format":"default","post_date_format_custom":"Y\/m\/d","show_post_category":"1","show_post_reading_time":"0","post_reading_time_wpm":"300","show_zoom_button":"0","zoom_button_out_step":"2","zoom_button_in_step":"3","show_post_tag":"1","show_prev_next_post":"0","show_popup_post":"1","number_popup_post":"1","show_author_box":"0","show_post_related":"1","show_inline_post_related":"0"}],"override_image_size":"0","image_override":[{"single_post_thumbnail_size":"crop-500","single_post_gallery_size":"crop-500"}],"trending_post":"0","trending_post_position":"meta","trending_post_label":"Trending","sponsored_post":"0","sponsored_post_label":"Sponsored by","sponsored_post_name":"","sponsored_post_url":"","sponsored_post_logo_enable":"0","sponsored_post_logo":"","sponsored_post_desc":"","disable_ad":"0"},"jnews_primary_category":{"id":"","hide":""},"jnews_social_meta":{"fb_title":"","fb_description":"","fb_image":"","twitter_title":"","twitter_description":"","twitter_image":""},"jnews_override_counter":{"override_view_counter":"0","view_counter_number":"0","override_share_counter":"0","share_counter_number":"0","override_like_counter":"0","like_counter_number":"0","override_dislike_counter":"0","dislike_counter_number":"0"},"footnotes":""},"categories":[3],"tags":[370,376],"class_list":["post-20040","post","type-post","status-publish","format-standard","has-post-thumbnail","hentry","category-infos-des-femmes","tag-prisonnieres","tag-violence-contre-les-femmes"],"_links":{"self":[{"href":"https:\/\/wncri.org\/fr\/wp-json\/wp\/v2\/posts\/20040","targetHints":{"allow":["GET"]}}],"collection":[{"href":"https:\/\/wncri.org\/fr\/wp-json\/wp\/v2\/posts"}],"about":[{"href":"https:\/\/wncri.org\/fr\/wp-json\/wp\/v2\/types\/post"}],"author":[{"embeddable":true,"href":"https:\/\/wncri.org\/fr\/wp-json\/wp\/v2\/users\/4"}],"replies":[{"embeddable":true,"href":"https:\/\/wncri.org\/fr\/wp-json\/wp\/v2\/comments?post=20040"}],"version-history":[{"count":1,"href":"https:\/\/wncri.org\/fr\/wp-json\/wp\/v2\/posts\/20040\/revisions"}],"predecessor-version":[{"id":20041,"href":"https:\/\/wncri.org\/fr\/wp-json\/wp\/v2\/posts\/20040\/revisions\/20041"}],"wp:featuredmedia":[{"embeddable":true,"href":"https:\/\/wncri.org\/fr\/wp-json\/wp\/v2\/media\/19286"}],"wp:attachment":[{"href":"https:\/\/wncri.org\/fr\/wp-json\/wp\/v2\/media?parent=20040"}],"wp:term":[{"taxonomy":"category","embeddable":true,"href":"https:\/\/wncri.org\/fr\/wp-json\/wp\/v2\/categories?post=20040"},{"taxonomy":"post_tag","embeddable":true,"href":"https:\/\/wncri.org\/fr\/wp-json\/wp\/v2\/tags?post=20040"}],"curies":[{"name":"wp","href":"https:\/\/api.w.org\/{rel}","templated":true}]}}