{"id":20006,"date":"2024-04-13T15:57:14","date_gmt":"2024-04-13T13:57:14","guid":{"rendered":"https:\/\/wncri.org\/fr\/?p=20006"},"modified":"2024-04-13T15:59:09","modified_gmt":"2024-04-13T13:59:09","slug":"zahra-jafari","status":"publish","type":"post","link":"https:\/\/wncri.org\/fr\/2024\/04\/13\/zahra-jafari\/","title":{"rendered":"Zahra Jafari, \u00e9tudiante \u00e0 l&#8217;universit\u00e9 de T\u00e9h\u00e9ran, interdite d&#8217;\u00e9tudes pour ses activit\u00e9s politiques"},"content":{"rendered":"\n<h4 class=\"wp-block-heading\">Le comit\u00e9 d&#8217;appel disciplinaire de l&#8217;universit\u00e9 de T\u00e9h\u00e9ran a condamn\u00e9 Zahra Jafari \u00e0 une <a href=\"https:\/\/wncri.org\/fr\/2023\/04\/18\/etudiantes-iraniennes-privees\/\">interdiction de pour<\/a><a href=\"https:\/\/wncri.org\/fr\/2023\/04\/18\/etudiantes-iraniennes-privees\/\" target=\"_blank\" rel=\"noreferrer noopener\">s<\/a><a href=\"https:\/\/wncri.org\/fr\/2023\/04\/18\/etudiantes-iraniennes-privees\/\">uivre ses \u00e9tudes<\/a> pendant 2 ans et demi.<\/h4>\n\n\n\n<p>Zahra Jafari, \u00e9tudiante en master de planification de la protection sociale \u00e0 <a href=\"https:\/\/fr.wikipedia.org\/wiki\/Universit%C3%A9_de_T%C3%A9h%C3%A9ran\" target=\"_blank\" rel=\"noreferrer noopener\">l&#8217;universit\u00e9 de T\u00e9h\u00e9ran<\/a> et r\u00e9dactrice en chef du magazine \u00e9tudiant &#8220;Zhina&#8221;, avait d\u00e9j\u00e0 \u00e9t\u00e9 arr\u00eat\u00e9e lors des manifestations nationales de 2022 \u00e0 T\u00e9h\u00e9ran.<\/p>\n\n\n\n<p>Selon le quotidien d&#8217;\u00c9tat Sharq, le comit\u00e9 d&#8217;appel disciplinaire de l&#8217;universit\u00e9 de T\u00e9h\u00e9ran a accus\u00e9 l&#8217;\u00e9tudiante en master d&#8217;avoir prof\u00e9r\u00e9 des menaces, des provocations, des insultes, des obsc\u00e9nit\u00e9s, des diffamations, des calomnies et d&#8217;avoir publi\u00e9 des mensonges insultant les valeurs sacr\u00e9es islamiques et nationales, les religions officielles du pays, ou d&#8217;avoir commis des actes \u00e0 l&#8217;encontre de l&#8217;\u00c9tat.<\/p>\n\n\n\n<p>La peine a commenc\u00e9 \u00e0 la premi\u00e8re moiti\u00e9 du mandat 2023 &#8211; 2024 et se poursuivra jusqu&#8217;\u00e0 la fin du mandat 2024 &#8211; 2025.<\/p>\n\n\n\n<p>Le r\u00e9gime cl\u00e9rical s&#8217;est <a href=\"https:\/\/wncri.org\/fr\/2024\/03\/04\/le-rapport-annuel-2024\/\" target=\"_blank\" rel=\"noreferrer noopener\">attaqu\u00e9 aux \u00e9tudiants universitaires<\/a>, les convoquant devant des comit\u00e9s disciplinaires et suspendant leurs \u00e9tudes afin de mettre un terme \u00e0 leurs activit\u00e9s et \u00e0 leurs demandes de libert\u00e9.<\/p>\n","protected":false},"excerpt":{"rendered":"<p>Le comit\u00e9 d&#8217;appel disciplinaire de l&#8217;universit\u00e9 de T\u00e9h\u00e9ran a condamn\u00e9 Zahra Jafari \u00e0 une interdiction de poursuivre ses \u00e9tudes pendant 2 ans et demi. Zahra Jafari, \u00e9tudiante en master de planification de la protection sociale \u00e0 l&#8217;universit\u00e9 de T\u00e9h\u00e9ran et r\u00e9dactrice en chef du magazine \u00e9tudiant &#8220;Zhina&#8221;, avait d\u00e9j\u00e0 \u00e9t\u00e9 arr\u00eat\u00e9e lors des manifestations nationales [&hellip;]<\/p>\n","protected":false},"author":4,"featured_media":20007,"comment_status":"closed","ping_status":"closed","sticky":false,"template":"","format":"standard","meta":{"jnews-multi-image_gallery":[],"jnews_single_post":{"subtitle":"","format":"standard","video":"","gallery":"","source_name":"","source_url":"","via_name":"","via_url":"","override_template":"0","override":[{"template":"7","single_blog_custom":"","parallax":"1","fullscreen":"1","layout":"right-sidebar","sidebar":"default-sidebar","second_sidebar":"default-sidebar","sticky_sidebar":"1","share_position":"floatbottom","share_float_style":"share-normal","show_share_counter":"1","show_view_counter":"1","show_featured":"1","show_post_meta":"1","show_post_author":"0","show_post_author_image":"1","show_post_date":"1","post_date_format":"default","post_date_format_custom":"Y\/m\/d","show_post_category":"1","show_post_reading_time":"0","post_reading_time_wpm":"300","show_zoom_button":"0","zoom_button_out_step":"2","zoom_button_in_step":"3","show_post_tag":"1","show_prev_next_post":"0","show_popup_post":"1","number_popup_post":"1","show_author_box":"0","show_post_related":"1","show_inline_post_related":"0"}],"override_image_size":"0","image_override":[{"single_post_thumbnail_size":"crop-500","single_post_gallery_size":"crop-500"}],"trending_post":"0","trending_post_position":"meta","trending_post_label":"Trending","sponsored_post":"0","sponsored_post_label":"Sponsored by","sponsored_post_name":"","sponsored_post_url":"","sponsored_post_logo_enable":"0","sponsored_post_logo":"","sponsored_post_desc":"","disable_ad":"0"},"jnews_primary_category":{"id":"","hide":""},"jnews_social_meta":{"fb_title":"","fb_description":"","fb_image":"","twitter_title":"","twitter_description":"","twitter_image":""},"jnews_override_counter":{"override_view_counter":"0","view_counter_number":"0","override_share_counter":"0","share_counter_number":"0","override_like_counter":"0","like_counter_number":"0","override_dislike_counter":"0","dislike_counter_number":"0"},"footnotes":""},"categories":[3],"tags":[377],"class_list":["post-20006","post","type-post","status-publish","format-standard","has-post-thumbnail","hentry","category-infos-des-femmes","tag-education"],"_links":{"self":[{"href":"https:\/\/wncri.org\/fr\/wp-json\/wp\/v2\/posts\/20006","targetHints":{"allow":["GET"]}}],"collection":[{"href":"https:\/\/wncri.org\/fr\/wp-json\/wp\/v2\/posts"}],"about":[{"href":"https:\/\/wncri.org\/fr\/wp-json\/wp\/v2\/types\/post"}],"author":[{"embeddable":true,"href":"https:\/\/wncri.org\/fr\/wp-json\/wp\/v2\/users\/4"}],"replies":[{"embeddable":true,"href":"https:\/\/wncri.org\/fr\/wp-json\/wp\/v2\/comments?post=20006"}],"version-history":[{"count":1,"href":"https:\/\/wncri.org\/fr\/wp-json\/wp\/v2\/posts\/20006\/revisions"}],"predecessor-version":[{"id":20008,"href":"https:\/\/wncri.org\/fr\/wp-json\/wp\/v2\/posts\/20006\/revisions\/20008"}],"wp:featuredmedia":[{"embeddable":true,"href":"https:\/\/wncri.org\/fr\/wp-json\/wp\/v2\/media\/20007"}],"wp:attachment":[{"href":"https:\/\/wncri.org\/fr\/wp-json\/wp\/v2\/media?parent=20006"}],"wp:term":[{"taxonomy":"category","embeddable":true,"href":"https:\/\/wncri.org\/fr\/wp-json\/wp\/v2\/categories?post=20006"},{"taxonomy":"post_tag","embeddable":true,"href":"https:\/\/wncri.org\/fr\/wp-json\/wp\/v2\/tags?post=20006"}],"curies":[{"name":"wp","href":"https:\/\/api.w.org\/{rel}","templated":true}]}}