{"id":19995,"date":"2024-04-11T22:51:42","date_gmt":"2024-04-11T20:51:42","guid":{"rendered":"https:\/\/wncri.org\/fr\/?p=19995"},"modified":"2024-04-11T22:54:41","modified_gmt":"2024-04-11T20:54:41","slug":"asiyeh-rakhshani","status":"publish","type":"post","link":"https:\/\/wncri.org\/fr\/2024\/04\/11\/asiyeh-rakhshani\/","title":{"rendered":"Asiyeh Rakhshani"},"content":{"rendered":"\n<h4 class=\"wp-block-heading\">Asiyeh Rakhshani n&#8217;a jamais revu sa patrie, l&#8217;Iran, qu&#8217;elle aimait beaucoup.<\/h4>\n\n\n\n<p>Ses parents, tous deux militants de l&#8217;OMPI, ont d\u00fb quitter l&#8217;Iran pour rejoindre la R\u00e9sistance. Ses a\u00efeux \u00e9taient originaires du <a href=\"https:\/\/fr.wikipedia.org\/wiki\/Sistan-et-Baloutchistan\" target=\"_blank\" rel=\"noreferrer noopener\">Sistan et du Balouchestan<\/a>, et elle aimait beaucoup sa terre natale et suivait leurs nouvelles.<\/p>\n\n\n\n<p>Asiyeh Rakhshani a rejoint la R\u00e9sistance en 1999 et elle \u00e9tait tr\u00e8s d\u00e9vou\u00e9e \u00e0 la cause.<\/p>\n\n\n\n<p>Elle \u00e9tait pr\u00eate \u00e0 sacrifier les siens pour le bien-\u00eatre des autres. Elle pensait que le sort de son peuple en Iran \u00e9tait li\u00e9 aux efforts et \u00e0 la d\u00e9termination des pionniers d&#8217;Achraf, dont elle-m\u00eame.<\/p>\n\n\n\n<p>Au cours des derni\u00e8res ann\u00e9es de sa vie, Asiyeh Rakhshani s&#8217;est lanc\u00e9e dans la production de films et a contribu\u00e9 \u00e0 documenter les \u00e9v\u00e9nements d&#8217;Achraf. Ainsi, le 8 avril 2011, elle a \u00e9galement film\u00e9 les sc\u00e8nes de sauvagerie et de brutalit\u00e9 des forces irakiennes, ciblant et filmant la cha\u00eene humaine de ses amis et camarades qui d\u00e9fendaient leur ville avec leur chair et leurs os.<\/p>\n\n\n\n<p>Asiyeh Rakhshani est l&#8217;un des 36 membres de l&#8217;OMPI qui ont donn\u00e9 leur vie lors de cette confrontation in\u00e9gale \u00e0 Achraf.<\/p>\n\n\n\n<p>Elle avait 28 ans lorsqu&#8217;elle est morte apr\u00e8s avoir \u00e9t\u00e9 abattue par un tireur embusqu\u00e9.<\/p>\n\n\n\n<p>Le 8 avril 2011, les combattants de la libert\u00e9 de l&#8217;OMPI ont tenu t\u00eate \u00e0 une colonne de 10 brigades et bataillons blind\u00e9s, d&#8217;infanterie et m\u00e9canis\u00e9s des forces irakiennes affili\u00e9es au guide supr\u00eame de T\u00e9h\u00e9ran, Ali Khamenei. Ils ont <a href=\"https:\/\/wncri.org\/fr\/2024\/04\/06\/les-heroines-iraniennes\/\">attaqu\u00e9 la ville d&#8217;Achraf<\/a> sur ordre du r\u00e9gime iranien pour massacrer tous ses habitants sans d\u00e9fense, d\u00e9truire la ville et an\u00e9antir l&#8217;opposition.<\/p>\n\n\n\n<p>Les combattants de la libert\u00e9 se sont retrouv\u00e9s les mains vides, sans bouclier. Des tireurs embusqu\u00e9s les ont vis\u00e9s \u00e0 la t\u00eate et \u00e0 la poitrine. Des v\u00e9hicules blind\u00e9s ont \u00e9cras\u00e9 au moins 22 personnes. Les forces irakiennes ont bombard\u00e9 les quartiers r\u00e9sidentiels. Elles n&#8217;ont m\u00eame pas permis aux bless\u00e9s d&#8217;\u00eatre transport\u00e9s \u00e0 l&#8217;h\u00f4pital.<\/p>\n\n\n\n<p>Les tirs des v\u00e9hicules blind\u00e9s lourds et des tireurs embusqu\u00e9s se sont poursuivis sans rel\u00e2che pendant six heures. Le plan \u00e9tait de massacrer tous les r\u00e9sidents d&#8217;Achraf.<\/p>\n\n\n\n<p>180 personnes ont \u00e9t\u00e9 directement abattues. Plusieurs otages sont morts en captivit\u00e9. Quelque 300 personnes ont \u00e9t\u00e9 bless\u00e9es.<\/p>\n\n\n\n<p>Mais les r\u00e9sidents d&#8217;Achraf ont tenu bon et ont emp\u00each\u00e9 l&#8217;ennemi de s&#8217;emparer de la ville qui \u00e9tait le c\u0153ur battant du mouvement de r\u00e9sistance du peuple iranien.<\/p>\n","protected":false},"excerpt":{"rendered":"<p>Asiyeh Rakhshani n&#8217;a jamais revu sa patrie, l&#8217;Iran, qu&#8217;elle aimait beaucoup. Ses parents, tous deux militants de l&#8217;OMPI, ont d\u00fb quitter l&#8217;Iran pour rejoindre la R\u00e9sistance. Ses a\u00efeux \u00e9taient originaires du Sistan et du Balouchestan, et elle aimait beaucoup sa terre natale et suivait leurs nouvelles. Asiyeh Rakhshani a rejoint la R\u00e9sistance en 1999 et [&hellip;]<\/p>\n","protected":false},"author":4,"featured_media":19996,"comment_status":"closed","ping_status":"closed","sticky":false,"template":"","format":"standard","meta":{"jnews-multi-image_gallery":[],"jnews_single_post":{"subtitle":"","format":"standard","video":"","gallery":"","source_name":"","source_url":"","via_name":"","via_url":"","override_template":"0","override":[{"template":"7","single_blog_custom":"","parallax":"1","fullscreen":"1","layout":"right-sidebar","sidebar":"default-sidebar","second_sidebar":"default-sidebar","sticky_sidebar":"1","share_position":"floatbottom","share_float_style":"share-normal","show_share_counter":"1","show_view_counter":"1","show_featured":"1","show_post_meta":"1","show_post_author":"0","show_post_author_image":"1","show_post_date":"1","post_date_format":"default","post_date_format_custom":"Y\/m\/d","show_post_category":"1","show_post_reading_time":"0","post_reading_time_wpm":"300","show_zoom_button":"0","zoom_button_out_step":"2","zoom_button_in_step":"3","show_post_tag":"1","show_prev_next_post":"0","show_popup_post":"1","number_popup_post":"1","show_author_box":"0","show_post_related":"1","show_inline_post_related":"0"}],"override_image_size":"0","image_override":[{"single_post_thumbnail_size":"crop-500","single_post_gallery_size":"crop-500"}],"trending_post":"0","trending_post_position":"meta","trending_post_label":"Trending","sponsored_post":"0","sponsored_post_label":"Sponsored by","sponsored_post_name":"","sponsored_post_url":"","sponsored_post_logo_enable":"0","sponsored_post_logo":"","sponsored_post_desc":"","disable_ad":"0"},"jnews_primary_category":{"id":"","hide":""},"jnews_social_meta":{"fb_title":"","fb_description":"","fb_image":"","twitter_title":"","twitter_description":"","twitter_image":""},"jnews_override_counter":{"override_view_counter":"0","view_counter_number":"0","override_share_counter":"0","share_counter_number":"0","override_like_counter":"0","like_counter_number":"0","override_dislike_counter":"0","dislike_counter_number":"0"},"footnotes":""},"categories":[25],"tags":[373],"class_list":["post-19995","post","type-post","status-publish","format-standard","has-post-thumbnail","hentry","category-tombees-pour-la-liberte","tag-le-leadership-des-femmes"],"_links":{"self":[{"href":"https:\/\/wncri.org\/fr\/wp-json\/wp\/v2\/posts\/19995","targetHints":{"allow":["GET"]}}],"collection":[{"href":"https:\/\/wncri.org\/fr\/wp-json\/wp\/v2\/posts"}],"about":[{"href":"https:\/\/wncri.org\/fr\/wp-json\/wp\/v2\/types\/post"}],"author":[{"embeddable":true,"href":"https:\/\/wncri.org\/fr\/wp-json\/wp\/v2\/users\/4"}],"replies":[{"embeddable":true,"href":"https:\/\/wncri.org\/fr\/wp-json\/wp\/v2\/comments?post=19995"}],"version-history":[{"count":1,"href":"https:\/\/wncri.org\/fr\/wp-json\/wp\/v2\/posts\/19995\/revisions"}],"predecessor-version":[{"id":19997,"href":"https:\/\/wncri.org\/fr\/wp-json\/wp\/v2\/posts\/19995\/revisions\/19997"}],"wp:featuredmedia":[{"embeddable":true,"href":"https:\/\/wncri.org\/fr\/wp-json\/wp\/v2\/media\/19996"}],"wp:attachment":[{"href":"https:\/\/wncri.org\/fr\/wp-json\/wp\/v2\/media?parent=19995"}],"wp:term":[{"taxonomy":"category","embeddable":true,"href":"https:\/\/wncri.org\/fr\/wp-json\/wp\/v2\/categories?post=19995"},{"taxonomy":"post_tag","embeddable":true,"href":"https:\/\/wncri.org\/fr\/wp-json\/wp\/v2\/tags?post=19995"}],"curies":[{"name":"wp","href":"https:\/\/api.w.org\/{rel}","templated":true}]}}