{"id":19989,"date":"2024-04-11T22:45:30","date_gmt":"2024-04-11T20:45:30","guid":{"rendered":"https:\/\/wncri.org\/fr\/?p=19989"},"modified":"2024-04-11T22:45:32","modified_gmt":"2024-04-11T20:45:32","slug":"nastaran-azimi","status":"publish","type":"post","link":"https:\/\/wncri.org\/fr\/2024\/04\/11\/nastaran-azimi\/","title":{"rendered":"Nastaran Azimi"},"content":{"rendered":"\n<h4 class=\"wp-block-heading\">Nastaran Azimi est un des 36 membres de l&#8217;OMPI qui ont perdu la vie lors d&#8217;une confrontation in\u00e9gale \u00e0 Achraf, le 8 avril 2011.<\/h4>\n\n\n\n<p>Nastaran Azimi est n\u00e9e en 1985 \u00e0 <a href=\"https:\/\/fr.wikipedia.org\/wiki\/T%C3%A9h%C3%A9ran\" target=\"_blank\" rel=\"noreferrer noopener\">T\u00e9h\u00e9ran<\/a>. Elle \u00e9tait \u00e9tudiante en 2\u00e8me ann\u00e9e d&#8217;informatique \u00e0 l&#8217;Universit\u00e9 Polytechnique (Amir Kabir) de T\u00e9h\u00e9ran lorsqu&#8217;elle a \u00e9t\u00e9 arr\u00eat\u00e9e et emprisonn\u00e9e pour ses activit\u00e9s \u00e9tudiantes anti-gouvernementales.<\/p>\n\n\n\n<p>La prison a renforc\u00e9 sa d\u00e9termination \u00e0 poursuivre sa lutte contre le r\u00e9gime.<\/p>\n\n\n\n<p>En 2006, elle a d\u00e9couvert l&#8217;existence d&#8217;Achraf, le centre de la r\u00e9sistance contre le r\u00e9gime. Une visite ult\u00e9rieure \u00e0 Achraf a compl\u00e8tement chang\u00e9 sa vie.<\/p>\n\n\n\n<p>\u00c0 son retour en Iran, elle a \u00e9t\u00e9 arr\u00eat\u00e9e et emprisonn\u00e9e \u00e0 nouveau. Apr\u00e8s avoir \u00e9t\u00e9 lib\u00e9r\u00e9e sous caution, elle a commenc\u00e9 \u00e0 organiser un nouveau voyage \u00e0 Achraf, cette fois-ci pour de bon.<\/p>\n\n\n\n<p>Nastaran Azimi a toujours \u00e9t\u00e9 en premi\u00e8re ligne pour d\u00e9fendre Achraf lors des attaques. Il en a \u00e9t\u00e9 de m\u00eame le 8 avril 2011, lorsqu&#8217;elle a \u00e9t\u00e9 prise pour cible par des tireurs d&#8217;\u00e9lite et a perdu sa vie \u00e0 l&#8217;\u00e2ge de 26 ans.<\/p>\n\n\n\n<p>Le 8 avril 2011, les combattants de la libert\u00e9 de l&#8217;OMPI ont tenu t\u00eate \u00e0 une colonne de 10 brigades et bataillons blind\u00e9s, d&#8217;infanterie et m\u00e9canis\u00e9s des forces irakiennes affili\u00e9es au guide supr\u00eame de T\u00e9h\u00e9ran, Ali Khamenei. Ils ont <a href=\"https:\/\/wncri.org\/fr\/2024\/04\/06\/les-heroines-iraniennes\/\" target=\"_blank\" rel=\"noreferrer noopener\">attaqu\u00e9 la ville d&#8217;Achraf<\/a> sur ordre du r\u00e9gime iranien pour massacrer tous ses habitants sans d\u00e9fense, d\u00e9truire la ville et an\u00e9antir l&#8217;opposition.<\/p>\n\n\n\n<p>Les combattants de la libert\u00e9 se sont retrouv\u00e9s les mains vides, sans bouclier. Des tireurs embusqu\u00e9s les ont vis\u00e9s \u00e0 la t\u00eate et \u00e0 la poitrine. Des v\u00e9hicules blind\u00e9s ont \u00e9cras\u00e9 au moins 22 personnes. Les forces irakiennes ont bombard\u00e9 les quartiers r\u00e9sidentiels. Elles n&#8217;ont m\u00eame pas permis aux bless\u00e9s d&#8217;\u00eatre transport\u00e9s \u00e0 l&#8217;h\u00f4pital.<\/p>\n\n\n\n<p>Les tirs des v\u00e9hicules blind\u00e9s lourds et des tireurs embusqu\u00e9s se sont poursuivis sans rel\u00e2che pendant six heures. Le plan \u00e9tait de massacrer tous les r\u00e9sidents d&#8217;Achraf.<\/p>\n\n\n\n<p>180 personnes ont \u00e9t\u00e9 directement abattues. Plusieurs otages sont morts en captivit\u00e9. Quelque 300 personnes ont \u00e9t\u00e9 bless\u00e9es.<\/p>\n\n\n\n<p>Mais les r\u00e9sidents d&#8217;Achraf ont tenu bon et ont emp\u00each\u00e9 l&#8217;ennemi de s&#8217;emparer de la ville qui \u00e9tait le c\u0153ur battant du mouvement de r\u00e9sistance du peuple iranien.<\/p>\n","protected":false},"excerpt":{"rendered":"<p>Nastaran Azimi est un des 36 membres de l&#8217;OMPI qui ont perdu la vie lors d&#8217;une confrontation in\u00e9gale \u00e0 Achraf, le 8 avril 2011. Nastaran Azimi est n\u00e9e en 1985 \u00e0 T\u00e9h\u00e9ran. Elle \u00e9tait \u00e9tudiante en 2\u00e8me ann\u00e9e d&#8217;informatique \u00e0 l&#8217;Universit\u00e9 Polytechnique (Amir Kabir) de T\u00e9h\u00e9ran lorsqu&#8217;elle a \u00e9t\u00e9 arr\u00eat\u00e9e et emprisonn\u00e9e pour ses activit\u00e9s [&hellip;]<\/p>\n","protected":false},"author":4,"featured_media":19990,"comment_status":"closed","ping_status":"closed","sticky":false,"template":"","format":"standard","meta":{"jnews-multi-image_gallery":[],"jnews_single_post":{"subtitle":"","format":"standard","video":"","gallery":"","source_name":"","source_url":"","via_name":"","via_url":"","override_template":"0","override":[{"template":"7","single_blog_custom":"","parallax":"1","fullscreen":"1","layout":"right-sidebar","sidebar":"default-sidebar","second_sidebar":"default-sidebar","sticky_sidebar":"1","share_position":"floatbottom","share_float_style":"share-normal","show_share_counter":"1","show_view_counter":"1","show_featured":"1","show_post_meta":"1","show_post_author":"0","show_post_author_image":"1","show_post_date":"1","post_date_format":"default","post_date_format_custom":"Y\/m\/d","show_post_category":"1","show_post_reading_time":"0","post_reading_time_wpm":"300","show_zoom_button":"0","zoom_button_out_step":"2","zoom_button_in_step":"3","show_post_tag":"1","show_prev_next_post":"0","show_popup_post":"1","number_popup_post":"1","show_author_box":"0","show_post_related":"1","show_inline_post_related":"0"}],"override_image_size":"0","image_override":[{"single_post_thumbnail_size":"crop-500","single_post_gallery_size":"crop-500"}],"trending_post":"0","trending_post_position":"meta","trending_post_label":"Trending","sponsored_post":"0","sponsored_post_label":"Sponsored by","sponsored_post_name":"","sponsored_post_url":"","sponsored_post_logo_enable":"0","sponsored_post_logo":"","sponsored_post_desc":"","disable_ad":"0"},"jnews_primary_category":{"id":"","hide":""},"jnews_social_meta":{"fb_title":"","fb_description":"","fb_image":"","twitter_title":"","twitter_description":"","twitter_image":""},"jnews_override_counter":{"override_view_counter":"0","view_counter_number":"0","override_share_counter":"0","share_counter_number":"0","override_like_counter":"0","like_counter_number":"0","override_dislike_counter":"0","dislike_counter_number":"0"},"footnotes":""},"categories":[25],"tags":[373],"class_list":["post-19989","post","type-post","status-publish","format-standard","has-post-thumbnail","hentry","category-tombees-pour-la-liberte","tag-le-leadership-des-femmes"],"_links":{"self":[{"href":"https:\/\/wncri.org\/fr\/wp-json\/wp\/v2\/posts\/19989","targetHints":{"allow":["GET"]}}],"collection":[{"href":"https:\/\/wncri.org\/fr\/wp-json\/wp\/v2\/posts"}],"about":[{"href":"https:\/\/wncri.org\/fr\/wp-json\/wp\/v2\/types\/post"}],"author":[{"embeddable":true,"href":"https:\/\/wncri.org\/fr\/wp-json\/wp\/v2\/users\/4"}],"replies":[{"embeddable":true,"href":"https:\/\/wncri.org\/fr\/wp-json\/wp\/v2\/comments?post=19989"}],"version-history":[{"count":1,"href":"https:\/\/wncri.org\/fr\/wp-json\/wp\/v2\/posts\/19989\/revisions"}],"predecessor-version":[{"id":19991,"href":"https:\/\/wncri.org\/fr\/wp-json\/wp\/v2\/posts\/19989\/revisions\/19991"}],"wp:featuredmedia":[{"embeddable":true,"href":"https:\/\/wncri.org\/fr\/wp-json\/wp\/v2\/media\/19990"}],"wp:attachment":[{"href":"https:\/\/wncri.org\/fr\/wp-json\/wp\/v2\/media?parent=19989"}],"wp:term":[{"taxonomy":"category","embeddable":true,"href":"https:\/\/wncri.org\/fr\/wp-json\/wp\/v2\/categories?post=19989"},{"taxonomy":"post_tag","embeddable":true,"href":"https:\/\/wncri.org\/fr\/wp-json\/wp\/v2\/tags?post=19989"}],"curies":[{"name":"wp","href":"https:\/\/api.w.org\/{rel}","templated":true}]}}