{"id":19974,"date":"2024-04-11T20:30:00","date_gmt":"2024-04-11T18:30:00","guid":{"rendered":"https:\/\/wncri.org\/fr\/?p=19974"},"modified":"2024-04-11T22:28:55","modified_gmt":"2024-04-11T20:28:55","slug":"politique-sharifeh-mohammadi","status":"publish","type":"post","link":"https:\/\/wncri.org\/fr\/2024\/04\/11\/politique-sharifeh-mohammadi\/","title":{"rendered":"La prisonni\u00e8re politique Sharifeh Mohammadi contrainte de porter le voile lors des visites \u00e0 la cabine"},"content":{"rendered":"\n<h4 class=\"wp-block-heading\">La prisonni\u00e8re politique Sharifeh Mohammadi est en d\u00e9tention temporaire depuis pr\u00e8s de 5 mois \u00e0 la <a href=\"https:\/\/wncri.org\/fr\/2021\/12\/10\/les-conditions-des-femmes-prisons\/\">prison de Lakan \u00e0 Racht<\/a>, o\u00f9 elle a \u00e9t\u00e9 confront\u00e9e \u00e0 diverses restrictions durant cette p\u00e9riode.<\/h4>\n\n\n\n<p>M. Sirous Fat&#8217;hi, son mari, a d\u00e9clar\u00e9 : &#8220;Depuis pr\u00e8s de 5 mois, les employ\u00e9s de la prison de Lakan obligent Sharifeh Mohammadi \u00e0 porter un voile lors de ses visites \u00e0 la cabine. Elle a protest\u00e9 contre cette mesure prise par les employ\u00e9s de la prison de Lakan&#8221;.<\/p>\n\n\n\n<p>La prisonni\u00e8re politique Sharifeh Mohammadi n&#8217;a vu son enfant de 12 ans qu&#8217;une seule fois depuis son arrestation. Elle a \u00e9galement \u00e9t\u00e9 priv\u00e9e d&#8217;appels t\u00e9l\u00e9phoniques pendant une longue p\u00e9riode. Elle a pass\u00e9 2 mois \u00e0 la prison de <a href=\"https:\/\/fr.wikipedia.org\/wiki\/Sanandadj\" target=\"_blank\" rel=\"noreferrer noopener\">Sanandadj<\/a>, o\u00f9 elle a \u00e9t\u00e9 battue et brutalis\u00e9e par les personnes qui l&#8217;interrogeaient.<\/p>\n\n\n\n<p>L&#8217;Organisation des prisons ne surveille pas le comportement des autorit\u00e9s du quartier des femmes de la prison de Lakan, \u00e0 Racht. Elles ont interdit aux d\u00e9tenues de fumer, les ont oblig\u00e9es \u00e0 porter le voile et ne leur ont accord\u00e9 qu&#8217;un appel de 5 minutes par jour.<\/p>\n\n\n\n<p>La prisonni\u00e8re politique Sharifeh Mohammadi a \u00e9t\u00e9 <a href=\"https:\/\/wncri.org\/fr\/2023\/12\/06\/sharifeh-mohammadi\/\" target=\"_blank\" rel=\"noreferrer noopener\">arr\u00eat\u00e9e le 5 d\u00e9cembre 2023<\/a>, transf\u00e9r\u00e9e \u00e0 la prison de Sandandj, puis renvoy\u00e9e \u00e0 la prison de Lakan \u00e0 Racht.<\/p>\n\n\n\n<p>Elle a \u00e9t\u00e9 emprisonn\u00e9e sous un ordre de d\u00e9tention temporaire jusqu&#8217;\u00e0 ce jour.<\/p>\n","protected":false},"excerpt":{"rendered":"<p>La prisonni\u00e8re politique Sharifeh Mohammadi est en d\u00e9tention temporaire depuis pr\u00e8s de 5 mois \u00e0 la prison de Lakan \u00e0 Racht, o\u00f9 elle a \u00e9t\u00e9 confront\u00e9e \u00e0 diverses restrictions durant cette p\u00e9riode. M. Sirous Fat&#8217;hi, son mari, a d\u00e9clar\u00e9 : &#8220;Depuis pr\u00e8s de 5 mois, les employ\u00e9s de la prison de Lakan obligent Sharifeh Mohammadi [&hellip;]<\/p>\n","protected":false},"author":4,"featured_media":19394,"comment_status":"closed","ping_status":"closed","sticky":false,"template":"","format":"standard","meta":{"jnews-multi-image_gallery":[],"jnews_single_post":{"subtitle":"","format":"standard","video":"","gallery":"","source_name":"","source_url":"","via_name":"","via_url":"","override_template":"0","override":[{"template":"7","single_blog_custom":"","parallax":"1","fullscreen":"1","layout":"right-sidebar","sidebar":"default-sidebar","second_sidebar":"default-sidebar","sticky_sidebar":"1","share_position":"floatbottom","share_float_style":"share-normal","show_share_counter":"1","show_view_counter":"1","show_featured":"1","show_post_meta":"1","show_post_author":"0","show_post_author_image":"1","show_post_date":"1","post_date_format":"default","post_date_format_custom":"Y\/m\/d","show_post_category":"1","show_post_reading_time":"0","post_reading_time_wpm":"300","show_zoom_button":"0","zoom_button_out_step":"2","zoom_button_in_step":"3","show_post_tag":"1","show_prev_next_post":"0","show_popup_post":"1","number_popup_post":"1","show_author_box":"0","show_post_related":"1","show_inline_post_related":"0"}],"override_image_size":"0","image_override":[{"single_post_thumbnail_size":"crop-500","single_post_gallery_size":"crop-500"}],"trending_post":"0","trending_post_position":"meta","trending_post_label":"Trending","sponsored_post":"0","sponsored_post_label":"Sponsored by","sponsored_post_name":"","sponsored_post_url":"","sponsored_post_logo_enable":"0","sponsored_post_logo":"","sponsored_post_desc":"","disable_ad":"0"},"jnews_primary_category":{"id":"","hide":""},"jnews_social_meta":{"fb_title":"","fb_description":"","fb_image":"","twitter_title":"","twitter_description":"","twitter_image":""},"jnews_override_counter":{"override_view_counter":"0","view_counter_number":"0","override_share_counter":"0","share_counter_number":"0","override_like_counter":"0","like_counter_number":"0","override_dislike_counter":"0","dislike_counter_number":"0"},"footnotes":""},"categories":[3],"tags":[370],"class_list":["post-19974","post","type-post","status-publish","format-standard","has-post-thumbnail","hentry","category-infos-des-femmes","tag-prisonnieres"],"_links":{"self":[{"href":"https:\/\/wncri.org\/fr\/wp-json\/wp\/v2\/posts\/19974","targetHints":{"allow":["GET"]}}],"collection":[{"href":"https:\/\/wncri.org\/fr\/wp-json\/wp\/v2\/posts"}],"about":[{"href":"https:\/\/wncri.org\/fr\/wp-json\/wp\/v2\/types\/post"}],"author":[{"embeddable":true,"href":"https:\/\/wncri.org\/fr\/wp-json\/wp\/v2\/users\/4"}],"replies":[{"embeddable":true,"href":"https:\/\/wncri.org\/fr\/wp-json\/wp\/v2\/comments?post=19974"}],"version-history":[{"count":1,"href":"https:\/\/wncri.org\/fr\/wp-json\/wp\/v2\/posts\/19974\/revisions"}],"predecessor-version":[{"id":19975,"href":"https:\/\/wncri.org\/fr\/wp-json\/wp\/v2\/posts\/19974\/revisions\/19975"}],"wp:featuredmedia":[{"embeddable":true,"href":"https:\/\/wncri.org\/fr\/wp-json\/wp\/v2\/media\/19394"}],"wp:attachment":[{"href":"https:\/\/wncri.org\/fr\/wp-json\/wp\/v2\/media?parent=19974"}],"wp:term":[{"taxonomy":"category","embeddable":true,"href":"https:\/\/wncri.org\/fr\/wp-json\/wp\/v2\/categories?post=19974"},{"taxonomy":"post_tag","embeddable":true,"href":"https:\/\/wncri.org\/fr\/wp-json\/wp\/v2\/tags?post=19974"}],"curies":[{"name":"wp","href":"https:\/\/api.w.org\/{rel}","templated":true}]}}