{"id":19969,"date":"2024-04-11T09:27:17","date_gmt":"2024-04-11T07:27:17","guid":{"rendered":"https:\/\/wncri.org\/fr\/?p=19969"},"modified":"2024-04-14T23:31:35","modified_gmt":"2024-04-14T21:31:35","slug":"mohseni-ejei","status":"publish","type":"post","link":"https:\/\/wncri.org\/fr\/2024\/04\/11\/mohseni-ejei\/","title":{"rendered":"Le chef du pouvoir judiciaire en Iran veut durcir le port obligatoire du Hijab"},"content":{"rendered":"\n<h3 class=\"wp-block-heading\">Mohseni Ejei, le chef du pouvoir judiciaire iranien fait allusion \u00e0 l&#8217;intensification du harc\u00e8lement de rue par le hijab obligatoire\u00a0<\/h3>\n\n\n\n<p>Une semaine apr\u00e8s qu&#8217;Ali Khamenei a remis l&#8217;accent sur l&#8217;application du hijab obligatoire, le pr\u00e9sident de la Cour supr\u00eame a d\u00e9clar\u00e9 que le r\u00e9gime cl\u00e9rical n&#8217;\u00e9tait pas dans une bonne situation en termes de &#8220;<a href=\"https:\/\/wncri.org\/fr\/2023\/12\/03\/le-hijab-et-la-chastete\/\" target=\"_blank\" rel=\"noreferrer noopener\">hijab et de chastet\u00e9<\/a>&#8221; ; une d\u00e9claration qui, selon certains, pourrait signifier un harc\u00e8lement plus strict de la part de la police de la moralit\u00e9 et des responsables de l&#8217;application du hijab.&nbsp;<\/p>\n\n\n\n<p>Lors d&#8217;une r\u00e9union avec les responsables de certains m\u00e9dias publics, Gholam-Hossein Mohseni Ejei a d\u00e9clar\u00e9 : &#8220;Je reste convaincu qu&#8217;en respectant les lois existantes, la situation de la chastet\u00e9 et du hijab peut \u00eatre am\u00e9lior\u00e9e jusqu&#8217;\u00e0 ce qu&#8217;une loi pertinente soit adopt\u00e9e dans ce domaine&#8221;.<\/p>\n\n\n\n<p>Ce genre de d\u00e9clarations n&#8217;est pas nouveau. Le 23 octobre 2023, le chef du pouvoir judiciaire iranien a ordonn\u00e9 aux procureurs, \u00e0 la police et au minist\u00e8re de l&#8217;int\u00e9rieur d&#8217;agir sans attendre l&#8217;approbation du projet de loi relatif \u00e0 la chastet\u00e9 et au hijab.<\/p>\n\n\n\n<p>Mohseni Ejei a d\u00e9clar\u00e9 que ceux qui \u00e9taient contre le hijab obligatoire &#8220;jouaient sur le terrain de l&#8217;ennemi&#8221; et a soulign\u00e9 que &#8220;nous devrions absolument nous opposer \u00e0 ces personnes et les traiter conform\u00e9ment \u00e0 la loi&#8221;.<\/p>\n\n\n\n<p>Ces d\u00e9clarations ont conduit \u00e0 l&#8217;intensification du harc\u00e8lement des femmes et des jeunes filles iraniennes par la police des m\u0153urs et les responsables du port du hijab, ainsi qu&#8217;\u00e0 la mise en \u0153uvre des r\u00e8gles et r\u00e8glements relatifs au <a href=\"https:\/\/www.maryam-rajavi.com\/fr\/points-de-vue\/droits-femmes-en-iran\/\" target=\"_blank\" rel=\"noreferrer noopener\">port obligatoire du hijab<\/a> dans diverses institutions et organisations.<\/p>\n\n\n\n<p>D&#8217;autre part, le projet de loi sur la chastet\u00e9 et le hijab en est \u00e9galement \u00e0 la derni\u00e8re \u00e9tape des amendements ordonn\u00e9s par le Conseil des gardiens, et des lois plus strictes seront appliqu\u00e9es apr\u00e8s son approbation.<\/p>\n\n\n\n<p>Auparavant, Amirhossein Banki Pourfard, d\u00e9put\u00e9 d&#8217;Ispahan au parlement du r\u00e9gime, avait annonc\u00e9 que <a href=\"https:\/\/wncri.org\/fr\/2024\/03\/12\/amende\/\" target=\"_blank\" rel=\"noreferrer noopener\">3 millions de tomans<\/a> avaient \u00e9t\u00e9 retir\u00e9s, \u00e0 titre d&#8217;amende syst\u00e9matique, des comptes bancaires des femmes qui refusaient de se conformer aux lois du r\u00e9gime sur le hijab obligatoire, et avait soulign\u00e9 que ces femmes seraient poursuivies en justice si elles ne respectaient pas ces lois \u00e0 l&#8217;avenir.<\/p>\n\n\n\n<p>L&#8217;ann\u00e9e derni\u00e8re, le pouvoir judiciaire iranien a r\u00e9dig\u00e9 le projet de loi sur la chastet\u00e9 et le hijab en neuf articles et l&#8217;a transmis au gouvernement. Le gouvernement a envoy\u00e9 un projet de loi de 15 articles au Majlis (le parlement des mollahs) pour approbation. Le parlement a toutefois adopt\u00e9 un projet de loi comportant 72 articles.<\/p>\n\n\n\n<p>Le projet de loi fait toujours l&#8217;objet d&#8217;un va-et-vient entre le Conseil des gardiens et le parlement.<\/p>\n","protected":false},"excerpt":{"rendered":"<p>Mohseni Ejei, le chef du pouvoir judiciaire iranien fait allusion \u00e0 l&#8217;intensification du harc\u00e8lement de rue par le hijab obligatoire\u00a0 Une semaine apr\u00e8s qu&#8217;Ali Khamenei a remis l&#8217;accent sur l&#8217;application du hijab obligatoire, le pr\u00e9sident de la Cour supr\u00eame a d\u00e9clar\u00e9 que le r\u00e9gime cl\u00e9rical n&#8217;\u00e9tait pas dans une bonne situation en termes de &#8220;hijab [&hellip;]<\/p>\n","protected":false},"author":4,"featured_media":19970,"comment_status":"closed","ping_status":"closed","sticky":false,"template":"","format":"standard","meta":{"jnews-multi-image_gallery":[],"jnews_single_post":{"subtitle":"","format":"standard","video":"","gallery":"","source_name":"","source_url":"","via_name":"","via_url":"","override_template":"0","override":[{"template":"7","single_blog_custom":"","parallax":"1","fullscreen":"1","layout":"right-sidebar","sidebar":"default-sidebar","second_sidebar":"default-sidebar","sticky_sidebar":"1","share_position":"floatbottom","share_float_style":"share-normal","show_share_counter":"1","show_view_counter":"1","show_featured":"1","show_post_meta":"1","show_post_author":"0","show_post_author_image":"1","show_post_date":"1","post_date_format":"default","post_date_format_custom":"Y\/m\/d","show_post_category":"1","show_post_reading_time":"0","post_reading_time_wpm":"300","show_zoom_button":"0","zoom_button_out_step":"2","zoom_button_in_step":"3","show_post_tag":"1","show_prev_next_post":"0","show_popup_post":"1","number_popup_post":"1","show_author_box":"0","show_post_related":"1","show_inline_post_related":"0"}],"override_image_size":"0","image_override":[{"single_post_thumbnail_size":"crop-500","single_post_gallery_size":"crop-500"}],"trending_post":"0","trending_post_position":"meta","trending_post_label":"Trending","sponsored_post":"0","sponsored_post_label":"Sponsored by","sponsored_post_name":"","sponsored_post_url":"","sponsored_post_logo_enable":"0","sponsored_post_logo":"","sponsored_post_desc":"","disable_ad":"0"},"jnews_primary_category":{"id":"","hide":""},"jnews_social_meta":{"fb_title":"","fb_description":"","fb_image":"","twitter_title":"","twitter_description":"","twitter_image":""},"jnews_override_counter":{"override_view_counter":"0","view_counter_number":"0","override_share_counter":"0","share_counter_number":"0","override_like_counter":"0","like_counter_number":"0","override_dislike_counter":"0","dislike_counter_number":"0"},"footnotes":""},"categories":[3],"tags":[375],"class_list":["post-19969","post","type-post","status-publish","format-standard","has-post-thumbnail","hentry","category-infos-des-femmes","tag-voile-obligatoire"],"_links":{"self":[{"href":"https:\/\/wncri.org\/fr\/wp-json\/wp\/v2\/posts\/19969","targetHints":{"allow":["GET"]}}],"collection":[{"href":"https:\/\/wncri.org\/fr\/wp-json\/wp\/v2\/posts"}],"about":[{"href":"https:\/\/wncri.org\/fr\/wp-json\/wp\/v2\/types\/post"}],"author":[{"embeddable":true,"href":"https:\/\/wncri.org\/fr\/wp-json\/wp\/v2\/users\/4"}],"replies":[{"embeddable":true,"href":"https:\/\/wncri.org\/fr\/wp-json\/wp\/v2\/comments?post=19969"}],"version-history":[{"count":3,"href":"https:\/\/wncri.org\/fr\/wp-json\/wp\/v2\/posts\/19969\/revisions"}],"predecessor-version":[{"id":20010,"href":"https:\/\/wncri.org\/fr\/wp-json\/wp\/v2\/posts\/19969\/revisions\/20010"}],"wp:featuredmedia":[{"embeddable":true,"href":"https:\/\/wncri.org\/fr\/wp-json\/wp\/v2\/media\/19970"}],"wp:attachment":[{"href":"https:\/\/wncri.org\/fr\/wp-json\/wp\/v2\/media?parent=19969"}],"wp:term":[{"taxonomy":"category","embeddable":true,"href":"https:\/\/wncri.org\/fr\/wp-json\/wp\/v2\/categories?post=19969"},{"taxonomy":"post_tag","embeddable":true,"href":"https:\/\/wncri.org\/fr\/wp-json\/wp\/v2\/tags?post=19969"}],"curies":[{"name":"wp","href":"https:\/\/api.w.org\/{rel}","templated":true}]}}