{"id":19951,"date":"2025-04-07T21:45:49","date_gmt":"2025-04-07T19:45:49","guid":{"rendered":"https:\/\/wncri.org\/fr\/?p=19951"},"modified":"2025-04-09T21:29:43","modified_gmt":"2025-04-09T19:29:43","slug":"les-heroines-iraniennes","status":"publish","type":"post","link":"https:\/\/wncri.org\/fr\/2025\/04\/07\/les-heroines-iraniennes\/","title":{"rendered":"Les h\u00e9ro\u00efnes iraniennes dont la r\u00e9sistance \u00e9pique a sauv\u00e9 Achraf"},"content":{"rendered":"\n<h2 class=\"wp-block-heading\"><strong>Les h\u00e9ro\u00efnes iraniennes dont la r\u00e9sistance \u00e9pique a sauv\u00e9 Achraf<\/strong><\/h2>\n\n\n\n<p>L&#8217;une des confrontations les plus courageuses de l&#8217;histoire mondiale des guerres nationalistes et des mouvements de lib\u00e9ration a eu lieu <a href=\"https:\/\/mek-iran.com\/camp-ashraf-camp-liberty\/\" target=\"_blank\" rel=\"noreferrer noopener\">le 8 avril 2011 \u00e0 Achraf, en Irak<\/a>, si\u00e8ge du mouvement d&#8217;opposition iranien \u00e0 l&#8217;\u00e9poque. Emmen\u00e9s par un millier d&#8217;h\u00e9ro\u00efnes iraniennes, les combattants de la libert\u00e9 de l&#8217;<a href=\"https:\/\/english.mojahedin.org\/\" target=\"_blank\" rel=\"noreferrer noopener\">OMPI<\/a> ont tenu t\u00eate \u00e0 une colonne de 10 brigades et bataillons blind\u00e9s, d&#8217;infanterie et m\u00e9canis\u00e9s des forces irakiennes qui ont attaqu\u00e9 la ville d&#8217;Achraf sur ordre du r\u00e9gime iranien pour massacrer tous ses habitants sans d\u00e9fense, d\u00e9truire la ville et an\u00e9antir l&#8217;opposition.<\/p>\n\n\n\n<p>Les combattants de la libert\u00e9, jeunes et vieux, femmes et hommes, se sont retrouv\u00e9s les mains vides, sans bouclier. Les tireurs d&#8217;\u00e9lite ont vis\u00e9 leurs t\u00eates et leurs c\u0153urs. Au moins 22 personnes ont \u00e9t\u00e9 \u00e9cras\u00e9es par des v\u00e9hicules blind\u00e9s. Des quartiers r\u00e9sidentiels ont \u00e9t\u00e9 bombard\u00e9s. Les troupes irakiennes n&#8217;ont pas permis aux bless\u00e9s d&#8217;\u00eatre transport\u00e9s \u00e0 l&#8217;h\u00f4pital.<\/p>\n\n\n\n<p>Les tirs des v\u00e9hicules blind\u00e9s lourds et des tireurs d&#8217;\u00e9lite se sont poursuivis sans rel\u00e2che pendant six heures. Le plan \u00e9tait de massacrer tous les r\u00e9sidents d&#8217;Achraf. 180 personnes ont \u00e9t\u00e9 directement abattues. Plusieurs otages sont morts en captivit\u00e9. Quelque 300 personnes ont \u00e9t\u00e9 bless\u00e9es.<\/p>\n\n\n\n<p>Dans l&#8217;histoire des guerres patriotiques et r\u00e9volutionnaires, il n&#8217;y a jamais eu de cas o\u00f9 des personnes se sont trouv\u00e9es, les mains vides et sans bouclier, devant des v\u00e9hicules blind\u00e9s et des forces arm\u00e9es de l&#8217;ennemi et ont r\u00e9ussi \u00e0 les repousser.<\/p>\n\n\n\n<p>Cette attaque est un nouveau maillon de la longue cha\u00eene de projets terroristes, de blocages et de massacres de membres de l&#8217;opposition iranienne men\u00e9s par la marionnette de T\u00e9h\u00e9ran en Irak, le Premier ministre Nouri al-Maliki. Mais les r\u00e9sidents d&#8217;Achraf sont rest\u00e9s fermes et d\u00e9termin\u00e9s \u00e0 emp\u00eacher l&#8217;ennemi de s&#8217;emparer de la ville, qui \u00e9tait le c\u0153ur battant du mouvement de r\u00e9sistance du peuple iranien.<\/p>\n\n\n\n<p>8 h\u00e9ro\u00efnes et 28 h\u00e9ros iraniens ont \u00e9t\u00e9 tu\u00e9s par les tireurs d&#8217;\u00e9lite de l&#8217;arm\u00e9e irakienne ou ont \u00e9t\u00e9 \u00e9cras\u00e9s par des v\u00e9hicules blind\u00e9s. Des centaines d&#8217;autres ont \u00e9t\u00e9 gri\u00e8vement bless\u00e9s, certains par des grenades lanc\u00e9es pour exploser au milieu d&#8217;eux.<\/p>\n\n\n\n<p>Le prix \u00e0 payer \u00e9tait horrible, mais ces h\u00e9ro\u00efnes et h\u00e9ros iraniens ont r\u00e9ussi \u00e0 stopper l&#8217;avanc\u00e9e de l&#8217;ennemi et \u00e0 sauver Achraf, le bastion de la libert\u00e9 du peuple iranien. Ils ont prouv\u00e9 qu&#8217;ils pouvaient vaincre n&#8217;importe quelle force gr\u00e2ce \u00e0 leur unit\u00e9 et \u00e0 leur fermet\u00e9 \u00e9tonnantes et en payant le prix fort.<\/p>\n\n\n\n<p>Il ne s&#8217;agissait pas seulement d&#8217;une confrontation militaire, mais d&#8217;une d\u00e9fense acharn\u00e9e des valeurs humaines les plus sacr\u00e9es, inspirant les gens \u00e0 se battre pour la libert\u00e9 et l&#8217;\u00e9galit\u00e9.<\/p>\n\n\n\n<p>Dans ce tableau \u00e9pique, 8 h\u00e9ro\u00efnes iraniennes se sont battues et sont mortes en premi\u00e8re ligne des affrontements, mais ont d\u00e9jou\u00e9 une conspiration majeure des mollahs gr\u00e2ce \u00e0 leur sacrifice et \u00e0 leur courage. Ces femmes ont symbolis\u00e9 la d\u00e9termination et la sinc\u00e9rit\u00e9 d&#8217;une g\u00e9n\u00e9ration de femmes. Ces 1 000 h\u00e9ro\u00efnes iraniennes ont \u00e9t\u00e9 les pionni\u00e8res et \u00e0 l&#8217;avant garde du mouvement de r\u00e9sistance iranien et constituent un atout sans pr\u00e9c\u00e9dent dans les <a href=\"https:\/\/wncri.org\/fr\/2017\/03\/11\/150-ans-de-lutte-des-femmes-iraniennes-pour-la-liberte-et-l-egalite\/\" target=\"_blank\" rel=\"noreferrer noopener\">150 ans d&#8217;histoire de la lutte du peuple iranien<\/a> pour la libert\u00e9, une force \u00e9tonnante pour le changement.<\/p>\n\n\n\n<p>Si elles parviennent \u00e0 vaincre les parrains misogynes du fondamentalisme et du terrorisme \u00e0 T\u00e9h\u00e9ran, elles changeront la situation en Iran et auront un impact consid\u00e9rable sur le Moyen-Orient d\u00e9chir\u00e9 par la guerre et sur l&#8217;Europe p\u00e9trifi\u00e9e.<\/p>\n\n\n\n<h4 class=\"wp-block-heading\"><strong>Voici un aper\u00e7u de la vie des 8 h\u00e9ro\u00efnes iraniennes tu\u00e9es lors d&#8217;une r\u00e9sistance \u00e9pique le 8 avril 2011 :<\/strong><\/h4>\n\n\n\n<p><a href=\"https:\/\/wncri.org\/fr\/2024\/04\/11\/saba-haftbaradaran\/\" target=\"_blank\" rel=\"noreferrer noopener\">Saba Haftbaradaran<\/a> est n\u00e9e dans une prison de T\u00e9h\u00e9ran en 1982. Son p\u00e8re et sa m\u00e8re avaient \u00e9t\u00e9 emprisonn\u00e9s pour leur opposition au r\u00e9gime des mollahs.<\/p>\n\n\n\n<p>Saba avait un an et demi lorsqu&#8217;elle est sortie avec la lib\u00e9ration de sa m\u00e8re. Apr\u00e8s leur lib\u00e9ration, ses deux parents ont quitt\u00e9 le pays et ont rejoint la R\u00e9sistance iranienne dans la r\u00e9gion frontali\u00e8re.<\/p>\n\n\n\n<p>Elle a grandi \u00e0 Achraf et a \u00e9t\u00e9 envoy\u00e9e en Allemagne lorsque la guerre du Golfe a commenc\u00e9 en 1990 et que les enfants risquaient d&#8217;\u00eatre tu\u00e9s dans les bombardements massifs de l&#8217;Irak. Saba n&#8217;a cependant pas oubli\u00e9 les souffrances de son peuple. Elle a d\u00e9clar\u00e9 : &#8220;Je ne peux pas profiter de la meilleure vie et de la meilleure \u00e9ducation en Allemagne, alors que j&#8217;entends tous les jours des nouvelles choquantes sur les femmes et les enfants qui souffrent dans mon pays&#8221;. Elle a donc quitt\u00e9 l&#8217;Allemagne et est retourn\u00e9e \u00e0 Achraf en 1998.<\/p>\n\n\n\n<p>Avec le d\u00e9but d&#8217;une nouvelle guerre en Irak en 2003, une nouvelle p\u00e9riode d&#8217;\u00e9preuve a commenc\u00e9 pour Saba et pour tous les jeunes hommes et femmes comme elle qui ont \u00e9t\u00e9 expos\u00e9s aux difficult\u00e9s de la lutte contre le r\u00e9gime des mollahs dans un pays \u00e9tranger. Bien entendu, cette g\u00e9n\u00e9ration est rest\u00e9e in\u00e9branlable dans les \u00e9v\u00e9nements houleux de l&#8217;Irak d&#8217;apr\u00e8s-guerre et sous les attaques des agents irakiens du r\u00e9gime iranien.<\/p>\n\n\n\n<p>Saba avait 29 ans lorsqu&#8217;elle a re\u00e7u une balle dans la cuisse et a commenc\u00e9 \u00e0 saigner abondamment. Les forces irakiennes ont entrav\u00e9 son traitement en retardant son transfert \u00e0 l&#8217;h\u00f4pital. N\u00e9anmoins, elles n&#8217;ont pas permis \u00e0 Saba de recevoir du sang de la banque de sang, une mesure qui a conduit \u00e0 sa mort.<\/p>\n\n\n\n<p>Les derniers mots de Saba ont \u00e9t\u00e9 les suivants : &#8220;Nous r\u00e9sisterons jusqu&#8217;au dernier souffle&#8221;.<\/p>\n\n\n\n<p>Et gr\u00e2ce \u00e0 ces mots et \u00e0 sa courageuse endurance, elle est devenue le symbole de la r\u00e9sistance \u00e9pique le 8 avril 2011 \u00e0 Achraf.<\/p>\n\n\n\n<p><a href=\"https:\/\/wncri.org\/fr\/2024\/04\/11\/shahnaz-pahlavani\/\" target=\"_blank\" rel=\"noreferrer noopener\">Shahnaz Pahlavani<\/a> est une autre des h\u00e9ro\u00efnes iraniennes tu\u00e9es le 8 avril 2011. Elle est n\u00e9e en 1961 \u00e0 Ramhormouz, dans le sud de l&#8217;Iran. Elle grandit et \u00e9tudie \u00e0 Ispahan dans une famille musulmane orthodoxe mais n&#8217;aime pas les pratiques de sa famille. Apr\u00e8s la r\u00e9volution de 1979 en Iran, ses id\u00e9aux se sont retrouv\u00e9s dans l&#8217;opposition. Cependant, elle a perdu le contact avec l&#8217;OMPI apr\u00e8s que celle-ci a \u00e9t\u00e9 d\u00e9clar\u00e9e interdite dans le pays et que les partisans et sympathisants de l&#8217;OMPI ont \u00e9t\u00e9 ex\u00e9cut\u00e9s en masse et massacr\u00e9s par le r\u00e9gime.<\/p>\n\n\n\n<p>En 2003, elle a appris qu&#8217;elle pouvait se rendre en Irak et rejoindre le mouvement, ce qui a \u00e9t\u00e9 le moment le plus heureux de sa vie.<\/p>\n\n\n\n<p>Shahnaz \u00e9tait tr\u00e8s reconnaissante d&#8217;avoir retrouv\u00e9 le mouvement apr\u00e8s des ann\u00e9es de s\u00e9paration. Elle \u00e9tait pr\u00eate \u00e0 tout sacrifier pour le bien des autres et pour faire avancer les buts et les objectifs de la R\u00e9sistance \u00e0 Achraf.<\/p>\n\n\n\n<p>Le 8 avril 2011, alors qu&#8217;Achraf \u00e9tait attaqu\u00e9, elle s&#8217;est port\u00e9e volontaire pour rejoindre la ligne de front des hommes et des femmes qui d\u00e9fendaient la ville et a \u00e9t\u00e9 tu\u00e9e lors des tirs directs sur les r\u00e9sidents d&#8217;Achraf sans d\u00e9fense.<\/p>\n\n\n\n<p><a href=\"https:\/\/wncri.org\/fr\/2024\/04\/11\/mahdiyeh-madadzadeh\/\" target=\"_blank\" rel=\"noreferrer noopener\">Mahdiyeh Madadzadeh<\/a> avait 29 ans lorsqu&#8217;elle a rejoint le mouvement de r\u00e9sistance \u00e0 Achraf. Elle avait obtenu une licence en informatique. Elle \u00e9tait tr\u00e8s m\u00e9contente de la situation et du r\u00e9gime au pouvoir en Iran, et elle a trouv\u00e9 la r\u00e9ponse dans le mouvement de r\u00e9sistance bas\u00e9 \u00e0 Achraf. Apr\u00e8s avoir travers\u00e9 de nombreuses difficult\u00e9s, elle a surmont\u00e9 tous les obstacles et a rejoint le mouvement avec ses s\u0153urs et ses fr\u00e8res.<\/p>\n\n\n\n<p>Mahdiyeh avait 32 ans lorsqu&#8217;un sniper l&#8217;a directement abattue. Son fr\u00e8re, Akbar, a \u00e9galement \u00e9t\u00e9 \u00e9cras\u00e9 par un v\u00e9hicule blind\u00e9 le 8 avril 2011.<\/p>\n\n\n\n<p>Les parents <a href=\"https:\/\/wncri.org\/fr\/2024\/04\/11\/asiyeh-rakhshani\/\" target=\"_blank\" rel=\"noreferrer noopener\">d&#8217;Asiyeh Rakhshani<\/a>, tous deux militants de l&#8217;OMPI, ont d\u00fb quitter l&#8217;Iran pour rejoindre la R\u00e9sistance. Elle n&#8217;a donc jamais vu la patrie qu&#8217;elle aimait tant. Ses a\u00efeux \u00e9taient originaires du Sistan et du Balouchestan, et elle aimait profond\u00e9ment sa terre natale et suivait leurs nouvelles.<\/p>\n\n\n\n<p>Elle a rejoint la R\u00e9sistance en 1999 et \u00e9tait tr\u00e8s d\u00e9vou\u00e9e \u00e0 la cause. Elle \u00e9tait pr\u00eate \u00e0 sacrifier les siens pour le bien-\u00eatre des autres. Elle pensait que le sort de son peuple en Iran \u00e9tait li\u00e9 aux efforts et \u00e0 la d\u00e9termination des pionniers d&#8217;Achraf, dont elle-m\u00eame.<\/p>\n\n\n\n<p>Plus r\u00e9cemment, elle \u00e9tait active dans la production de films et a contribu\u00e9 \u00e0 documenter les \u00e9v\u00e9nements d&#8217;Achraf. Ainsi, le 8 avril 2011, elle a \u00e9galement film\u00e9 les sc\u00e8nes de sauvagerie et de brutalit\u00e9 des forces irakiennes, ciblant et filmant la cha\u00eene humaine de ses amis et camarades qui d\u00e9fendaient leur ville avec leur chair et leurs os.<\/p>\n\n\n\n<p>Finalement, elle est devenue la cible des snipers \u00e0 l&#8217;\u00e2ge de 28 ans.<\/p>\n\n\n\n<p><a href=\"https:\/\/wncri.org\/fr\/2024\/04\/11\/faezeh-rajabi\/\" target=\"_blank\" rel=\"noreferrer noopener\">Faezeh Rajabi<\/a> n&#8217;avait que 20 ans lorsqu&#8217;elle a \u00e9t\u00e9 abattue d&#8217;une balle dans le cou par des tireurs d&#8217;\u00e9lite apr\u00e8s s&#8217;\u00eatre pr\u00e9cipit\u00e9e sur la cha\u00eene humaine pour d\u00e9fendre Achraf. Le p\u00e8re de Faezeh \u00e9tait un prisonnier politique du r\u00e9gime cl\u00e9rical qui a \u00e9t\u00e9 tu\u00e9 sous la torture en 2008 apr\u00e8s sept ans d&#8217;emprisonnement. Faezeh s&#8217;est rendue \u00e0 Achraf et a rejoint la R\u00e9sistance apr\u00e8s la mort de son p\u00e8re.<\/p>\n\n\n\n<p><a href=\"https:\/\/wncri.org\/fr\/2024\/04\/11\/nastaran-azimi\/\" target=\"_blank\" rel=\"noreferrer noopener\">Nastaran Azimi <\/a>est n\u00e9e en 1987 \u00e0 T\u00e9h\u00e9ran. Elle \u00e9tait \u00e9tudiante en deuxi\u00e8me ann\u00e9e de g\u00e9nie logiciel \u00e0 l\u2019Universit\u00e9 Azad de T\u00e9h\u00e9ran (branche centrale) lorsqu&#8217;elle a \u00e9t\u00e9 arr\u00eat\u00e9e et emprisonn\u00e9e pour ses activit\u00e9s \u00e9tudiantes contre le gouvernement.<\/p>\n\n\n\n<p>La prison a renforc\u00e9 sa d\u00e9termination \u00e0 poursuivre sa lutte contre le r\u00e9gime. En 2006, elle a d\u00e9couvert l&#8217;existence de ce centre de r\u00e9sistance au r\u00e9gime. Une visite ult\u00e9rieure \u00e0 Achraf a compl\u00e8tement chang\u00e9 sa vie. \u00c0 son retour en Iran, elle a \u00e9t\u00e9 arr\u00eat\u00e9e et emprisonn\u00e9e \u00e0 nouveau. Apr\u00e8s avoir \u00e9t\u00e9 lib\u00e9r\u00e9e sous caution, elle a commenc\u00e9 \u00e0 organiser un autre voyage \u00e0 Achraf pour de bon.<\/p>\n\n\n\n<p>\u00c0 Achraf, elle \u00e9tait toujours en premi\u00e8re ligne des personnes qui d\u00e9fendaient Achraf lors des attaques. Il en a \u00e9t\u00e9 de m\u00eame le 8 avril 2011, lorsqu&#8217;elle a \u00e9t\u00e9 prise pour cible par des tireurs d&#8217;\u00e9lite et qu&#8217;elle a perdu sa vie prolifique \u00e0 l&#8217;\u00e2ge de 26 ans.<\/p>\n\n\n\n<p><a href=\"https:\/\/wncri.org\/fr\/2024\/04\/11\/marzieh-pournaghi\/\">Marzieh Pournaghi<\/a> avait 48 ans lorsqu&#8217;elle a perdu la vie dans l&#8217;attentat du 8 avril. Elle connaissait l&#8217;OMPI depuis qu&#8217;elle \u00e9tait lyc\u00e9enne en Iran. Elle a \u00e9t\u00e9 arr\u00eat\u00e9e et emprisonn\u00e9e en 1983, \u00e0 l&#8217;\u00e2ge de 18 ans, pour avoir soutenu l&#8217;OMPI. Elle a pass\u00e9 3 ans en prison et a perdu tout contact avec le mouvement. Elle a obtenu une licence en recherche en sciences sociales. En 2007, elle a d\u00e9couvert l&#8217;existence d&#8217;Achraf et s&#8217;y est rendue pour une visite. \u00c0 son retour en Iran, elle est arr\u00eat\u00e9e et emprisonn\u00e9e, puis lib\u00e9r\u00e9e moyennant une lourde caution. Elle a ensuite tr\u00e8s vite quitt\u00e9 le pays avec son mari et son fils en juin 2008 pour rejoindre le mouvement d&#8217;Achraf.<\/p>\n\n\n\n<p>Marzieh \u00e9tait tr\u00e8s appr\u00e9ci\u00e9e pour sa gentillesse et son humilit\u00e9, mais aussi pour sa d\u00e9termination. Son fils avait 16 ans lorsqu&#8217;il a perdu sa m\u00e8re.<\/p>\n\n\n\n<p><a href=\"https:\/\/wncri.org\/fr\/2024\/04\/11\/fatemeh-massih\/\" target=\"_blank\" rel=\"noreferrer noopener\">Fatemeh Massih<\/a> est n\u00e9e en 1956 dans la ville de Yazd, au centre de l&#8217;Iran. Sa famille \u00e9tait religieuse, mais aussi tr\u00e8s oppos\u00e9e \u00e0 l&#8217;oppression des mollahs. Le r\u00e9gime cl\u00e9rical a tu\u00e9 sa tante au d\u00e9but des ann\u00e9es 1980, son mari et 5 de leurs enfants, ainsi que son gendre.<\/p>\n\n\n\n<p>Fatemeh a donc ressenti l&#8217;oppression du r\u00e9gime dans sa chair et ses os. Fatemeh avait l&#8217;habitude de dire que son r\u00eave \u00e9tait de trouver l&#8217;OMPI et de la rejoindre afin de lutter pour la libert\u00e9 de son pays et de le lib\u00e9rer des griffes des mollahs.<\/p>\n\n\n\n<p>Cependant, compte tenu de l&#8217;histoire de sa famille, il lui \u00e9tait tr\u00e8s difficile de trouver un moyen de quitter le pays. Finalement, lorsqu&#8217;elle l&#8217;a fait avec ses 2 filles, ce fut le plus beau jour de sa vie. On se souvient des mots qu&#8217;elle a prononc\u00e9s : &#8220;Toute ma vie et mon existence sont pour mon peuple, et j&#8217;ai fait le serment de poursuivre le chemin de ceux qui ont donn\u00e9 leur vie pour la libert\u00e9&#8221;.<\/p>\n\n\n\n<p>Elle aimait ses s\u0153urs d&#8217;Achraf et travaillait dur jour et nuit sans que personne ne se rende compte de ses efforts. Elle n&#8217;attendait rien pour sa propre personne.<\/p>\n\n\n\n<p>Le 8 avril 2011, elle faisait \u00e9galement partie de ceux qui s&#8217;\u00e9taient pr\u00e9cipit\u00e9s sur la ligne de front pour d\u00e9fendre Achraf et aider leurs s\u0153urs et fr\u00e8res bless\u00e9s.<\/p>\n\n\n\n<p>Gr\u00e2ce \u00e0 leurs sacrifices, ces h\u00e9ro\u00efnes ont sauv\u00e9 Achraf et ont eu un impact sur les d\u00e9veloppements ult\u00e9rieurs, ce qui a ouvert la voie \u00e0 la libert\u00e9 de l&#8217;Iran. On se souviendra toujours d&#8217;elles comme des h\u00e9ro\u00efnes qui ont hiss\u00e9 le drapeau de la libert\u00e9 dans les jours les plus sombres de l&#8217;histoire de leur pays.<\/p>\n","protected":false},"excerpt":{"rendered":"<p>Les h\u00e9ro\u00efnes iraniennes dont la r\u00e9sistance \u00e9pique a sauv\u00e9 Achraf L&#8217;une des confrontations les plus courageuses de l&#8217;histoire mondiale des guerres nationalistes et des mouvements de lib\u00e9ration a eu lieu le 8 avril 2011 \u00e0 Achraf, en Irak, si\u00e8ge du mouvement d&#8217;opposition iranien \u00e0 l&#8217;\u00e9poque. Emmen\u00e9s par un millier d&#8217;h\u00e9ro\u00efnes iraniennes, les combattants de la [&hellip;]<\/p>\n","protected":false},"author":4,"featured_media":22255,"comment_status":"closed","ping_status":"closed","sticky":false,"template":"","format":"standard","meta":{"jnews-multi-image_gallery":[],"jnews_single_post":{"subtitle":"","format":"standard","video":"","gallery":"","source_name":"","source_url":"","via_name":"","via_url":"","override_template":"0","override":[{"template":"7","single_blog_custom":"","parallax":"1","fullscreen":"1","layout":"right-sidebar","sidebar":"default-sidebar","second_sidebar":"default-sidebar","sticky_sidebar":"1","share_position":"floatbottom","share_float_style":"share-normal","show_share_counter":"1","show_view_counter":"1","show_featured":"1","show_post_meta":"1","show_post_author":"0","show_post_author_image":"1","show_post_date":"1","post_date_format":"default","post_date_format_custom":"Y\/m\/d","show_post_category":"1","show_post_reading_time":"0","post_reading_time_wpm":"300","show_zoom_button":"0","zoom_button_out_step":"2","zoom_button_in_step":"3","show_post_tag":"1","show_prev_next_post":"0","show_popup_post":"1","number_popup_post":"1","show_author_box":"0","show_post_related":"1","show_inline_post_related":"0"}],"override_image_size":"0","image_override":[{"single_post_thumbnail_size":"crop-500","single_post_gallery_size":"crop-500"}],"trending_post":"0","trending_post_position":"meta","trending_post_label":"Trending","sponsored_post":"0","sponsored_post_label":"Sponsored by","sponsored_post_name":"","sponsored_post_url":"","sponsored_post_logo_enable":"0","sponsored_post_logo":"","sponsored_post_desc":"","disable_ad":"0"},"jnews_primary_category":{"id":"","hide":""},"jnews_social_meta":{"fb_title":"","fb_description":"","fb_image":"","twitter_title":"","twitter_description":"","twitter_image":""},"jnews_override_counter":{"override_view_counter":"0","view_counter_number":"0","override_share_counter":"0","share_counter_number":"0","override_like_counter":"0","like_counter_number":"0","override_dislike_counter":"0","dislike_counter_number":"0"},"footnotes":""},"categories":[8],"tags":[373],"class_list":["post-19951","post","type-post","status-publish","format-standard","has-post-thumbnail","hentry","category-articles","tag-le-leadership-des-femmes"],"_links":{"self":[{"href":"https:\/\/wncri.org\/fr\/wp-json\/wp\/v2\/posts\/19951","targetHints":{"allow":["GET"]}}],"collection":[{"href":"https:\/\/wncri.org\/fr\/wp-json\/wp\/v2\/posts"}],"about":[{"href":"https:\/\/wncri.org\/fr\/wp-json\/wp\/v2\/types\/post"}],"author":[{"embeddable":true,"href":"https:\/\/wncri.org\/fr\/wp-json\/wp\/v2\/users\/4"}],"replies":[{"embeddable":true,"href":"https:\/\/wncri.org\/fr\/wp-json\/wp\/v2\/comments?post=19951"}],"version-history":[{"count":3,"href":"https:\/\/wncri.org\/fr\/wp-json\/wp\/v2\/posts\/19951\/revisions"}],"predecessor-version":[{"id":22254,"href":"https:\/\/wncri.org\/fr\/wp-json\/wp\/v2\/posts\/19951\/revisions\/22254"}],"wp:featuredmedia":[{"embeddable":true,"href":"https:\/\/wncri.org\/fr\/wp-json\/wp\/v2\/media\/22255"}],"wp:attachment":[{"href":"https:\/\/wncri.org\/fr\/wp-json\/wp\/v2\/media?parent=19951"}],"wp:term":[{"taxonomy":"category","embeddable":true,"href":"https:\/\/wncri.org\/fr\/wp-json\/wp\/v2\/categories?post=19951"},{"taxonomy":"post_tag","embeddable":true,"href":"https:\/\/wncri.org\/fr\/wp-json\/wp\/v2\/tags?post=19951"}],"curies":[{"name":"wp","href":"https:\/\/api.w.org\/{rel}","templated":true}]}}