{"id":19895,"date":"2024-03-18T17:01:39","date_gmt":"2024-03-18T16:01:39","guid":{"rendered":"https:\/\/wncri.org\/fr\/?p=19895"},"modified":"2024-03-19T21:10:08","modified_gmt":"2024-03-19T20:10:08","slug":"cdh-lintervention-de-shabnam-maddzadeh-ancienne-prisonniere-politique-interrompue-a-trois-reprises-par-la-representante-du-regime","status":"publish","type":"post","link":"https:\/\/wncri.org\/fr\/2024\/03\/18\/cdh-lintervention-de-shabnam-maddzadeh-ancienne-prisonniere-politique-interrompue-a-trois-reprises-par-la-representante-du-regime\/","title":{"rendered":"CDH\u00a0: L\u2019intervention de Shabnam Madadzadeh, ancienne prisonni\u00e8re politique, interrompue \u00e0 trois reprises par la repr\u00e9sentante du r\u00e9gime"},"content":{"rendered":"\n<h2 class=\"wp-block-heading\"><strong>pour avoir utilis\u00e9 le mot \u00ab r\u00e9gime \u00bb, \u00e9vit\u00e9 \u00ab R\u00e9publique islamique \u00bb et d\u00e9nonc\u00e9 les \u00abcrimes contre l&#8217;humanit\u00e9 \u00bb<\/strong><\/h2>\n\n\n\n<p>Dans l&#8217;apr\u00e8s-midi du lundi 18 mars, lors de la r\u00e9union du Conseil des droits de l&#8217;homme (CDH) des Nations Unies \u00e0 Gen\u00e8ve, \u00e0 la suite du rapport de <a href=\"https:\/\/news.un.org\/en\/story\/2024\/03\/1147681\" target=\"_blank\" rel=\"noreferrer noopener\">la mission internationale d\u2019\u00e9tablissement des faits sur l\u2019Iran<\/a> et aux discours de ses membres, des repr\u00e9sentants de gouvernements et d&#8217;ONGs ont pris la parole pour commenter le rapport. Un rapport qui reconna\u00eet pour la premi\u00e8re fois les crimes du r\u00e9gime des mollahs comme des \u00ab crimes contre l&#8217;humanit\u00e9 \u00bb.<\/p>\n\n\n\n<p>La derni\u00e8re intervenante \u00e9tait l\u2019ancienne prisonni\u00e8re politique Shabnam Madadzadeh, qui a pass\u00e9 5 ans dans les prisons d&#8217;Evine (T\u00e9h\u00e9ran), de Gohardacht (Karadj) et de Qarchak (Varamine). Elle est la s\u0153ur de Mahdiyeh et Akbar Madadzadeh, martyrs des Moudjahidine du peuple d\u2019Iran (OMPI) qui ont \u00e9t\u00e9 tu\u00e9s le 8 avril 2011 \u00e0 la cit\u00e9 d\u2019Achraf-1 en Irak, lors de l\u2019attaque des blind\u00e9s des forces du premier ministre Maliki, inf\u00e9od\u00e9 \u00e0 Khamenei, et de la force terroriste Qods de Qassem Soleimani.<\/p>\n\n\n\n<p>L\u2019intervention de Shabnam Madadzadeh, prononc\u00e9e au nom de \u00ab l&#8217;Association internationale des droits humains des femmes \u00bb, a \u00e9t\u00e9 interrompue \u00e0 trois reprises en 90 secondes par la repr\u00e9sentante du r\u00e9gime des mollahs au CDH. La repr\u00e9sentante du r\u00e9gime des ex\u00e9cutions et des massacres a \u00e9t\u00e9 piqu\u00e9e au vif par l\u2019expression de \u00ab crime contre l&#8217;humanit\u00e9 \u00bb et surtout par l&#8217;emploi du mot \u00ab r\u00e9gime \u00bb par cette ancienne prisonni\u00e8re politique pour \u00e9viter \u00ab R\u00e9publique islamique \u00bb.<\/p>\n\n\n\n<p>Mais \u00e0 trois reprises, le vice-pr\u00e9sident du Conseil des droits de l&#8217;homme qui pr\u00e9sidait la s\u00e9ance, rappelant le r\u00e8glement des r\u00e9unions du Conseil des droits de l&#8217;homme, a redonn\u00e9 la parole \u00e0 Shabnam Madadzadeh. Remerciant la mission d&#8217;\u00e9tablissement des faits pour son terme pr\u00e9cis de &#8220;crime contre l&#8217;humanit\u00e9&#8221; concernant les brutalit\u00e9s du r\u00e9gime, Mme Madadzadeh a not\u00e9 que le rapport de \u00ab&nbsp;ne traite que d&#8217;une petite partie des crimes du r\u00e9gime, et des milliers de jeunes n&#8217;ont pas pu t\u00e9moigner&nbsp;\u00bb.<\/p>\n\n\n\n<p>Elle a ajout\u00e9 : \u00ab Je suis ici en tant que prisonni\u00e8re politique en Iran avec 5 ans d&#8217;exp\u00e9rience pour t\u00e9moigner des crimes du r\u00e9gime. Forough Taghipour et Marzieh Farsi, arr\u00eat\u00e9es apr\u00e8s le soul\u00e8vement, ont \u00e9t\u00e9 condamn\u00e9es chacune \u00e0 15 ans de prison. Maryam Akbari Monfared a \u00e9t\u00e9 condamn\u00e9e \u00e0 trois ans de prison suppl\u00e9mentaires pour le crime de soutien au soul\u00e8vement au cours de sa quinzi\u00e8me ann\u00e9e de d\u00e9tention.&nbsp;\u00bb Puis elle a conclu : \u00ab Il est temps de porter le dossier des crimes contre l&#8217;humanit\u00e9 du r\u00e9gime iranien devant le Conseil de s\u00e9curit\u00e9 de l&#8217;ONU, non seulement en ce qui concerne le soul\u00e8vement de 2022, mais aussi en ce qui concerne 45 ans de violations des droits humains, y compris le massacre de 1988.&nbsp;\u00bb<\/p>\n\n\n<div class=\"wp-block-image\">\n<figure class=\"aligncenter size-large\"><img decoding=\"async\" src=\"data:image\/gif;base64,R0lGODlhAQABAIAAAAAAAP\/\/\/yH5BAEAAAAALAAAAAABAAEAAAIBRAA7\" data-src=\"https:\/\/wncri.org\/fr\/wp-content\/uploads\/2024\/03\/Human-Rights-Council-2-min-1024x512.jpg\" alt=\"\" class=\"wp-image-19897 lazyload\"\/><noscript><img decoding=\"async\" width=\"1024\" height=\"512\" src=\"https:\/\/wncri.org\/fr\/wp-content\/uploads\/2024\/03\/Human-Rights-Council-2-min-1024x512.jpg\" alt=\"\" class=\"wp-image-19897 lazyload\" srcset=\"https:\/\/wncri.org\/fr\/wp-content\/uploads\/2024\/03\/Human-Rights-Council-2-min-1024x512.jpg 1024w, https:\/\/wncri.org\/fr\/wp-content\/uploads\/2024\/03\/Human-Rights-Council-2-min-300x150.jpg 300w, https:\/\/wncri.org\/fr\/wp-content\/uploads\/2024\/03\/Human-Rights-Council-2-min-768x384.jpg 768w, https:\/\/wncri.org\/fr\/wp-content\/uploads\/2024\/03\/Human-Rights-Council-2-min-360x180.jpg 360w, https:\/\/wncri.org\/fr\/wp-content\/uploads\/2024\/03\/Human-Rights-Council-2-min-750x375.jpg 750w, https:\/\/wncri.org\/fr\/wp-content\/uploads\/2024\/03\/Human-Rights-Council-2-min.jpg 1140w\" sizes=\"(max-width: 1024px) 100vw, 1024px\" \/><\/noscript><\/figure>\n<\/div>\n\n\n<p>Lors de la r\u00e9union du CDH de l\u2019ONU, tout le monde a vu que le r\u00e9gime des ex\u00e9cutions et des massacres est incapable de tol\u00e9rer ne serait-ce qu\u2019un discours de 90 secondes d&#8217;une prisonni\u00e8re politique rest\u00e9e fid\u00e8le \u00e0 ses convictions.&nbsp; Et comble du scandale, il essaie de la faire taire jusqu\u2019au Conseil des droits de l&#8217;Homme de l\u2019ONU \u00e0 Gen\u00e8ve. Tout comme pr\u00e8s de cette ville, 13 de ses terroristes munis de passeports diplomatiques avaient abattu le Pr Kazem Radjavi pour avoir d\u00e9fendu les droits humains.<\/p>\n\n\n\n<p>Parall\u00e8lement \u00e0 cette r\u00e9union, une manifestation d\u2019Iraniens \u00e9pris de libert\u00e9 a eu lieu devant le si\u00e8ge des Nations Unies \u00e0 Gen\u00e8ve, et les intervenants ont exig\u00e9 l&#8217;expulsion du r\u00e9gime ill\u00e9gitime des mollahs de l\u2019ONU. Ils ont appel\u00e9 au renvoi du dossier de \u00ab crime contre l&#8217;humanit\u00e9 \u00bb devant le Conseil de s\u00e9curit\u00e9 et \u00e0 faire traduire en justice Khamenei, son pr\u00e9sident Ra\u00efssi et les autres dirigeants du r\u00e9gime.<\/p>\n\n\n\n<p class=\"has-text-align-center\"><strong>Secr\u00e9tariat du Conseil national de la R\u00e9sistance iranienne<\/strong><\/p>\n\n\n\n<p class=\"has-text-align-center\"><strong>Le 18 mars 2024<\/strong><strong><\/strong><\/p>\n","protected":false},"excerpt":{"rendered":"<p>pour avoir utilis\u00e9 le mot \u00ab r\u00e9gime \u00bb, \u00e9vit\u00e9 \u00ab R\u00e9publique islamique \u00bb et d\u00e9nonc\u00e9 les \u00abcrimes contre l&#8217;humanit\u00e9 \u00bb Dans l&#8217;apr\u00e8s-midi du lundi 18 mars, lors de la r\u00e9union du Conseil des droits de l&#8217;homme (CDH) des Nations Unies \u00e0 Gen\u00e8ve, \u00e0 la suite du rapport de la mission internationale d\u2019\u00e9tablissement des faits sur [&hellip;]<\/p>\n","protected":false},"author":4,"featured_media":19896,"comment_status":"closed","ping_status":"closed","sticky":false,"template":"","format":"standard","meta":{"jnews-multi-image_gallery":[],"jnews_single_post":{"subtitle":"","format":"standard","video":"","gallery":"","source_name":"","source_url":"","via_name":"","via_url":"","override_template":"0","override":[{"template":"7","single_blog_custom":"","parallax":"1","fullscreen":"1","layout":"right-sidebar","sidebar":"default-sidebar","second_sidebar":"default-sidebar","sticky_sidebar":"1","share_position":"floatbottom","share_float_style":"share-normal","show_share_counter":"1","show_view_counter":"1","show_featured":"1","show_post_meta":"1","show_post_author":"0","show_post_author_image":"1","show_post_date":"1","post_date_format":"default","post_date_format_custom":"Y\/m\/d","show_post_category":"1","show_post_reading_time":"0","post_reading_time_wpm":"300","show_zoom_button":"0","zoom_button_out_step":"2","zoom_button_in_step":"3","show_post_tag":"1","show_prev_next_post":"0","show_popup_post":"1","number_popup_post":"1","show_author_box":"0","show_post_related":"1","show_inline_post_related":"0"}],"override_image_size":"0","image_override":[{"single_post_thumbnail_size":"crop-500","single_post_gallery_size":"crop-500"}],"trending_post":"0","trending_post_position":"meta","trending_post_label":"Trending","sponsored_post":"0","sponsored_post_label":"Sponsored by","sponsored_post_name":"","sponsored_post_url":"","sponsored_post_logo_enable":"0","sponsored_post_logo":"","sponsored_post_desc":"","disable_ad":"0"},"jnews_primary_category":{"id":"","hide":""},"jnews_social_meta":{"fb_title":"","fb_description":"","fb_image":"","twitter_title":"","twitter_description":"","twitter_image":""},"jnews_override_counter":{"override_view_counter":"0","view_counter_number":"0","override_share_counter":"0","share_counter_number":"0","override_like_counter":"0","like_counter_number":"0","override_dislike_counter":"0","dislike_counter_number":"0"},"footnotes":""},"categories":[3],"tags":[370,376],"class_list":["post-19895","post","type-post","status-publish","format-standard","has-post-thumbnail","hentry","category-infos-des-femmes","tag-prisonnieres","tag-violence-contre-les-femmes"],"_links":{"self":[{"href":"https:\/\/wncri.org\/fr\/wp-json\/wp\/v2\/posts\/19895","targetHints":{"allow":["GET"]}}],"collection":[{"href":"https:\/\/wncri.org\/fr\/wp-json\/wp\/v2\/posts"}],"about":[{"href":"https:\/\/wncri.org\/fr\/wp-json\/wp\/v2\/types\/post"}],"author":[{"embeddable":true,"href":"https:\/\/wncri.org\/fr\/wp-json\/wp\/v2\/users\/4"}],"replies":[{"embeddable":true,"href":"https:\/\/wncri.org\/fr\/wp-json\/wp\/v2\/comments?post=19895"}],"version-history":[{"count":2,"href":"https:\/\/wncri.org\/fr\/wp-json\/wp\/v2\/posts\/19895\/revisions"}],"predecessor-version":[{"id":19904,"href":"https:\/\/wncri.org\/fr\/wp-json\/wp\/v2\/posts\/19895\/revisions\/19904"}],"wp:featuredmedia":[{"embeddable":true,"href":"https:\/\/wncri.org\/fr\/wp-json\/wp\/v2\/media\/19896"}],"wp:attachment":[{"href":"https:\/\/wncri.org\/fr\/wp-json\/wp\/v2\/media?parent=19895"}],"wp:term":[{"taxonomy":"category","embeddable":true,"href":"https:\/\/wncri.org\/fr\/wp-json\/wp\/v2\/categories?post=19895"},{"taxonomy":"post_tag","embeddable":true,"href":"https:\/\/wncri.org\/fr\/wp-json\/wp\/v2\/tags?post=19895"}],"curies":[{"name":"wp","href":"https:\/\/api.w.org\/{rel}","templated":true}]}}