{"id":19846,"date":"2024-03-16T23:39:26","date_gmt":"2024-03-16T22:39:26","guid":{"rendered":"https:\/\/wncri.org\/fr\/?p=19846"},"modified":"2024-03-17T00:03:22","modified_gmt":"2024-03-16T23:03:22","slug":"maryam-khalili","status":"publish","type":"post","link":"https:\/\/wncri.org\/fr\/2024\/03\/16\/maryam-khalili\/","title":{"rendered":"Maryam Khalili arr\u00eat\u00e9e arbitrairement, Sanaz JahanTigh reste en prison"},"content":{"rendered":"\n<h2 class=\"wp-block-heading\">Les forces de s\u00e9curit\u00e9 d&#8217;Ispahan ont arr\u00eat\u00e9 Maryam Khalili le jeudi 14 mars 2024 et l&#8217;ont emmen\u00e9e dans un lieu non divulgu\u00e9.<\/h2>\n\n\n\n<p>Maryam Khalili avait \u00e9t\u00e9 convoqu\u00e9e \u00e0 plusieurs reprises par les autorit\u00e9s judiciaires et interrog\u00e9e. Elle est accus\u00e9e d&#8217;avoir diffus\u00e9 de la propagande contre l&#8217;\u00c9tat, d&#8217;avoir insult\u00e9 le dirigeant et d&#8217;avoir insult\u00e9 les lieux saints.<\/p>\n\n\n\n<p>Son proc\u00e8s se tiendra en mai dans l&#8217;une des branches du tribunal r\u00e9volutionnaire d&#8217;<a href=\"https:\/\/fr.wikipedia.org\/wiki\/Ispahan\" target=\"_blank\" rel=\"noreferrer noopener\">Ispahan<\/a>. Jusqu&#8217;\u00e0 pr\u00e9sent, aucune information n&#8217;est disponible sur son lieu de d\u00e9tention ou sur les raisons de son arrestation.<\/p>\n\n\n\n<p>Maryam Khalili, \u00e9galement connue sous le nom de Marzieh Khalili, est \u00e2g\u00e9e de 24 ans et vit \u00e0 Ispahan.<\/p>\n\n\n<div class=\"wp-block-image\">\n<figure class=\"aligncenter size-large\"><img decoding=\"async\" src=\"data:image\/gif;base64,R0lGODlhAQABAIAAAAAAAP\/\/\/yH5BAEAAAAALAAAAAABAAEAAAIBRAA7\" data-src=\"https:\/\/wncri.org\/fr\/wp-content\/uploads\/2024\/03\/Sanaz-JahanTigh-min-1024x512.jpg\" alt=\"Maryam Khalili arr\u00eat\u00e9e arbitrairement, Sanaz JahanTigh reste en prison\" class=\"wp-image-19848 lazyload\"\/><noscript><img decoding=\"async\" width=\"1024\" height=\"512\" src=\"https:\/\/wncri.org\/fr\/wp-content\/uploads\/2024\/03\/Sanaz-JahanTigh-min-1024x512.jpg\" alt=\"Maryam Khalili arr\u00eat\u00e9e arbitrairement, Sanaz JahanTigh reste en prison\" class=\"wp-image-19848 lazyload\" srcset=\"https:\/\/wncri.org\/fr\/wp-content\/uploads\/2024\/03\/Sanaz-JahanTigh-min-1024x512.jpg 1024w, https:\/\/wncri.org\/fr\/wp-content\/uploads\/2024\/03\/Sanaz-JahanTigh-min-300x150.jpg 300w, https:\/\/wncri.org\/fr\/wp-content\/uploads\/2024\/03\/Sanaz-JahanTigh-min-768x384.jpg 768w, https:\/\/wncri.org\/fr\/wp-content\/uploads\/2024\/03\/Sanaz-JahanTigh-min-360x180.jpg 360w, https:\/\/wncri.org\/fr\/wp-content\/uploads\/2024\/03\/Sanaz-JahanTigh-min-750x375.jpg 750w, https:\/\/wncri.org\/fr\/wp-content\/uploads\/2024\/03\/Sanaz-JahanTigh-min.jpg 1140w\" sizes=\"(max-width: 1024px) 100vw, 1024px\" \/><\/noscript><figcaption class=\"wp-element-caption\">Sanaz JahanTigh<\/figcaption><\/figure>\n<\/div>\n\n\n<p>Par ailleurs, Sanaz JahanTigh est d\u00e9tenue depuis 6 mois, depuis son arrestation, sans avoir \u00e9t\u00e9 jug\u00e9e. Les autorit\u00e9s ont rejet\u00e9 la demande de sa famille de la lib\u00e9rer temporairement sous caution.<\/p>\n\n\n\n<p>Sanaz JahanTigh, 30 ans, est originaire de Qaemchahr, dans la <a href=\"https:\/\/fr.wikipedia.org\/wiki\/Mazand%C3%A9ran\" target=\"_blank\" rel=\"noreferrer noopener\">province de Mazandaran<\/a>. Elle a \u00e9t\u00e9 arr\u00eat\u00e9e \u00e0 Sari, la capitale du Mazandaran, le 21 septembre 2022. Elle a ensuite \u00e9t\u00e9 transf\u00e9r\u00e9e \u00e0 la prison de Qaemchahr et finalement lib\u00e9r\u00e9e sous caution le 2 novembre 2024.\u00a0<\/p>\n\n\n\n<p>Elle a \u00e9t\u00e9 arr\u00eat\u00e9e pour la 2\u00e8me fois \u00e0 Sari \u00e0 la fin du mois de d\u00e9cembre 2022 pour avoir particip\u00e9 aux <a href=\"https:\/\/wncri.org\/fr\/2023\/03\/13\/lutte-pour-la-liberte\/\" target=\"_blank\" rel=\"noreferrer noopener\">manifestations nationales<\/a>. Elle a \u00e9t\u00e9 incarc\u00e9r\u00e9e \u00e0 la prison de Qaemchahr et lib\u00e9r\u00e9e apr\u00e8s un certain temps.<\/p>\n\n\n\n<p>Sanaz JahanTigh a \u00e9t\u00e9 arr\u00eat\u00e9e pour la troisi\u00e8me fois il y a 6 mois. Elle est accus\u00e9e d&#8217;avoir diffus\u00e9 de la propagande contre l&#8217;\u00c9tat et d&#8217;avoir incit\u00e9 d&#8217;autres personnes \u00e0 perturber la s\u00e9curit\u00e9 nationale du pays.<\/p>\n","protected":false},"excerpt":{"rendered":"<p>Les forces de s\u00e9curit\u00e9 d&#8217;Ispahan ont arr\u00eat\u00e9 Maryam Khalili le jeudi 14 mars 2024 et l&#8217;ont emmen\u00e9e dans un lieu non divulgu\u00e9. Maryam Khalili avait \u00e9t\u00e9 convoqu\u00e9e \u00e0 plusieurs reprises par les autorit\u00e9s judiciaires et interrog\u00e9e. Elle est accus\u00e9e d&#8217;avoir diffus\u00e9 de la propagande contre l&#8217;\u00c9tat, d&#8217;avoir insult\u00e9 le dirigeant et d&#8217;avoir insult\u00e9 les lieux [&hellip;]<\/p>\n","protected":false},"author":4,"featured_media":19847,"comment_status":"closed","ping_status":"closed","sticky":false,"template":"","format":"standard","meta":{"jnews-multi-image_gallery":[],"jnews_single_post":{"subtitle":"","format":"standard","video":"","gallery":"","source_name":"","source_url":"","via_name":"","via_url":"","override_template":"0","override":[{"template":"7","single_blog_custom":"","parallax":"1","fullscreen":"1","layout":"right-sidebar","sidebar":"default-sidebar","second_sidebar":"default-sidebar","sticky_sidebar":"1","share_position":"floatbottom","share_float_style":"share-normal","show_share_counter":"1","show_view_counter":"1","show_featured":"1","show_post_meta":"1","show_post_author":"0","show_post_author_image":"1","show_post_date":"1","post_date_format":"default","post_date_format_custom":"Y\/m\/d","show_post_category":"1","show_post_reading_time":"0","post_reading_time_wpm":"300","show_zoom_button":"0","zoom_button_out_step":"2","zoom_button_in_step":"3","show_post_tag":"1","show_prev_next_post":"0","show_popup_post":"1","number_popup_post":"1","show_author_box":"0","show_post_related":"1","show_inline_post_related":"0"}],"override_image_size":"0","image_override":[{"single_post_thumbnail_size":"crop-500","single_post_gallery_size":"crop-500"}],"trending_post":"0","trending_post_position":"meta","trending_post_label":"Trending","sponsored_post":"0","sponsored_post_label":"Sponsored by","sponsored_post_name":"","sponsored_post_url":"","sponsored_post_logo_enable":"0","sponsored_post_logo":"","sponsored_post_desc":"","disable_ad":"0"},"jnews_primary_category":{"id":"","hide":""},"jnews_social_meta":{"fb_title":"","fb_description":"","fb_image":"","twitter_title":"","twitter_description":"","twitter_image":""},"jnews_override_counter":{"override_view_counter":"0","view_counter_number":"0","override_share_counter":"0","share_counter_number":"0","override_like_counter":"0","like_counter_number":"0","override_dislike_counter":"0","dislike_counter_number":"0"},"footnotes":""},"categories":[3],"tags":[370],"class_list":["post-19846","post","type-post","status-publish","format-standard","has-post-thumbnail","hentry","category-infos-des-femmes","tag-prisonnieres"],"_links":{"self":[{"href":"https:\/\/wncri.org\/fr\/wp-json\/wp\/v2\/posts\/19846","targetHints":{"allow":["GET"]}}],"collection":[{"href":"https:\/\/wncri.org\/fr\/wp-json\/wp\/v2\/posts"}],"about":[{"href":"https:\/\/wncri.org\/fr\/wp-json\/wp\/v2\/types\/post"}],"author":[{"embeddable":true,"href":"https:\/\/wncri.org\/fr\/wp-json\/wp\/v2\/users\/4"}],"replies":[{"embeddable":true,"href":"https:\/\/wncri.org\/fr\/wp-json\/wp\/v2\/comments?post=19846"}],"version-history":[{"count":1,"href":"https:\/\/wncri.org\/fr\/wp-json\/wp\/v2\/posts\/19846\/revisions"}],"predecessor-version":[{"id":19849,"href":"https:\/\/wncri.org\/fr\/wp-json\/wp\/v2\/posts\/19846\/revisions\/19849"}],"wp:featuredmedia":[{"embeddable":true,"href":"https:\/\/wncri.org\/fr\/wp-json\/wp\/v2\/media\/19847"}],"wp:attachment":[{"href":"https:\/\/wncri.org\/fr\/wp-json\/wp\/v2\/media?parent=19846"}],"wp:term":[{"taxonomy":"category","embeddable":true,"href":"https:\/\/wncri.org\/fr\/wp-json\/wp\/v2\/categories?post=19846"},{"taxonomy":"post_tag","embeddable":true,"href":"https:\/\/wncri.org\/fr\/wp-json\/wp\/v2\/tags?post=19846"}],"curies":[{"name":"wp","href":"https:\/\/api.w.org\/{rel}","templated":true}]}}