{"id":19835,"date":"2024-03-14T23:05:58","date_gmt":"2024-03-14T22:05:58","guid":{"rendered":"https:\/\/wncri.org\/fr\/?p=19835"},"modified":"2024-03-16T11:56:58","modified_gmt":"2024-03-16T10:56:58","slug":"soada-khadirzadeh-inculpe","status":"publish","type":"post","link":"https:\/\/wncri.org\/fr\/2024\/03\/14\/soada-khadirzadeh-inculpe\/","title":{"rendered":"Soada Khadirzadeh inculp\u00e9e dans une nouvelle affaire sur ordre du minist\u00e8re des renseignements"},"content":{"rendered":"\n<h4 class=\"wp-block-heading\">Sur ordre du minist\u00e8re des renseignements, le tribunal r\u00e9volutionnaire de <a href=\"https:\/\/fr.wikipedia.org\/wiki\/Miandoab\" target=\"_blank\" rel=\"noreferrer noopener\">Miandoab<\/a> a inculp\u00e9 une prisonni\u00e8re politique kurde, Soada Khadirzadeh, d&#8217;aide \u00e0 l&#8217;achat d&#8217;armes dans une nouvelle affaire. Elle est d\u00e9tenue \u00e0 la prison d&#8217;Ourmia, dans le nord-ouest de l&#8217;Iran.<\/h4>\n\n\n\n<p>Auparavant, elle avait \u00e9t\u00e9 condamn\u00e9e \u00e0 un total de <a href=\"https:\/\/wncri.org\/fr\/2022\/05\/10\/les-autorites-de-la-prison-dourmia\/\" target=\"_blank\" rel=\"noreferrer noopener\">16 ans et 6 mois de prison<\/a> pour 2 peines prononc\u00e9es par les tribunaux r\u00e9volutionnaires de Mahabad et Piranchahr pour &#8220;complicit\u00e9 de meurtre&#8221; et appartenance \u00e0 un groupe kurde dissident. L&#8217;accusation de &#8220;complicit\u00e9 de meurtre&#8221; a \u00e9t\u00e9 rejet\u00e9e par la Cour supr\u00eame.<\/p>\n\n\n\n<p>Selon des sources inform\u00e9es, apr\u00e8s le rejet de l&#8217;accusation de Soada Khadirzadeh, la famille de la plaignante, qui est membre du minist\u00e8re des renseignements, a imm\u00e9diatement d\u00e9pos\u00e9 une plainte et ouvert une nouvelle affaire contre elle pour tenter de maintenir en prison la m\u00e8re et sa fille.<\/p>\n\n\n\n<p>L&#8217;avocat de Soada Khadirzadeh s&#8217;est oppos\u00e9 aux nouvelles accusations port\u00e9es contre sa cliente.&nbsp; En r\u00e9ponse \u00e0 la protestation de l&#8217;avocat, le juge a d\u00e9clar\u00e9 : &#8220;Que la Cour supr\u00eame ait rejet\u00e9 les accusations ou non, cette femme a une plaignante et est accus\u00e9e d&#8217;avoir aid\u00e9 \u00e0 l&#8217;achat d&#8217;armes pour son mari&#8221;.<\/p>\n\n\n\n<p>Cette nouvelle affaire intervient \u00e0 un moment o\u00f9 Soada Khadirzadeh, apr\u00e8s avoir purg\u00e9 2 ans et 5 mois de sa peine d&#8217;emprisonnement et apr\u00e8s le rejet de l&#8217;accusation de complicit\u00e9 de meurtre, devrait avoir droit \u00e0 une lib\u00e9ration conditionnelle ou au moins \u00e0 une permission de sortie de prison.<\/p>\n\n\n\n<p>Mais cette m\u00e8re de 35 ans, ainsi que sa fille d&#8217;un an, Solina, <a href=\"https:\/\/wncri.org\/fr\/2022\/06\/25\/khadirzadeh\/\" target=\"_blank\" rel=\"noreferrer noopener\">n\u00e9e en prison<\/a>, sont toujours d\u00e9tenues \u00e0 la prison centrale d&#8217;Ourmia.<\/p>\n\n\n\n<h3 class=\"wp-block-heading\"><strong>Informations g\u00e9n\u00e9rales<\/strong><\/h3>\n\n\n\n<p>En f\u00e9vrier 2023, la Cour supr\u00eame a rejet\u00e9 la condamnation de Soada Khadirzadeh \u00e0 10 ans et 6 mois d&#8217;emprisonnement pour &#8220;complicit\u00e9 de meurtre&#8221;. Elle avait \u00e9t\u00e9 condamn\u00e9e \u00e0 2 ans et un jour de prison par le tribunal r\u00e9volutionnaire de Mahabad pour avoir aid\u00e9 son mari \u00e0 fuir. Elle a \u00e9galement \u00e9t\u00e9 condamn\u00e9e \u00e0 4 &nbsp;ans de prison par le tribunal r\u00e9volutionnaire de Piranchahr pour appartenance \u00e0 un groupe dissident kurde.&nbsp;<\/p>\n\n\n\n<h3 class=\"wp-block-heading\"><strong>Solina, \u00e2g\u00e9e d&#8217;un an, priv\u00e9e de son acte de naissance<\/strong><\/h3>\n\n\n\n<p>Solina, qui a eu un an le 20 juin 2023 \u00e0 la prison d&#8217;Ourmia, n&#8217;a pas de certificat de naissance et sa m\u00e8re lutte pour l&#8217;\u00e9lever en prison. Soada Khadirzadeh ne peut pas fournir <a href=\"https:\/\/wncri.org\/fr\/2022\/08\/03\/soada-khadirzadeh-et-sa-petite\/\" target=\"_blank\" rel=\"noreferrer noopener\">de lait en poudre<\/a> ni de v\u00eatements \u00e0 sa fille. Il y a aussi la menace que les autorit\u00e9s p\u00e9nitentiaires enl\u00e8vent Solina \u00e0 sa m\u00e8re sous divers pr\u00e9textes.<\/p>\n\n\n\n<p>Solina, qui a maintenant un an et 9 mois, n&#8217;a jamais quitt\u00e9 la prison et n&#8217;a pas \u00e9t\u00e9 autoris\u00e9e \u00e0 voir un m\u00e9decin en dehors de la prison. Elle n&#8217;a \u00e9t\u00e9 autoris\u00e9e \u00e0 participer \u00e0 une s\u00e9ance du tribunal avec sa m\u00e8re qu&#8217;en f\u00e9vrier 2023, au cours de laquelle un membre de la famille du plaignant a tent\u00e9 de donner un coup de pied \u00e0 Solina, mais en a \u00e9t\u00e9 emp\u00each\u00e9 par des agents du tribunal.<\/p>\n\n\n\n<p>Les plaignants, qui sont affili\u00e9s au minist\u00e8re des renseignements, ont demand\u00e9 la peine la plus s\u00e9v\u00e8re pour la jeune m\u00e8re et ont <a href=\"https:\/\/wncri.org\/fr\/2022\/08\/28\/laffaire-soada\/\" target=\"_blank\" rel=\"noreferrer noopener\">menac\u00e9 de la tuer<\/a> si elle b\u00e9n\u00e9ficiait d&#8217;une permission de sortie de prison. En raison des pressions et des menaces dont elle fait l&#8217;objet, Soada est dans un mauvais \u00e9tat mental et a <a href=\"https:\/\/wncri.org\/fr\/2022\/08\/19\/soada\/\" target=\"_blank\" rel=\"noreferrer noopener\">d\u00e9j\u00e0 tent\u00e9 de mettre fin \u00e0 ses jours<\/a>.\u00a0<\/p>\n\n\n\n<p>Pendant sa grossesse, elle a demand\u00e9 \u00e0 plusieurs reprises une permission de sortie et, m\u00eame apr\u00e8s avoir pay\u00e9 une caution importante, elle n&#8217;a pas \u00e9t\u00e9 autoris\u00e9e \u00e0 sortir sur ordre du minist\u00e8re des renseignements et a entam\u00e9 une gr\u00e8ve de la faim en signe de protestation.<\/p>\n\n\n\n<p>N\u00e9e en 1989, cette prisonni\u00e8re politique kurde est originaire de Piranchahr, dans le nord-ouest de l&#8217;Iran. Elle a perdu son p\u00e8re \u00e0 l&#8217;\u00e2ge de 9 ans et n&#8217;a pas pu poursuivre ses \u00e9tudes en raison de la pauvret\u00e9.<\/p>\n\n\n\n<p>Soada Khadirzadeh a \u00e9t\u00e9 arr\u00eat\u00e9e par les forces gouvernementales \u00e0 Piranchahr le 14 octobre 2021 et a \u00e9t\u00e9 transf\u00e9r\u00e9e \u00e0 la prison centrale d&#8217;Ourmia le 8 novembre.<\/p>\n","protected":false},"excerpt":{"rendered":"<p>Sur ordre du minist\u00e8re des renseignements, le tribunal r\u00e9volutionnaire de Miandoab a inculp\u00e9 une prisonni\u00e8re politique kurde, Soada Khadirzadeh, d&#8217;aide \u00e0 l&#8217;achat d&#8217;armes dans une nouvelle affaire. Elle est d\u00e9tenue \u00e0 la prison d&#8217;Ourmia, dans le nord-ouest de l&#8217;Iran. Auparavant, elle avait \u00e9t\u00e9 condamn\u00e9e \u00e0 un total de 16 ans et 6 mois de prison [&hellip;]<\/p>\n","protected":false},"author":4,"featured_media":18355,"comment_status":"closed","ping_status":"closed","sticky":false,"template":"","format":"standard","meta":{"jnews-multi-image_gallery":[],"jnews_single_post":{"subtitle":"","format":"standard","video":"","gallery":"","source_name":"","source_url":"","via_name":"","via_url":"","override_template":"0","override":[{"template":"7","single_blog_custom":"","parallax":"1","fullscreen":"1","layout":"right-sidebar","sidebar":"default-sidebar","second_sidebar":"default-sidebar","sticky_sidebar":"1","share_position":"floatbottom","share_float_style":"share-normal","show_share_counter":"1","show_view_counter":"1","show_featured":"1","show_post_meta":"1","show_post_author":"0","show_post_author_image":"1","show_post_date":"1","post_date_format":"default","post_date_format_custom":"Y\/m\/d","show_post_category":"1","show_post_reading_time":"0","post_reading_time_wpm":"300","show_zoom_button":"0","zoom_button_out_step":"2","zoom_button_in_step":"3","show_post_tag":"1","show_prev_next_post":"0","show_popup_post":"1","number_popup_post":"1","show_author_box":"0","show_post_related":"1","show_inline_post_related":"0"}],"override_image_size":"0","image_override":[{"single_post_thumbnail_size":"crop-500","single_post_gallery_size":"crop-500"}],"trending_post":"0","trending_post_position":"meta","trending_post_label":"Trending","sponsored_post":"0","sponsored_post_label":"Sponsored by","sponsored_post_name":"","sponsored_post_url":"","sponsored_post_logo_enable":"0","sponsored_post_logo":"","sponsored_post_desc":"","disable_ad":"0"},"jnews_primary_category":{"id":"","hide":""},"jnews_social_meta":{"fb_title":"","fb_description":"","fb_image":"","twitter_title":"","twitter_description":"","twitter_image":""},"jnews_override_counter":{"override_view_counter":"0","view_counter_number":"0","override_share_counter":"0","share_counter_number":"0","override_like_counter":"0","like_counter_number":"0","override_dislike_counter":"0","dislike_counter_number":"0"},"footnotes":""},"categories":[3],"tags":[370],"class_list":["post-19835","post","type-post","status-publish","format-standard","has-post-thumbnail","hentry","category-infos-des-femmes","tag-prisonnieres"],"_links":{"self":[{"href":"https:\/\/wncri.org\/fr\/wp-json\/wp\/v2\/posts\/19835","targetHints":{"allow":["GET"]}}],"collection":[{"href":"https:\/\/wncri.org\/fr\/wp-json\/wp\/v2\/posts"}],"about":[{"href":"https:\/\/wncri.org\/fr\/wp-json\/wp\/v2\/types\/post"}],"author":[{"embeddable":true,"href":"https:\/\/wncri.org\/fr\/wp-json\/wp\/v2\/users\/4"}],"replies":[{"embeddable":true,"href":"https:\/\/wncri.org\/fr\/wp-json\/wp\/v2\/comments?post=19835"}],"version-history":[{"count":2,"href":"https:\/\/wncri.org\/fr\/wp-json\/wp\/v2\/posts\/19835\/revisions"}],"predecessor-version":[{"id":19837,"href":"https:\/\/wncri.org\/fr\/wp-json\/wp\/v2\/posts\/19835\/revisions\/19837"}],"wp:featuredmedia":[{"embeddable":true,"href":"https:\/\/wncri.org\/fr\/wp-json\/wp\/v2\/media\/18355"}],"wp:attachment":[{"href":"https:\/\/wncri.org\/fr\/wp-json\/wp\/v2\/media?parent=19835"}],"wp:term":[{"taxonomy":"category","embeddable":true,"href":"https:\/\/wncri.org\/fr\/wp-json\/wp\/v2\/categories?post=19835"},{"taxonomy":"post_tag","embeddable":true,"href":"https:\/\/wncri.org\/fr\/wp-json\/wp\/v2\/tags?post=19835"}],"curies":[{"name":"wp","href":"https:\/\/api.w.org\/{rel}","templated":true}]}}