{"id":19713,"date":"2024-02-18T22:32:00","date_gmt":"2024-02-18T21:32:00","guid":{"rendered":"https:\/\/wncri.org\/fr\/?p=19713"},"modified":"2024-02-19T19:00:15","modified_gmt":"2024-02-19T18:00:15","slug":"arghavan-fallahi-2","status":"publish","type":"post","link":"https:\/\/wncri.org\/fr\/2024\/02\/18\/arghavan-fallahi-2\/","title":{"rendered":"Arghavan Fallahi et Parvin Mirasan d\u00e9tenues dans les limbes depuis 15 mois"},"content":{"rendered":"\n<h2 class=\"wp-block-heading\">Nasim Gholami Simiyari d\u00e9tenue dans les limbes apr\u00e8s 9 mois de d\u00e9tention<\/h2>\n\n\n\n<h3 class=\"wp-block-heading\">3 prisonni\u00e8res politiques <a href=\"https:\/\/wncri.org\/fr\/2023\/12\/29\/des-prisonnieres-politiques\/\" target=\"_blank\" rel=\"noreferrer noopener\">affili\u00e9s \u00e0 l&#8217;OMPI<\/a>, Arghavan Fallahi, Parvin Mirasan et Nasim Gholami Simiyari, sont actuellement d\u00e9tenues au quartier des femmes de la prison d&#8217;Evin, dans un \u00e9tat d&#8217;incertitude.<\/h3>\n\n\n\n<p>Arghavan Fallahi et <a href=\"https:\/\/wncri.org\/fr\/2023\/05\/31\/arghavan-fallahi\/\" target=\"_blank\" rel=\"noreferrer noopener\">Parvin Mirasan<\/a> sont d\u00e9tenues dans les limbes depuis 15 mois, depuis leur arrestation. Ils ont \u00e9t\u00e9 appr\u00e9hend\u00e9s avec le p\u00e8re et le fr\u00e8re d&#8217;Arghavan Fallahi par les forces de s\u00e9curit\u00e9 le 4 novembre 2022, lors de manifestations \u00e0 Ispahan, dans le centre de l&#8217;Iran.<\/p>\n\n\n<div class=\"wp-block-image\">\n<figure class=\"aligncenter size-large\"><img decoding=\"async\" src=\"data:image\/gif;base64,R0lGODlhAQABAIAAAAAAAP\/\/\/yH5BAEAAAAALAAAAAABAAEAAAIBRAA7\" data-src=\"https:\/\/wncri.org\/fr\/wp-content\/uploads\/2024\/02\/Arghavan-Fallahi-min-1024x512.jpg\" alt=\"Arghavan Fallahi et Parvin Mirasan d\u00e9tenues dans les limbes depuis 15 mois\" class=\"wp-image-19715 lazyload\"\/><noscript><img decoding=\"async\" width=\"1024\" height=\"512\" src=\"https:\/\/wncri.org\/fr\/wp-content\/uploads\/2024\/02\/Arghavan-Fallahi-min-1024x512.jpg\" alt=\"Arghavan Fallahi et Parvin Mirasan d\u00e9tenues dans les limbes depuis 15 mois\" class=\"wp-image-19715 lazyload\" srcset=\"https:\/\/wncri.org\/fr\/wp-content\/uploads\/2024\/02\/Arghavan-Fallahi-min-1024x512.jpg 1024w, https:\/\/wncri.org\/fr\/wp-content\/uploads\/2024\/02\/Arghavan-Fallahi-min-300x150.jpg 300w, https:\/\/wncri.org\/fr\/wp-content\/uploads\/2024\/02\/Arghavan-Fallahi-min-768x384.jpg 768w, https:\/\/wncri.org\/fr\/wp-content\/uploads\/2024\/02\/Arghavan-Fallahi-min-360x180.jpg 360w, https:\/\/wncri.org\/fr\/wp-content\/uploads\/2024\/02\/Arghavan-Fallahi-min-750x375.jpg 750w, https:\/\/wncri.org\/fr\/wp-content\/uploads\/2024\/02\/Arghavan-Fallahi-min.jpg 1140w\" sizes=\"(max-width: 1024px) 100vw, 1024px\" \/><\/noscript><figcaption class=\"wp-element-caption\">Arghavan Fallahi<\/figcaption><\/figure>\n<\/div>\n\n\n<p>Arghavan Fallahi est accus\u00e9e d&#8217;avoir diffus\u00e9 de la &#8220;propagande contre l&#8217;\u00c9tat&#8221;, d&#8217;avoir &#8220;commis des crimes contre la s\u00e9curit\u00e9 int\u00e9rieure et ext\u00e9rieure&#8221; et d&#8217;\u00eatre &#8220;membre d&#8217;un groupe d&#8217;opposition&#8221;.<\/p>\n\n\n\n<p>Parvin Mirasan, \u00e2g\u00e9e de 66 ans, partage un dossier commun avec Arghavan Fallahi, son p\u00e8re et son fr\u00e8re. Elle souffre de diab\u00e8te, de la maladie de Parkinson, d&#8217;affections articulaires et de troubles neurologiques, mais elle a \u00e9t\u00e9 priv\u00e9e jusqu&#8217;\u00e0 pr\u00e9sent de soins m\u00e9dicaux et de traitements n\u00e9cessaires.<\/p>\n\n\n\n<p>Parvin Mirasan a \u00e9t\u00e9 arr\u00eat\u00e9e lors des manifestations \u00e0 <a href=\"https:\/\/fr.wikipedia.org\/wiki\/Ispahan\" target=\"_blank\" rel=\"noreferrer noopener\">Ispahan<\/a> le 4 novembre 2022. Elle a d&#8217;abord \u00e9t\u00e9 enferm\u00e9e dans une cellule d&#8217;isolement pendant 28 jours avant d&#8217;\u00eatre transf\u00e9r\u00e9e \u00e0 la prison d&#8217;Adelabad \u00e0 Chiraz. Apr\u00e8s un certain temps, elle a \u00e9t\u00e9 transf\u00e9r\u00e9e dans <a href=\"https:\/\/wncri.org\/fr\/2021\/12\/10\/les-conditions-des-femmes-prisons\/\" target=\"_blank\" rel=\"noreferrer noopener\">le quartier des femmes de la prison d&#8217;Evin<\/a>.<\/p>\n\n\n<div class=\"wp-block-image\">\n<figure class=\"aligncenter size-large\"><img decoding=\"async\" src=\"data:image\/gif;base64,R0lGODlhAQABAIAAAAAAAP\/\/\/yH5BAEAAAAALAAAAAABAAEAAAIBRAA7\" data-src=\"https:\/\/wncri.org\/fr\/wp-content\/uploads\/2024\/02\/Nasim-Gholami-min-1024x512.jpg\" alt=\"Arghavan Fallahi et Nasim Gholami Simiyari\" class=\"wp-image-19716 lazyload\"\/><noscript><img decoding=\"async\" width=\"1024\" height=\"512\" src=\"https:\/\/wncri.org\/fr\/wp-content\/uploads\/2024\/02\/Nasim-Gholami-min-1024x512.jpg\" alt=\"Arghavan Fallahi et Nasim Gholami Simiyari\" class=\"wp-image-19716 lazyload\" srcset=\"https:\/\/wncri.org\/fr\/wp-content\/uploads\/2024\/02\/Nasim-Gholami-min-1024x512.jpg 1024w, https:\/\/wncri.org\/fr\/wp-content\/uploads\/2024\/02\/Nasim-Gholami-min-300x150.jpg 300w, https:\/\/wncri.org\/fr\/wp-content\/uploads\/2024\/02\/Nasim-Gholami-min-768x384.jpg 768w, https:\/\/wncri.org\/fr\/wp-content\/uploads\/2024\/02\/Nasim-Gholami-min-360x180.jpg 360w, https:\/\/wncri.org\/fr\/wp-content\/uploads\/2024\/02\/Nasim-Gholami-min-750x375.jpg 750w, https:\/\/wncri.org\/fr\/wp-content\/uploads\/2024\/02\/Nasim-Gholami-min.jpg 1140w\" sizes=\"(max-width: 1024px) 100vw, 1024px\" \/><\/noscript><figcaption class=\"wp-element-caption\">Nasim Gholami Simiyari<\/figcaption><\/figure>\n<\/div>\n\n\n<p>En d\u00e9cembre 2023, elle a \u00e9t\u00e9 traduite devant le tribunal d&#8217;Evin sous <a href=\"https:\/\/wncri.org\/fr\/2023\/12\/12\/3-prisonnieres-politiques-2\/https:\/women.ncr-iran.org\/fr\/2023\/12\/12\/3-prisonnieres-politiques-2\/\" target=\"_blank\" rel=\"noreferrer noopener\">l&#8217;accusation de &#8220;Bagh-ye&#8221;<\/a>, ou insurrection arm\u00e9e, un chef d&#8217;accusation qui peut entra\u00eener des peines s\u00e9v\u00e8res telles que l&#8217;ex\u00e9cution, la crucifixion, l&#8217;amputation de la main droite et du pied gauche, ou l&#8217;exil int\u00e9rieur.<\/p>\n\n\n\n<p>Nasim Gholami Simiyari, \u00e2g\u00e9e de 35 ans, a \u00e9t\u00e9 arr\u00eat\u00e9e \u00e0 la mi-mai 2023 pour collaboration avec l&#8217;un des groupes d&#8217;opposition \u00e0 T\u00e9h\u00e9ran.<\/p>\n\n\n\n<p>En novembre, elle a entam\u00e9 une gr\u00e8ve de la faim pour protester contre le fait que les autorit\u00e9s n&#8217;avaient pas examin\u00e9 son cas. Au bout de 2 semaines, les autorit\u00e9s ont promis de r\u00e9pondre \u00e0 sa demande, ce qui l&#8217;a amen\u00e9e \u00e0 mettre fin \u00e0 sa gr\u00e8ve de la faim.<\/p>\n","protected":false},"excerpt":{"rendered":"<p>Nasim Gholami Simiyari d\u00e9tenue dans les limbes apr\u00e8s 9 mois de d\u00e9tention 3 prisonni\u00e8res politiques affili\u00e9s \u00e0 l&#8217;OMPI, Arghavan Fallahi, Parvin Mirasan et Nasim Gholami Simiyari, sont actuellement d\u00e9tenues au quartier des femmes de la prison d&#8217;Evin, dans un \u00e9tat d&#8217;incertitude. Arghavan Fallahi et Parvin Mirasan sont d\u00e9tenues dans les limbes depuis 15 mois, depuis [&hellip;]<\/p>\n","protected":false},"author":4,"featured_media":19714,"comment_status":"closed","ping_status":"closed","sticky":false,"template":"","format":"standard","meta":{"jnews-multi-image_gallery":[],"jnews_single_post":{"subtitle":"","format":"standard","video":"","gallery":"","source_name":"","source_url":"","via_name":"","via_url":"","override_template":"0","override":[{"template":"7","single_blog_custom":"","parallax":"1","fullscreen":"1","layout":"right-sidebar","sidebar":"default-sidebar","second_sidebar":"default-sidebar","sticky_sidebar":"1","share_position":"floatbottom","share_float_style":"share-normal","show_share_counter":"1","show_view_counter":"1","show_featured":"1","show_post_meta":"1","show_post_author":"0","show_post_author_image":"1","show_post_date":"1","post_date_format":"default","post_date_format_custom":"Y\/m\/d","show_post_category":"1","show_post_reading_time":"0","post_reading_time_wpm":"300","show_zoom_button":"0","zoom_button_out_step":"2","zoom_button_in_step":"3","show_post_tag":"1","show_prev_next_post":"0","show_popup_post":"1","number_popup_post":"1","show_author_box":"0","show_post_related":"1","show_inline_post_related":"0"}],"override_image_size":"0","image_override":[{"single_post_thumbnail_size":"crop-500","single_post_gallery_size":"crop-500"}],"trending_post":"0","trending_post_position":"meta","trending_post_label":"Trending","sponsored_post":"0","sponsored_post_label":"Sponsored by","sponsored_post_name":"","sponsored_post_url":"","sponsored_post_logo_enable":"0","sponsored_post_logo":"","sponsored_post_desc":"","disable_ad":"0"},"jnews_primary_category":{"id":"","hide":""},"jnews_social_meta":{"fb_title":"","fb_description":"","fb_image":"","twitter_title":"","twitter_description":"","twitter_image":""},"jnews_override_counter":{"override_view_counter":"0","view_counter_number":"0","override_share_counter":"0","share_counter_number":"0","override_like_counter":"0","like_counter_number":"0","override_dislike_counter":"0","dislike_counter_number":"0"},"footnotes":""},"categories":[3],"tags":[370,376],"class_list":["post-19713","post","type-post","status-publish","format-standard","has-post-thumbnail","hentry","category-infos-des-femmes","tag-prisonnieres","tag-violence-contre-les-femmes"],"_links":{"self":[{"href":"https:\/\/wncri.org\/fr\/wp-json\/wp\/v2\/posts\/19713","targetHints":{"allow":["GET"]}}],"collection":[{"href":"https:\/\/wncri.org\/fr\/wp-json\/wp\/v2\/posts"}],"about":[{"href":"https:\/\/wncri.org\/fr\/wp-json\/wp\/v2\/types\/post"}],"author":[{"embeddable":true,"href":"https:\/\/wncri.org\/fr\/wp-json\/wp\/v2\/users\/4"}],"replies":[{"embeddable":true,"href":"https:\/\/wncri.org\/fr\/wp-json\/wp\/v2\/comments?post=19713"}],"version-history":[{"count":2,"href":"https:\/\/wncri.org\/fr\/wp-json\/wp\/v2\/posts\/19713\/revisions"}],"predecessor-version":[{"id":19718,"href":"https:\/\/wncri.org\/fr\/wp-json\/wp\/v2\/posts\/19713\/revisions\/19718"}],"wp:featuredmedia":[{"embeddable":true,"href":"https:\/\/wncri.org\/fr\/wp-json\/wp\/v2\/media\/19714"}],"wp:attachment":[{"href":"https:\/\/wncri.org\/fr\/wp-json\/wp\/v2\/media?parent=19713"}],"wp:term":[{"taxonomy":"category","embeddable":true,"href":"https:\/\/wncri.org\/fr\/wp-json\/wp\/v2\/categories?post=19713"},{"taxonomy":"post_tag","embeddable":true,"href":"https:\/\/wncri.org\/fr\/wp-json\/wp\/v2\/tags?post=19713"}],"curies":[{"name":"wp","href":"https:\/\/api.w.org\/{rel}","templated":true}]}}