{"id":19661,"date":"2024-02-04T14:17:07","date_gmt":"2024-02-04T13:17:07","guid":{"rendered":"https:\/\/wncri.org\/fr\/?p=19661"},"modified":"2024-02-04T14:23:26","modified_gmt":"2024-02-04T13:23:26","slug":"daya-sharifa-mere","status":"publish","type":"post","link":"https:\/\/wncri.org\/fr\/2024\/02\/04\/daya-sharifa-mere\/","title":{"rendered":"Daya Sharifa, m\u00e8re endeuill\u00e9e en qu\u00eate de justice, est assign\u00e9e \u00e0 r\u00e9sidence"},"content":{"rendered":"\n<h3 class=\"wp-block-heading\">Daya Sharifa, la m\u00e8re de Ramin Hossein Panahi, en qu\u00eate de justice, a \u00e9t\u00e9 arr\u00eat\u00e9e par les forces de s\u00e9curit\u00e9 \u00e0 Kamyaran, une ville situ\u00e9e au sud de Sanandaj, la capitale de la province du Kurdistan iranien.<\/h3>\n\n\n\n<p>Daya Sharifa, \u00e9galement connue sous le nom de Sheraft Zarrini, est \u00e2g\u00e9e de plus de 70 ans. Elle est une fervente opposante \u00e0 la peine de mort en Iran et est <a href=\"https:\/\/wncri.org\/fr\/2019\/12\/15\/dayeh-sharifeh-dedie-son-prix-aux-meres-des-tues-du-soulevement-en-iran\/\" target=\"_blank\" rel=\"noreferrer noopener\">connue<\/a> pour \u00eatre l&#8217;une des m\u00e8res qui <a href=\"https:\/\/wncri.org\/fr\/2017\/10\/31\/iran-arrestation-de-la-mere-agee-de-prisonniers-politiques\/\" target=\"_blank\" rel=\"noreferrer noopener\">demandent justice<\/a> \u00e0 la suite de l&#8217;ex\u00e9cution de leurs fils.<\/p>\n\n\n\n<p>Ramin Hossein Panahi, 23 ans, a \u00e9t\u00e9 arr\u00eat\u00e9 en juin 2017. Il a \u00e9t\u00e9 vicieusement tortur\u00e9 dans les centres de d\u00e9tention des services des renseignements du CGRI et du minist\u00e8re des renseignements. Il a \u00e9t\u00e9 ex\u00e9cut\u00e9 \u00e0 l&#8217;issue d&#8217;un proc\u00e8s manifestement in\u00e9quitable le 8 septembre 2018, en m\u00eame temps que Zanyar et Loqman Moradi, alors qu&#8217;il \u00e9tait en gr\u00e8ve de la faim. Son corps a \u00e9t\u00e9 montr\u00e9 \u00e0 sa m\u00e8re 2 jours plus tard.<\/p>\n\n\n\n<p>Daya Sharifa se rendait pour la 2\u00e8me fois \u00e0 <a href=\"https:\/\/en.wikipedia.org\/wiki\/Kamyaran\" target=\"_blank\" rel=\"noreferrer noopener\">Kamyaran<\/a> avec sa fille et son gendre pour rencontrer la m\u00e8re de Pejman Fatehi, l&#8217;un des 4 prisonniers politiques kurdes r\u00e9cemment ex\u00e9cut\u00e9s.<\/p>\n\n\n\n<p>Ils ont \u00e9t\u00e9 arr\u00eat\u00e9s dans la nuit du jeudi 1er f\u00e9vrier 2024 par 3 voitures d&#8217;agents du minist\u00e8re des renseignements et transf\u00e9r\u00e9s au d\u00e9partement des renseignements de Sanandaj.<\/p>\n\n\n<div class=\"wp-block-image\">\n<figure class=\"aligncenter size-large\"><img decoding=\"async\" src=\"data:image\/gif;base64,R0lGODlhAQABAIAAAAAAAP\/\/\/yH5BAEAAAAALAAAAAABAAEAAAIBRAA7\" data-src=\"https:\/\/wncri.org\/fr\/wp-content\/uploads\/2024\/02\/Daya-Sharifa-2-min-1024x512.jpg\" alt=\"Daya Sharifa, m\u00e8re endeuill\u00e9e en qu\u00eate de justice, est assign\u00e9e \u00e0 r\u00e9sidence\" class=\"wp-image-19663 lazyload\"\/><noscript><img decoding=\"async\" width=\"1024\" height=\"512\" src=\"https:\/\/wncri.org\/fr\/wp-content\/uploads\/2024\/02\/Daya-Sharifa-2-min-1024x512.jpg\" alt=\"Daya Sharifa, m\u00e8re endeuill\u00e9e en qu\u00eate de justice, est assign\u00e9e \u00e0 r\u00e9sidence\" class=\"wp-image-19663 lazyload\" srcset=\"https:\/\/wncri.org\/fr\/wp-content\/uploads\/2024\/02\/Daya-Sharifa-2-min-1024x512.jpg 1024w, https:\/\/wncri.org\/fr\/wp-content\/uploads\/2024\/02\/Daya-Sharifa-2-min-300x150.jpg 300w, https:\/\/wncri.org\/fr\/wp-content\/uploads\/2024\/02\/Daya-Sharifa-2-min-768x384.jpg 768w, https:\/\/wncri.org\/fr\/wp-content\/uploads\/2024\/02\/Daya-Sharifa-2-min-360x180.jpg 360w, https:\/\/wncri.org\/fr\/wp-content\/uploads\/2024\/02\/Daya-Sharifa-2-min-750x375.jpg 750w, https:\/\/wncri.org\/fr\/wp-content\/uploads\/2024\/02\/Daya-Sharifa-2-min.jpg 1140w\" sizes=\"(max-width: 1024px) 100vw, 1024px\" \/><\/noscript><\/figure>\n<\/div>\n\n\n<p>Les forces des renseignements de Sanandaj ont menac\u00e9 Daya Sharifa, l&#8217;informant verbalement qu&#8217;elle n&#8217;\u00e9tait pas autoris\u00e9e \u00e0 quitter son lieu de r\u00e9sidence. Ils ont insist\u00e9 sur le fait qu&#8217;elle ne devait en aucun cas quitter Qoruchai, le village de Dehgolan, au Kurdistan, o\u00f9 elle r\u00e9side, sous peine d&#8217;\u00eatre arr\u00eat\u00e9e et emprisonn\u00e9e.<\/p>\n\n\n\n<p>L&#8217;un des agents des renseignements a insult\u00e9 Daya Sharifa en lui disant : &#8220;Vieille femme, tu ne veux pas mourir, que veux-tu ?&#8221;. Elle a courageusement r\u00e9pondu : &#8220;Je suis morte depuis longtemps. Le corps qui se trouve devant vous n&#8217;est pas moi ; il porte l&#8217;\u00e2me de Ramin. Allez-y, pendez-moi encore une fois.&#8221;<\/p>\n\n\n\n<p>Ces derniers jours, elle avait d\u00e9j\u00e0 \u00e9t\u00e9 d\u00e9tenue \u00e0 2 reprises pendant quelques heures, ce qui l&#8217;avait emp\u00each\u00e9e de se rendre aupr\u00e8s des familles des jeunes hommes ex\u00e9cut\u00e9s.<\/p>\n\n\n\n<p>Pejman Fatehi, un homme mari\u00e9 de 28 ans et p\u00e8re d&#8217;un jeune enfant, a \u00e9t\u00e9 ex\u00e9cut\u00e9 le <a href=\"https:\/\/www.ncr-iran.org\/en\/ncri-statements\/statement-human-rights\/wave-of-brutal-executions-continues-in-iran-9-executions-in-two-days\/\" target=\"_blank\" rel=\"noreferrer noopener\">29 janvier 2024<\/a>, en m\u00eame temps que 3 autres jeunes hommes dans la m\u00eame affaire. Ils \u00e9taient accus\u00e9s d&#8217;espionnage et ont \u00e9t\u00e9 ex\u00e9cut\u00e9s dans la prison de Qezal Hesar \u00e0 Karaj.<\/p>\n","protected":false},"excerpt":{"rendered":"<p>Daya Sharifa, la m\u00e8re de Ramin Hossein Panahi, en qu\u00eate de justice, a \u00e9t\u00e9 arr\u00eat\u00e9e par les forces de s\u00e9curit\u00e9 \u00e0 Kamyaran, une ville situ\u00e9e au sud de Sanandaj, la capitale de la province du Kurdistan iranien. Daya Sharifa, \u00e9galement connue sous le nom de Sheraft Zarrini, est \u00e2g\u00e9e de plus de 70 ans. Elle [&hellip;]<\/p>\n","protected":false},"author":4,"featured_media":19662,"comment_status":"closed","ping_status":"closed","sticky":false,"template":"","format":"standard","meta":{"jnews-multi-image_gallery":[],"jnews_single_post":{"subtitle":"","format":"standard","video":"","gallery":"","source_name":"","source_url":"","via_name":"","via_url":"","override_template":"0","override":[{"template":"7","single_blog_custom":"","parallax":"1","fullscreen":"1","layout":"right-sidebar","sidebar":"default-sidebar","second_sidebar":"default-sidebar","sticky_sidebar":"1","share_position":"floatbottom","share_float_style":"share-normal","show_share_counter":"1","show_view_counter":"1","show_featured":"1","show_post_meta":"1","show_post_author":"0","show_post_author_image":"1","show_post_date":"1","post_date_format":"default","post_date_format_custom":"Y\/m\/d","show_post_category":"1","show_post_reading_time":"0","post_reading_time_wpm":"300","show_zoom_button":"0","zoom_button_out_step":"2","zoom_button_in_step":"3","show_post_tag":"1","show_prev_next_post":"0","show_popup_post":"1","number_popup_post":"1","show_author_box":"0","show_post_related":"1","show_inline_post_related":"0"}],"override_image_size":"0","image_override":[{"single_post_thumbnail_size":"crop-500","single_post_gallery_size":"crop-500"}],"trending_post":"0","trending_post_position":"meta","trending_post_label":"Trending","sponsored_post":"0","sponsored_post_label":"Sponsored by","sponsored_post_name":"","sponsored_post_url":"","sponsored_post_logo_enable":"0","sponsored_post_logo":"","sponsored_post_desc":"","disable_ad":"0"},"jnews_primary_category":{"id":"","hide":""},"jnews_social_meta":{"fb_title":"","fb_description":"","fb_image":"","twitter_title":"","twitter_description":"","twitter_image":""},"jnews_override_counter":{"override_view_counter":"0","view_counter_number":"0","override_share_counter":"0","share_counter_number":"0","override_like_counter":"0","like_counter_number":"0","override_dislike_counter":"0","dislike_counter_number":"0"},"footnotes":""},"categories":[3],"tags":[376],"class_list":["post-19661","post","type-post","status-publish","format-standard","has-post-thumbnail","hentry","category-infos-des-femmes","tag-violence-contre-les-femmes"],"_links":{"self":[{"href":"https:\/\/wncri.org\/fr\/wp-json\/wp\/v2\/posts\/19661","targetHints":{"allow":["GET"]}}],"collection":[{"href":"https:\/\/wncri.org\/fr\/wp-json\/wp\/v2\/posts"}],"about":[{"href":"https:\/\/wncri.org\/fr\/wp-json\/wp\/v2\/types\/post"}],"author":[{"embeddable":true,"href":"https:\/\/wncri.org\/fr\/wp-json\/wp\/v2\/users\/4"}],"replies":[{"embeddable":true,"href":"https:\/\/wncri.org\/fr\/wp-json\/wp\/v2\/comments?post=19661"}],"version-history":[{"count":1,"href":"https:\/\/wncri.org\/fr\/wp-json\/wp\/v2\/posts\/19661\/revisions"}],"predecessor-version":[{"id":19664,"href":"https:\/\/wncri.org\/fr\/wp-json\/wp\/v2\/posts\/19661\/revisions\/19664"}],"wp:featuredmedia":[{"embeddable":true,"href":"https:\/\/wncri.org\/fr\/wp-json\/wp\/v2\/media\/19662"}],"wp:attachment":[{"href":"https:\/\/wncri.org\/fr\/wp-json\/wp\/v2\/media?parent=19661"}],"wp:term":[{"taxonomy":"category","embeddable":true,"href":"https:\/\/wncri.org\/fr\/wp-json\/wp\/v2\/categories?post=19661"},{"taxonomy":"post_tag","embeddable":true,"href":"https:\/\/wncri.org\/fr\/wp-json\/wp\/v2\/tags?post=19661"}],"curies":[{"name":"wp","href":"https:\/\/api.w.org\/{rel}","templated":true}]}}