{"id":19644,"date":"2024-01-29T21:14:39","date_gmt":"2024-01-29T20:14:39","guid":{"rendered":"https:\/\/wncri.org\/fr\/?p=19644"},"modified":"2024-01-29T21:16:03","modified_gmt":"2024-01-29T20:16:03","slug":"bahareh-shiri","status":"publish","type":"post","link":"https:\/\/wncri.org\/fr\/2024\/01\/29\/bahareh-shiri\/","title":{"rendered":"Bahareh Shiri, m\u00e8re d&#8217;un manifestant tu\u00e9, condamn\u00e9e \u00e0 6 ans de prison"},"content":{"rendered":"\n<h3 class=\"wp-block-heading\">Bahareh Shiri, la m\u00e8re d&#8217;un manifestant tu\u00e9, a \u00e9t\u00e9 condamn\u00e9e \u00e0 6 ans de prison pour avoir demand\u00e9 justice pour son fils.<\/h3>\n\n\n\n<p>Bahareh Shiri, la m\u00e8re du manifestant Ali Abbasi tu\u00e9 lors des manifestations nationales de 2022 \u00e0 <a href=\"https:\/\/en.wikipedia.org\/wiki\/Semirom_County\" target=\"_blank\" rel=\"noopener\">Samirom, dans la province d&#8217;Ispah<\/a><a href=\"https:\/\/en.wikipedia.org\/wiki\/Semirom_County\" target=\"_blank\" rel=\"noreferrer noopener\">a<\/a><a href=\"https:\/\/en.wikipedia.org\/wiki\/Semirom_County\" target=\"_blank\" rel=\"noopener\">n<\/a>, a \u00e9t\u00e9 condamn\u00e9e \u00e0 6 ans de prison par la premi\u00e8re section du tribunal public pour avoir demand\u00e9 justice pour son fils.<\/p>\n\n\n\n<p>Bahareh Shiri s&#8217;est vu refuser le droit d&#8217;avoir un avocat de son choix.<\/p>\n\n\n\n<p>L&#8217;ann\u00e9e derni\u00e8re, apr\u00e8s que le r\u00e9gime a tu\u00e9 Ali Abbasi, son p\u00e8re a \u00e9t\u00e9 plac\u00e9 en d\u00e9tention. Les forces de s\u00e9curit\u00e9 ont sabot\u00e9 la pierre tombale d&#8217;Ali et en ont retir\u00e9 les mots &#8220;au nom de la libert\u00e9&#8221; et &#8220;tomb\u00e9 pour son pays&#8221;.<\/p>\n\n\n<div class=\"wp-block-image\">\n<figure class=\"aligncenter size-large\"><img decoding=\"async\" src=\"data:image\/gif;base64,R0lGODlhAQABAIAAAAAAAP\/\/\/yH5BAEAAAAALAAAAAABAAEAAAIBRAA7\" data-src=\"https:\/\/wncri.org\/fr\/wp-content\/uploads\/2024\/01\/Bahareh-Shiri-2-min-1024x512.jpg\" alt=\"Bahareh Shiri, m\u00e8re d'un manifestant tu\u00e9, condamn\u00e9e \u00e0 6 ans de prison\" class=\"wp-image-19646 lazyload\"\/><noscript><img decoding=\"async\" width=\"1024\" height=\"512\" src=\"https:\/\/wncri.org\/fr\/wp-content\/uploads\/2024\/01\/Bahareh-Shiri-2-min-1024x512.jpg\" alt=\"Bahareh Shiri, m\u00e8re d'un manifestant tu\u00e9, condamn\u00e9e \u00e0 6 ans de prison\" class=\"wp-image-19646 lazyload\" srcset=\"https:\/\/wncri.org\/fr\/wp-content\/uploads\/2024\/01\/Bahareh-Shiri-2-min-1024x512.jpg 1024w, https:\/\/wncri.org\/fr\/wp-content\/uploads\/2024\/01\/Bahareh-Shiri-2-min-300x150.jpg 300w, https:\/\/wncri.org\/fr\/wp-content\/uploads\/2024\/01\/Bahareh-Shiri-2-min-768x384.jpg 768w, https:\/\/wncri.org\/fr\/wp-content\/uploads\/2024\/01\/Bahareh-Shiri-2-min-360x180.jpg 360w, https:\/\/wncri.org\/fr\/wp-content\/uploads\/2024\/01\/Bahareh-Shiri-2-min-750x375.jpg 750w, https:\/\/wncri.org\/fr\/wp-content\/uploads\/2024\/01\/Bahareh-Shiri-2-min.jpg 1140w\" sizes=\"(max-width: 1024px) 100vw, 1024px\" \/><\/noscript><figcaption class=\"wp-element-caption\">Les pierres tombales d&#8217;Ali Abbasi. Sa photo \u00e9merge d&#8217;une carte de l&#8217;Iran. La premi\u00e8re partie de la pierre indique : &#8220;Au nom de la libert\u00e9&#8221;. La troisi\u00e8me pierre indique : &#8220;Tomb\u00e9 pour son pays&#8221;. Sa photo a \u00e9t\u00e9 modifi\u00e9e et deux des pierres ont \u00e9t\u00e9 effac\u00e9es.<\/figcaption><\/figure>\n<\/div>\n\n\n<p>Le r\u00e9gime cl\u00e9rical a syst\u00e9matiquement arr\u00eat\u00e9 les proches des manifestants tu\u00e9s lors du soul\u00e8vement de 2022-2023 et leur a inflig\u00e9 de lourdes peines dans le but de r\u00e9duire au silence les familles endeuill\u00e9es. <\/p>\n\n\n\n<p><a href=\"https:\/\/wncri.org\/fr\/2023\/12\/14\/mahsa-yazdani-2\/\">Mahsa Yaz<\/a><a href=\"https:\/\/wncri.org\/fr\/2023\/12\/14\/mahsa-yazdani-2\/\" target=\"_blank\" rel=\"noreferrer noopener\">d<\/a><a href=\"https:\/\/wncri.org\/fr\/2023\/12\/14\/mahsa-yazdani-2\/\">ani<\/a>, la m\u00e8re d&#8217;un manifestant tu\u00e9, Mohammad Javad Zahedi, est actuellement en prison o\u00f9 elle purge une peine de 5 ans. Elle a un autre fils, \u00e2g\u00e9 de 4 ans seulement.<\/p>\n\n\n<div class=\"wp-block-image\">\n<figure class=\"aligncenter size-large\"><img decoding=\"async\" src=\"data:image\/gif;base64,R0lGODlhAQABAIAAAAAAAP\/\/\/yH5BAEAAAAALAAAAAABAAEAAAIBRAA7\" data-src=\"https:\/\/wncri.org\/fr\/wp-content\/uploads\/2023\/11\/Mahsa-Yazdani-min-1024x512.jpg\" alt=\"Le pouvoir judiciaire iranien condamne Mahsa Yazdani \u00e0 13 ans de prison\" class=\"wp-image-19267 lazyload\"\/><noscript><img decoding=\"async\" width=\"1024\" height=\"512\" src=\"https:\/\/wncri.org\/fr\/wp-content\/uploads\/2023\/11\/Mahsa-Yazdani-min-1024x512.jpg\" alt=\"Le pouvoir judiciaire iranien condamne Mahsa Yazdani \u00e0 13 ans de prison\" class=\"wp-image-19267 lazyload\" srcset=\"https:\/\/wncri.org\/fr\/wp-content\/uploads\/2023\/11\/Mahsa-Yazdani-min-1024x512.jpg 1024w, https:\/\/wncri.org\/fr\/wp-content\/uploads\/2023\/11\/Mahsa-Yazdani-min-300x150.jpg 300w, https:\/\/wncri.org\/fr\/wp-content\/uploads\/2023\/11\/Mahsa-Yazdani-min-768x384.jpg 768w, https:\/\/wncri.org\/fr\/wp-content\/uploads\/2023\/11\/Mahsa-Yazdani-min-360x180.jpg 360w, https:\/\/wncri.org\/fr\/wp-content\/uploads\/2023\/11\/Mahsa-Yazdani-min-750x375.jpg 750w, https:\/\/wncri.org\/fr\/wp-content\/uploads\/2023\/11\/Mahsa-Yazdani-min.jpg 1140w\" sizes=\"(max-width: 1024px) 100vw, 1024px\" \/><\/noscript><figcaption class=\"wp-element-caption\">Mahsa Yazdani et son fils<\/figcaption><\/figure>\n<\/div>\n\n\n<p><a href=\"https:\/\/wncri.org\/fr\/2024\/01\/06\/farzaneh-barzekar\/\" target=\"_blank\" rel=\"noreferrer noopener\">Farzaneh Barzekar<\/a> a \u00e9t\u00e9 arr\u00eat\u00e9e et d\u00e9tenue \u00e0 la prison de Qaemchahr le 3 septembre 2023, avant le premier anniversaire de la mort de son fils. Son fils de 21 ans, Erfan Rezaii, a \u00e9t\u00e9 abattu par les forces de s\u00e9curit\u00e9 \u00e0 Amol, lors des manifestations du 21 septembre 2022.<\/p>\n\n\n\n<p>Farzaneh Barzekar a \u00e9t\u00e9 condamn\u00e9e \u00e0 24 mois de prison avec sursis et \u00e0 une amende de 20 millions de tomans.<\/p>\n\n\n<div class=\"wp-block-image\">\n<figure class=\"aligncenter size-large\"><img decoding=\"async\" src=\"data:image\/gif;base64,R0lGODlhAQABAIAAAAAAAP\/\/\/yH5BAEAAAAALAAAAAABAAEAAAIBRAA7\" data-src=\"https:\/\/wncri.org\/fr\/wp-content\/uploads\/2024\/01\/Farzaneh-Barzekar-1-min-1024x512.jpg\" alt=\"Farzaneh Barzekar condamn\u00e9e pour avoir demand\u00e9 justice et retir\u00e9 son voile\" class=\"wp-image-19551 lazyload\"\/><noscript><img decoding=\"async\" width=\"1024\" height=\"512\" src=\"https:\/\/wncri.org\/fr\/wp-content\/uploads\/2024\/01\/Farzaneh-Barzekar-1-min-1024x512.jpg\" alt=\"Farzaneh Barzekar condamn\u00e9e pour avoir demand\u00e9 justice et retir\u00e9 son voile\" class=\"wp-image-19551 lazyload\" srcset=\"https:\/\/wncri.org\/fr\/wp-content\/uploads\/2024\/01\/Farzaneh-Barzekar-1-min-1024x512.jpg 1024w, https:\/\/wncri.org\/fr\/wp-content\/uploads\/2024\/01\/Farzaneh-Barzekar-1-min-300x150.jpg 300w, https:\/\/wncri.org\/fr\/wp-content\/uploads\/2024\/01\/Farzaneh-Barzekar-1-min-768x384.jpg 768w, https:\/\/wncri.org\/fr\/wp-content\/uploads\/2024\/01\/Farzaneh-Barzekar-1-min-360x180.jpg 360w, https:\/\/wncri.org\/fr\/wp-content\/uploads\/2024\/01\/Farzaneh-Barzekar-1-min-750x375.jpg 750w, https:\/\/wncri.org\/fr\/wp-content\/uploads\/2024\/01\/Farzaneh-Barzekar-1-min.jpg 1140w\" sizes=\"(max-width: 1024px) 100vw, 1024px\" \/><\/noscript><figcaption class=\"wp-element-caption\">Farzaneh Barzekar condamn\u00e9e pour avoir demand\u00e9 justice et retir\u00e9 son voile<\/figcaption><\/figure>\n<\/div>","protected":false},"excerpt":{"rendered":"<p>Bahareh Shiri, la m\u00e8re d&#8217;un manifestant tu\u00e9, a \u00e9t\u00e9 condamn\u00e9e \u00e0 6 ans de prison pour avoir demand\u00e9 justice pour son fils. Bahareh Shiri, la m\u00e8re du manifestant Ali Abbasi tu\u00e9 lors des manifestations nationales de 2022 \u00e0 Samirom, dans la province d&#8217;Ispahan, a \u00e9t\u00e9 condamn\u00e9e \u00e0 6 ans de prison par la premi\u00e8re section [&hellip;]<\/p>\n","protected":false},"author":4,"featured_media":19645,"comment_status":"closed","ping_status":"closed","sticky":false,"template":"","format":"standard","meta":{"jnews-multi-image_gallery":[],"jnews_single_post":{"subtitle":"","format":"standard","video":"","gallery":"","source_name":"","source_url":"","via_name":"","via_url":"","override_template":"0","override":[{"template":"7","single_blog_custom":"","parallax":"1","fullscreen":"1","layout":"right-sidebar","sidebar":"default-sidebar","second_sidebar":"default-sidebar","sticky_sidebar":"1","share_position":"floatbottom","share_float_style":"share-normal","show_share_counter":"1","show_view_counter":"1","show_featured":"1","show_post_meta":"1","show_post_author":"0","show_post_author_image":"1","show_post_date":"1","post_date_format":"default","post_date_format_custom":"Y\/m\/d","show_post_category":"1","show_post_reading_time":"0","post_reading_time_wpm":"300","show_zoom_button":"0","zoom_button_out_step":"2","zoom_button_in_step":"3","show_post_tag":"1","show_prev_next_post":"0","show_popup_post":"1","number_popup_post":"1","show_author_box":"0","show_post_related":"1","show_inline_post_related":"0"}],"override_image_size":"0","image_override":[{"single_post_thumbnail_size":"crop-500","single_post_gallery_size":"crop-500"}],"trending_post":"0","trending_post_position":"meta","trending_post_label":"Trending","sponsored_post":"0","sponsored_post_label":"Sponsored by","sponsored_post_name":"","sponsored_post_url":"","sponsored_post_logo_enable":"0","sponsored_post_logo":"","sponsored_post_desc":"","disable_ad":"0"},"jnews_primary_category":{"id":"","hide":""},"jnews_social_meta":{"fb_title":"","fb_description":"","fb_image":"","twitter_title":"","twitter_description":"","twitter_image":""},"jnews_override_counter":{"override_view_counter":"0","view_counter_number":"0","override_share_counter":"0","share_counter_number":"0","override_like_counter":"0","like_counter_number":"0","override_dislike_counter":"0","dislike_counter_number":"0"},"footnotes":""},"categories":[3],"tags":[],"class_list":["post-19644","post","type-post","status-publish","format-standard","has-post-thumbnail","hentry","category-infos-des-femmes"],"_links":{"self":[{"href":"https:\/\/wncri.org\/fr\/wp-json\/wp\/v2\/posts\/19644","targetHints":{"allow":["GET"]}}],"collection":[{"href":"https:\/\/wncri.org\/fr\/wp-json\/wp\/v2\/posts"}],"about":[{"href":"https:\/\/wncri.org\/fr\/wp-json\/wp\/v2\/types\/post"}],"author":[{"embeddable":true,"href":"https:\/\/wncri.org\/fr\/wp-json\/wp\/v2\/users\/4"}],"replies":[{"embeddable":true,"href":"https:\/\/wncri.org\/fr\/wp-json\/wp\/v2\/comments?post=19644"}],"version-history":[{"count":2,"href":"https:\/\/wncri.org\/fr\/wp-json\/wp\/v2\/posts\/19644\/revisions"}],"predecessor-version":[{"id":19649,"href":"https:\/\/wncri.org\/fr\/wp-json\/wp\/v2\/posts\/19644\/revisions\/19649"}],"wp:featuredmedia":[{"embeddable":true,"href":"https:\/\/wncri.org\/fr\/wp-json\/wp\/v2\/media\/19645"}],"wp:attachment":[{"href":"https:\/\/wncri.org\/fr\/wp-json\/wp\/v2\/media?parent=19644"}],"wp:term":[{"taxonomy":"category","embeddable":true,"href":"https:\/\/wncri.org\/fr\/wp-json\/wp\/v2\/categories?post=19644"},{"taxonomy":"post_tag","embeddable":true,"href":"https:\/\/wncri.org\/fr\/wp-json\/wp\/v2\/tags?post=19644"}],"curies":[{"name":"wp","href":"https:\/\/api.w.org\/{rel}","templated":true}]}}