{"id":19641,"date":"2024-01-28T18:57:38","date_gmt":"2024-01-28T17:57:38","guid":{"rendered":"https:\/\/wncri.org\/fr\/?p=19641"},"modified":"2024-01-28T18:58:12","modified_gmt":"2024-01-28T17:58:12","slug":"raha-pour-ebrahim","status":"publish","type":"post","link":"https:\/\/wncri.org\/fr\/2024\/01\/28\/raha-pour-ebrahim\/","title":{"rendered":"Raha Pour Ebrahim priv\u00e9e de soins m\u00e9dicaux \u00e0 la prison de Machad"},"content":{"rendered":"\n<h3 class=\"wp-block-heading\">La prisonni\u00e8re politique Raha Pour Ebrahim s&#8217;est vu refuser tout traitement m\u00e9dical et toute hospitalisation alors qu&#8217;elle a subi une intervention chirurgicale majeure. Elle purge une peine de 3 ans \u00e0 la <a href=\"https:\/\/wncri.org\/fr\/2021\/12\/10\/les-conditions-des-femmes-prisons\/\" target=\"_blank\" rel=\"noreferrer noopener\">prison centrale<\/a> de <a href=\"https:\/\/fr.wikipedia.org\/wiki\/Machhad\" target=\"_blank\" rel=\"noreferrer noopener\">Machad<\/a>, \u00e9galement connue sous le nom de prison de Vakil Abad.<\/h3>\n\n\n\n<p>Selon une source inform\u00e9e, elle a \u00e9t\u00e9 op\u00e9r\u00e9e de la jambe droite le 10 janvier 2024, mais a \u00e9t\u00e9 renvoy\u00e9e en prison avant d&#8217;\u00eatre compl\u00e8tement r\u00e9tablie et d&#8217;avoir re\u00e7u le traitement m\u00e9dical n\u00e9cessaire. Actuellement, elle doit se faire retirer les points de suture de sa jambe, mais les autorit\u00e9s de la prison centrale de Machad ne le lui permettent pas. Ce refus cruel constitue une forme de torture \u00e0 l&#8217;encontre de cette prisonni\u00e8re politique.<\/p>\n\n\n\n<p>2 mois avant son op\u00e9ration, Raha Pour Ebrahim avait consult\u00e9 7 fois le m\u00e9decin de la prison \u00e0 cause d&#8217;un objet p\u00e9n\u00e9trant dans sa jambe droite. Malheureusement, le m\u00e9decin de la prison n&#8217;a pas pris ses inqui\u00e9tudes au s\u00e9rieux.<\/p>\n\n\n\n<p>Arr\u00eat\u00e9e le 7 septembre 2023 par les forces de s\u00e9curit\u00e9 \u00e0 Machad, le tribunal r\u00e9volutionnaire de Machad l&#8217;a d&#8217;abord condamn\u00e9e \u00e0 7 ans et demi de prison pour &#8220;propagande contre l&#8217;\u00c9tat&#8221; et &#8220;activit\u00e9s sur les r\u00e9seaux sociaux visant \u00e0 perturber l&#8217;ordre public.&#8221; Son verdict a ensuite \u00e9t\u00e9 commu\u00e9 en une peine de trois ans.<\/p>\n\n\n\n<h3 class=\"wp-block-heading\"><strong>Un couple condamn\u00e9 \u00e0 3 ans et demi de prison<\/strong><\/h3>\n\n\n\n<p>Negin Hosseinzadeh et son mari, Mehdi Sadr, purgent actuellement une peine de 3 ans et demi \u00e0 la prison centrale de Machad. Ils ont \u00e9t\u00e9 arr\u00eat\u00e9s \u00e0 leur r\u00e9sidence de Machad le 22 ao\u00fbt 2023, initialement emmen\u00e9s dans un centre de d\u00e9tention par des agents du D\u00e9partement des renseignements. Apr\u00e8s 14 jours, ils ont \u00e9t\u00e9 transf\u00e9r\u00e9s \u00e0 la prison centrale de Machad.<\/p>\n\n\n\n<p>Le 22 octobre 2023, la premi\u00e8re branche du tribunal r\u00e9volutionnaire de Machad a prononc\u00e9 une peine de 16 ans de prison pour chacun d&#8217;entre eux. Les chefs d&#8217;accusation \u00e9taient les suivants : 1 an pour &#8221; propagande contre l&#8217;\u00c9tat &#8220;, 3 ans pour avoir film\u00e9 des lieux interdits, 5 ans pour &#8221; rassemblement et collusion en vue de perturber l&#8217;ordre public &#8220;, 2 ans pour &#8221; insulte &#8221; (Ali Khamenei) et 5 ans pour &#8221; appartenance \u00e0 des groupes d&#8217;opposition &#8220;.<\/p>\n\n\n\n<p>Toutefois, le 11 janvier 2024, la Cour de r\u00e9vision de la province de Razavi Khorasan a commu\u00e9 leurs peines en 3 ans et 6 mois, plus un jour chacun.<\/p>\n\n\n\n<p>Negin Hosseinzadeh et Mehdi Sadr ont 2 enfants.<\/p>\n","protected":false},"excerpt":{"rendered":"<p>La prisonni\u00e8re politique Raha Pour Ebrahim s&#8217;est vu refuser tout traitement m\u00e9dical et toute hospitalisation alors qu&#8217;elle a subi une intervention chirurgicale majeure. Elle purge une peine de 3 ans \u00e0 la prison centrale de Machad, \u00e9galement connue sous le nom de prison de Vakil Abad. Selon une source inform\u00e9e, elle a \u00e9t\u00e9 op\u00e9r\u00e9e de [&hellip;]<\/p>\n","protected":false},"author":4,"featured_media":19642,"comment_status":"closed","ping_status":"closed","sticky":false,"template":"","format":"standard","meta":{"jnews-multi-image_gallery":[],"jnews_single_post":{"subtitle":"","format":"standard","video":"","gallery":"","source_name":"","source_url":"","via_name":"","via_url":"","override_template":"0","override":[{"template":"7","single_blog_custom":"","parallax":"1","fullscreen":"1","layout":"right-sidebar","sidebar":"default-sidebar","second_sidebar":"default-sidebar","sticky_sidebar":"1","share_position":"floatbottom","share_float_style":"share-normal","show_share_counter":"1","show_view_counter":"1","show_featured":"1","show_post_meta":"1","show_post_author":"0","show_post_author_image":"1","show_post_date":"1","post_date_format":"default","post_date_format_custom":"Y\/m\/d","show_post_category":"1","show_post_reading_time":"0","post_reading_time_wpm":"300","show_zoom_button":"0","zoom_button_out_step":"2","zoom_button_in_step":"3","show_post_tag":"1","show_prev_next_post":"0","show_popup_post":"1","number_popup_post":"1","show_author_box":"0","show_post_related":"1","show_inline_post_related":"0"}],"override_image_size":"0","image_override":[{"single_post_thumbnail_size":"crop-500","single_post_gallery_size":"crop-500"}],"trending_post":"0","trending_post_position":"meta","trending_post_label":"Trending","sponsored_post":"0","sponsored_post_label":"Sponsored by","sponsored_post_name":"","sponsored_post_url":"","sponsored_post_logo_enable":"0","sponsored_post_logo":"","sponsored_post_desc":"","disable_ad":"0"},"jnews_primary_category":{"id":"","hide":""},"jnews_social_meta":{"fb_title":"","fb_description":"","fb_image":"","twitter_title":"","twitter_description":"","twitter_image":""},"jnews_override_counter":{"override_view_counter":"0","view_counter_number":"0","override_share_counter":"0","share_counter_number":"0","override_like_counter":"0","like_counter_number":"0","override_dislike_counter":"0","dislike_counter_number":"0"},"footnotes":""},"categories":[3],"tags":[370,376],"class_list":["post-19641","post","type-post","status-publish","format-standard","has-post-thumbnail","hentry","category-infos-des-femmes","tag-prisonnieres","tag-violence-contre-les-femmes"],"_links":{"self":[{"href":"https:\/\/wncri.org\/fr\/wp-json\/wp\/v2\/posts\/19641","targetHints":{"allow":["GET"]}}],"collection":[{"href":"https:\/\/wncri.org\/fr\/wp-json\/wp\/v2\/posts"}],"about":[{"href":"https:\/\/wncri.org\/fr\/wp-json\/wp\/v2\/types\/post"}],"author":[{"embeddable":true,"href":"https:\/\/wncri.org\/fr\/wp-json\/wp\/v2\/users\/4"}],"replies":[{"embeddable":true,"href":"https:\/\/wncri.org\/fr\/wp-json\/wp\/v2\/comments?post=19641"}],"version-history":[{"count":1,"href":"https:\/\/wncri.org\/fr\/wp-json\/wp\/v2\/posts\/19641\/revisions"}],"predecessor-version":[{"id":19643,"href":"https:\/\/wncri.org\/fr\/wp-json\/wp\/v2\/posts\/19641\/revisions\/19643"}],"wp:featuredmedia":[{"embeddable":true,"href":"https:\/\/wncri.org\/fr\/wp-json\/wp\/v2\/media\/19642"}],"wp:attachment":[{"href":"https:\/\/wncri.org\/fr\/wp-json\/wp\/v2\/media?parent=19641"}],"wp:term":[{"taxonomy":"category","embeddable":true,"href":"https:\/\/wncri.org\/fr\/wp-json\/wp\/v2\/categories?post=19641"},{"taxonomy":"post_tag","embeddable":true,"href":"https:\/\/wncri.org\/fr\/wp-json\/wp\/v2\/tags?post=19641"}],"curies":[{"name":"wp","href":"https:\/\/api.w.org\/{rel}","templated":true}]}}