{"id":19637,"date":"2024-01-26T23:49:00","date_gmt":"2024-01-26T22:49:00","guid":{"rendered":"https:\/\/wncri.org\/fr\/?p=19637"},"modified":"2024-01-27T22:05:45","modified_gmt":"2024-01-27T21:05:45","slug":"parisa-salehi","status":"publish","type":"post","link":"https:\/\/wncri.org\/fr\/2024\/01\/26\/parisa-salehi\/","title":{"rendered":"Les poursuites contre les journalistes se poursuivent : Parisa Salehi condamn\u00e9e \u00e0 1 an de prison"},"content":{"rendered":"\n<h2 class=\"wp-block-heading\">La journaliste Parisa Salehi a \u00e9t\u00e9 condamn\u00e9e \u00e0 un an de prison et \u00e0 des peines compl\u00e9mentaires.<\/h2>\n\n\n\n<p>Le tribunal r\u00e9volutionnaire de <a href=\"https:\/\/fr.wikipedia.org\/wiki\/Karadj\" target=\"_blank\" rel=\"noreferrer noopener\">Karadj<\/a> a r\u00e9cemment condamn\u00e9 Parisa Salehi \u00e0 1 an de prison pour avoir diffus\u00e9 de la &#8220;propagande contre l&#8217;Etat&#8221;.<\/p>\n\n\n\n<p>Elle a \u00e9galement \u00e9t\u00e9 condamn\u00e9e \u00e0 2 ans d&#8217;exil interne dans la ville de Zanjan, \u00e0 2 ans d&#8217;interdiction d&#8217;activit\u00e9s sur les r\u00e9seaux sociaux et \u00e0 2 ans d&#8217;interdiction de quitter le pays.<\/p>\n\n\n\n<p>Parisa Salehi est \u00e9tudiante en master d&#8217;\u00e9conomie \u00e0 l&#8217;universit\u00e9 de T\u00e9h\u00e9ran et travaille comme journaliste \u00e9conomique pour le quotidien Donya-e Eghtesad.<\/p>\n\n\n\n<p>Les forces de s\u00e9curit\u00e9 ont saccag\u00e9 son domicile \u00e0 Karadj, le 8 septembre 2023. Elle a ensuite \u00e9t\u00e9 convoqu\u00e9e au tribunal de Karadj, o\u00f9 elle a \u00e9t\u00e9 inculp\u00e9e de diffusion de propagande contre l&#8217;\u00c9tat. Karadj est la 4\u00e8me ville d&#8217;Iran, situ\u00e9e \u00e0 36 km \u00e0 l&#8217;ouest de T\u00e9h\u00e9ran.<\/p>\n\n\n\n<figure class=\"wp-block-image size-large\"><img decoding=\"async\" src=\"data:image\/gif;base64,R0lGODlhAQABAIAAAAAAAP\/\/\/yH5BAEAAAAALAAAAAABAAEAAAIBRAA7\" data-src=\"https:\/\/wncri.org\/fr\/wp-content\/uploads\/2024\/01\/Elaheh-Ramezanpour-min-1024x512.jpg\" alt=\"Parisa Salehi condamn\u00e9e \u00e0 1 an de prison Elaheh Ramezanpour\" class=\"wp-image-19638 lazyload\"\/><noscript><img decoding=\"async\" width=\"1024\" height=\"512\" src=\"https:\/\/wncri.org\/fr\/wp-content\/uploads\/2024\/01\/Elaheh-Ramezanpour-min-1024x512.jpg\" alt=\"Parisa Salehi condamn\u00e9e \u00e0 1 an de prison Elaheh Ramezanpour\" class=\"wp-image-19638 lazyload\" srcset=\"https:\/\/wncri.org\/fr\/wp-content\/uploads\/2024\/01\/Elaheh-Ramezanpour-min-1024x512.jpg 1024w, https:\/\/wncri.org\/fr\/wp-content\/uploads\/2024\/01\/Elaheh-Ramezanpour-min-300x150.jpg 300w, https:\/\/wncri.org\/fr\/wp-content\/uploads\/2024\/01\/Elaheh-Ramezanpour-min-768x384.jpg 768w, https:\/\/wncri.org\/fr\/wp-content\/uploads\/2024\/01\/Elaheh-Ramezanpour-min-360x180.jpg 360w, https:\/\/wncri.org\/fr\/wp-content\/uploads\/2024\/01\/Elaheh-Ramezanpour-min-750x375.jpg 750w, https:\/\/wncri.org\/fr\/wp-content\/uploads\/2024\/01\/Elaheh-Ramezanpour-min.jpg 1140w\" sizes=\"(max-width: 1024px) 100vw, 1024px\" \/><\/noscript><figcaption class=\"wp-element-caption\">Elaheh Ramezanpour<\/figcaption><\/figure>\n\n\n\n<p>Le 22 janvier 2024, la r\u00e9sidence d&#8217;une autre journaliste a \u00e9t\u00e9 saccag\u00e9e par les forces de s\u00e9curit\u00e9 \u00e0 <a href=\"https:\/\/fr.wikipedia.org\/wiki\/Gorgan\" target=\"_blank\" rel=\"noreferrer noopener\">Gorgan<\/a>, \u00e0 400 km au nord-est de T\u00e9h\u00e9ran. Les agents ont confisqu\u00e9 certains de ses effets personnels, notamment son ordinateur portable, son t\u00e9l\u00e9phone mobile et quelques notes manuscrites.<\/p>\n\n\n\n<p>Elaheh Ramezanpour \u00e9crit sur les questions de sant\u00e9 et travaillait pour le site d&#8217;information Golestan-e Rasa.<\/p>\n\n\n\n<p>Mme Ramezanpour a d\u00e9clar\u00e9 avoir \u00e9t\u00e9 menac\u00e9e par le bureau du procureur de Gorgan pour avoir \u00e9crit des articles critiques.<\/p>\n\n\n\n<p>Selon Reporters sans fronti\u00e8res, l&#8217;Iran est la plus grande <a href=\"https:\/\/wncri.org\/fr\/2023\/02\/02\/femmes-journalistes\/\" target=\"_blank\" rel=\"noreferrer noopener\">prison de journalistes<\/a> au monde.<\/p>\n","protected":false},"excerpt":{"rendered":"<p>La journaliste Parisa Salehi a \u00e9t\u00e9 condamn\u00e9e \u00e0 un an de prison et \u00e0 des peines compl\u00e9mentaires. Le tribunal r\u00e9volutionnaire de Karadj a r\u00e9cemment condamn\u00e9 Parisa Salehi \u00e0 1 an de prison pour avoir diffus\u00e9 de la &#8220;propagande contre l&#8217;Etat&#8221;. Elle a \u00e9galement \u00e9t\u00e9 condamn\u00e9e \u00e0 2 ans d&#8217;exil interne dans la ville de Zanjan, [&hellip;]<\/p>\n","protected":false},"author":4,"featured_media":19639,"comment_status":"closed","ping_status":"closed","sticky":false,"template":"","format":"standard","meta":{"jnews-multi-image_gallery":[],"jnews_single_post":{"subtitle":"","format":"standard","video":"","gallery":"","source_name":"","source_url":"","via_name":"","via_url":"","override_template":"0","override":[{"template":"7","single_blog_custom":"","parallax":"1","fullscreen":"1","layout":"right-sidebar","sidebar":"default-sidebar","second_sidebar":"default-sidebar","sticky_sidebar":"1","share_position":"floatbottom","share_float_style":"share-normal","show_share_counter":"1","show_view_counter":"1","show_featured":"1","show_post_meta":"1","show_post_author":"0","show_post_author_image":"1","show_post_date":"1","post_date_format":"default","post_date_format_custom":"Y\/m\/d","show_post_category":"1","show_post_reading_time":"0","post_reading_time_wpm":"300","show_zoom_button":"0","zoom_button_out_step":"2","zoom_button_in_step":"3","show_post_tag":"1","show_prev_next_post":"0","show_popup_post":"1","number_popup_post":"1","show_author_box":"0","show_post_related":"1","show_inline_post_related":"0"}],"override_image_size":"0","image_override":[{"single_post_thumbnail_size":"crop-500","single_post_gallery_size":"crop-500"}],"trending_post":"0","trending_post_position":"meta","trending_post_label":"Trending","sponsored_post":"0","sponsored_post_label":"Sponsored by","sponsored_post_name":"","sponsored_post_url":"","sponsored_post_logo_enable":"0","sponsored_post_logo":"","sponsored_post_desc":"","disable_ad":"0"},"jnews_primary_category":{"id":"","hide":""},"jnews_social_meta":{"fb_title":"","fb_description":"","fb_image":"","twitter_title":"","twitter_description":"","twitter_image":""},"jnews_override_counter":{"override_view_counter":"0","view_counter_number":"0","override_share_counter":"0","share_counter_number":"0","override_like_counter":"0","like_counter_number":"0","override_dislike_counter":"0","dislike_counter_number":"0"},"footnotes":""},"categories":[3],"tags":[],"class_list":["post-19637","post","type-post","status-publish","format-standard","has-post-thumbnail","hentry","category-infos-des-femmes"],"_links":{"self":[{"href":"https:\/\/wncri.org\/fr\/wp-json\/wp\/v2\/posts\/19637","targetHints":{"allow":["GET"]}}],"collection":[{"href":"https:\/\/wncri.org\/fr\/wp-json\/wp\/v2\/posts"}],"about":[{"href":"https:\/\/wncri.org\/fr\/wp-json\/wp\/v2\/types\/post"}],"author":[{"embeddable":true,"href":"https:\/\/wncri.org\/fr\/wp-json\/wp\/v2\/users\/4"}],"replies":[{"embeddable":true,"href":"https:\/\/wncri.org\/fr\/wp-json\/wp\/v2\/comments?post=19637"}],"version-history":[{"count":1,"href":"https:\/\/wncri.org\/fr\/wp-json\/wp\/v2\/posts\/19637\/revisions"}],"predecessor-version":[{"id":19640,"href":"https:\/\/wncri.org\/fr\/wp-json\/wp\/v2\/posts\/19637\/revisions\/19640"}],"wp:featuredmedia":[{"embeddable":true,"href":"https:\/\/wncri.org\/fr\/wp-json\/wp\/v2\/media\/19639"}],"wp:attachment":[{"href":"https:\/\/wncri.org\/fr\/wp-json\/wp\/v2\/media?parent=19637"}],"wp:term":[{"taxonomy":"category","embeddable":true,"href":"https:\/\/wncri.org\/fr\/wp-json\/wp\/v2\/categories?post=19637"},{"taxonomy":"post_tag","embeddable":true,"href":"https:\/\/wncri.org\/fr\/wp-json\/wp\/v2\/tags?post=19637"}],"curies":[{"name":"wp","href":"https:\/\/api.w.org\/{rel}","templated":true}]}}