{"id":19632,"date":"2024-01-24T23:58:00","date_gmt":"2024-01-24T22:58:00","guid":{"rendered":"https:\/\/wncri.org\/fr\/?p=19632"},"modified":"2024-01-25T17:07:02","modified_gmt":"2024-01-25T16:07:02","slug":"feminicide-en-iran","status":"publish","type":"post","link":"https:\/\/wncri.org\/fr\/2024\/01\/24\/feminicide-en-iran\/","title":{"rendered":"Le f\u00e9minicide persiste en Iran : 2 nouvelles femmes en sont les victimes d\u00e9chirantes"},"content":{"rendered":"\n<h2 class=\"wp-block-heading\"><em>2 nouvelles femmes sont victimes de f\u00e9minicide en Iran<\/em><\/h2>\n\n\n\n<p>\u00c0 T\u00e9h\u00e9ran, une femme d&#8217;\u00e2ge moyen a \u00e9t\u00e9 incendi\u00e9e par son mari, puis transf\u00e9r\u00e9e dans un centre m\u00e9dical. Malheureusement, elle a perdu la vie en raison de l&#8217;\u00e9tendue de ses br\u00fblures.<\/p>\n\n\n\n<p>Dans la nuit du jeudi 11 janvier 2024, un homme a mis le feu \u00e0 sa femme de 50 ans, qui est d\u00e9c\u00e9d\u00e9e tragiquement apr\u00e8s une journ\u00e9e d&#8217;hospitalisation.<\/p>\n\n\n\n<p>Selon le quotidien d&#8217;\u00c9tat Etemad, la femme a d\u00e9clar\u00e9 au personnel m\u00e9dical dans ses derni\u00e8res heures : &#8220;Mon mari a arr\u00eat\u00e9 la voiture, en est sorti, s&#8217;est approch\u00e9 de moi et m&#8217;a dit : &#8216;R\u00e9glons nos probl\u00e8mes. Je vais divorcer. J&#8217;ai r\u00e9pondu que je n&#8217;avais aucun probl\u00e8me. Mais il a sorti une bouteille et m&#8217;a asperg\u00e9e d&#8217;un liquide. J&#8217;ai d&#8217;abord cru qu&#8217;il s&#8217;agissait d&#8217;un acide, mais j&#8217;ai senti l&#8217;odeur caract\u00e9ristique de l&#8217;essence. C&#8217;est alors qu&#8217;il m&#8217;a mis le feu&#8221;.<\/p>\n\n\n\n<p>Plusieurs jours apr\u00e8s cet horrible incident, le mari de la femme a \u00e9t\u00e9 arr\u00eat\u00e9 et a avou\u00e9 le meurtre de sa femme.<\/p>\n\n\n\n<p>Un autre incident tragique s&#8217;est produit dans la <a href=\"https:\/\/en.wikipedia.org\/wiki\/Kavar\" target=\"_blank\" rel=\"noreferrer noopener\">ville de Kavar<\/a>, dans la <a href=\"https:\/\/fr.wikipedia.org\/wiki\/Province_du_Fars\" target=\"_blank\" rel=\"noreferrer noopener\">province de Fars<\/a>, dans le sud de l&#8217;Iran. Selon les m\u00e9dias d&#8217;\u00c9tat, une femme de 25 ans a \u00e9t\u00e9 assassin\u00e9e par son mari en raison de diff\u00e9rends familiaux. L&#8217;homme de 35 ans a tu\u00e9 sa femme de 25 ans dans leur r\u00e9sidence commune, utilisant une arme \u00e0 feu pour perp\u00e9trer cet acte odieux. Le meurtrier s&#8217;est ensuite donn\u00e9 la mort avec la m\u00eame arme \u00e0 feu dans un autre lieu.<\/p>\n\n\n\n<p>Le f\u00e9minicide en Iran est la <a href=\"https:\/\/wncri.org\/fr\/2023\/12\/10\/violation-systematique-des-droits-des-femmes\/\" target=\"_blank\" rel=\"noreferrer noopener\">pire forme<\/a> de <a href=\"https:\/\/wncri.org\/fr\/2020\/11\/23\/la-violence-faite-aux-femmes-en-iran-parrainee-et-institutionnalisee-par-letat\/\" target=\"_blank\" rel=\"noreferrer noopener\">violence syst\u00e9matique \u00e0 l&#8217;encontre des femmes<\/a> iraniennes. Il est devenu courant parce que le gouvernement n&#8217;a pas puni de <a href=\"https:\/\/wncri.org\/2023\/12\/07\/preventing-injury-of-women\/\" target=\"_blank\" rel=\"noreferrer noopener\">mani\u00e8re ad\u00e9quate<\/a> les auteurs de ces meurtres.<\/p>\n","protected":false},"excerpt":{"rendered":"<p>2 nouvelles femmes sont victimes de f\u00e9minicide en Iran \u00c0 T\u00e9h\u00e9ran, une femme d&#8217;\u00e2ge moyen a \u00e9t\u00e9 incendi\u00e9e par son mari, puis transf\u00e9r\u00e9e dans un centre m\u00e9dical. Malheureusement, elle a perdu la vie en raison de l&#8217;\u00e9tendue de ses br\u00fblures. Dans la nuit du jeudi 11 janvier 2024, un homme a mis le feu \u00e0 [&hellip;]<\/p>\n","protected":false},"author":4,"featured_media":19633,"comment_status":"closed","ping_status":"closed","sticky":false,"template":"","format":"standard","meta":{"jnews-multi-image_gallery":[],"jnews_single_post":{"subtitle":"","format":"standard","video":"","gallery":"","source_name":"","source_url":"","via_name":"","via_url":"","override_template":"0","override":[{"template":"7","single_blog_custom":"","parallax":"1","fullscreen":"1","layout":"right-sidebar","sidebar":"default-sidebar","second_sidebar":"default-sidebar","sticky_sidebar":"1","share_position":"floatbottom","share_float_style":"share-normal","show_share_counter":"1","show_view_counter":"1","show_featured":"1","show_post_meta":"1","show_post_author":"0","show_post_author_image":"1","show_post_date":"1","post_date_format":"default","post_date_format_custom":"Y\/m\/d","show_post_category":"1","show_post_reading_time":"0","post_reading_time_wpm":"300","show_zoom_button":"0","zoom_button_out_step":"2","zoom_button_in_step":"3","show_post_tag":"1","show_prev_next_post":"0","show_popup_post":"1","number_popup_post":"1","show_author_box":"0","show_post_related":"1","show_inline_post_related":"0"}],"override_image_size":"0","image_override":[{"single_post_thumbnail_size":"crop-500","single_post_gallery_size":"crop-500"}],"trending_post":"0","trending_post_position":"meta","trending_post_label":"Trending","sponsored_post":"0","sponsored_post_label":"Sponsored by","sponsored_post_name":"","sponsored_post_url":"","sponsored_post_logo_enable":"0","sponsored_post_logo":"","sponsored_post_desc":"","disable_ad":"0"},"jnews_primary_category":{"id":"","hide":""},"jnews_social_meta":{"fb_title":"","fb_description":"","fb_image":"","twitter_title":"","twitter_description":"","twitter_image":""},"jnews_override_counter":{"override_view_counter":"0","view_counter_number":"0","override_share_counter":"0","share_counter_number":"0","override_like_counter":"0","like_counter_number":"0","override_dislike_counter":"0","dislike_counter_number":"0"},"footnotes":""},"categories":[3],"tags":[381,376],"class_list":["post-19632","post","type-post","status-publish","format-standard","has-post-thumbnail","hentry","category-infos-des-femmes","tag-crimes-dhonneur","tag-violence-contre-les-femmes"],"_links":{"self":[{"href":"https:\/\/wncri.org\/fr\/wp-json\/wp\/v2\/posts\/19632","targetHints":{"allow":["GET"]}}],"collection":[{"href":"https:\/\/wncri.org\/fr\/wp-json\/wp\/v2\/posts"}],"about":[{"href":"https:\/\/wncri.org\/fr\/wp-json\/wp\/v2\/types\/post"}],"author":[{"embeddable":true,"href":"https:\/\/wncri.org\/fr\/wp-json\/wp\/v2\/users\/4"}],"replies":[{"embeddable":true,"href":"https:\/\/wncri.org\/fr\/wp-json\/wp\/v2\/comments?post=19632"}],"version-history":[{"count":1,"href":"https:\/\/wncri.org\/fr\/wp-json\/wp\/v2\/posts\/19632\/revisions"}],"predecessor-version":[{"id":19634,"href":"https:\/\/wncri.org\/fr\/wp-json\/wp\/v2\/posts\/19632\/revisions\/19634"}],"wp:featuredmedia":[{"embeddable":true,"href":"https:\/\/wncri.org\/fr\/wp-json\/wp\/v2\/media\/19633"}],"wp:attachment":[{"href":"https:\/\/wncri.org\/fr\/wp-json\/wp\/v2\/media?parent=19632"}],"wp:term":[{"taxonomy":"category","embeddable":true,"href":"https:\/\/wncri.org\/fr\/wp-json\/wp\/v2\/categories?post=19632"},{"taxonomy":"post_tag","embeddable":true,"href":"https:\/\/wncri.org\/fr\/wp-json\/wp\/v2\/tags?post=19632"}],"curies":[{"name":"wp","href":"https:\/\/api.w.org\/{rel}","templated":true}]}}